{"id":374410,"date":"2025-09-08T04:19:18","date_gmt":"2025-09-08T04:19:18","guid":{"rendered":"https:\/\/www.europesays.com\/fr\/374410\/"},"modified":"2025-09-08T04:19:18","modified_gmt":"2025-09-08T04:19:18","slug":"trump-menace-la-russie-de-nouvelles-sanctions-apres-lattaque-record-contre-lukraine-actualites","status":"publish","type":"post","link":"https:\/\/www.europesays.com\/fr\/374410\/","title":{"rendered":"Trump menace la Russie de nouvelles sanctions apr\u00e8s l&rsquo;attaque record contre l&rsquo;Ukraine : Actualit\u00e9s"},"content":{"rendered":"<p class=\"lead \">Le pr\u00e9sident am\u00e9ricain Donald Trump s&rsquo;est d\u00e9clar\u00e9 pr\u00eat dimanche \u00e0 imposer de nouvelles sanctions contre la Russie apr\u00e8s une attaque a\u00e9rienne d&rsquo;une ampleur sans pr\u00e9c\u00e9dent contre l&rsquo;Ukraine qui a touch\u00e9 pour la premi\u00e8re fois le si\u00e8ge du gouvernement.<\/p>\n<p class=\"lead \">Interrog\u00e9 \u00e0 la Maison Blanche par un journaliste sur le fait de savoir s&rsquo;il \u00e9tait pr\u00eat \u00e0 lancer une nouvelle phase de sanctions contre la Russie, le pr\u00e9sident am\u00e9ricain a r\u00e9pondu: \u00ab\u00a0Oui, je le suis\u00a0\u00bb.<\/p>\n<p class=\"lead \">\u00ab\u00a0Je ne suis pas content. Je ne suis pas content de la situation dans son ensemble\u00a0\u00bb, a par la suite insist\u00e9 M. Trump aupr\u00e8s de journalistes qui l&rsquo;interrogeaient sur l&rsquo;attaque survenue dimanche matin, ajoutant: \u00ab\u00a0Je ne suis pas ravi de ce qui se passe l\u00e0-bas\u00a0\u00bb.<\/p>\n<p class=\"lead \">Dans la nuit de samedi \u00e0 dimanche, la Russie a tir\u00e9 810 drones et 13 missiles sur l&rsquo;Ukraine, selon l&rsquo;arm\u00e9e de l&rsquo;air ukrainienne. Il s&rsquo;agit de l&rsquo;attaque a\u00e9rienne la plus importante depuis le d\u00e9but de la guerre en f\u00e9vrier 2022.<\/p>\n<p class=\"lead \">Plusieurs autres r\u00e9gions du pays ont \u00e9t\u00e9 touch\u00e9es. Au total, cinq personnes ont \u00e9t\u00e9 tu\u00e9es, dont deux \u00e0 Kiev. Au moins deux autres personnes ont trouv\u00e9 la mort dans des attaques locales s\u00e9par\u00e9es, selon les autorit\u00e9s.<\/p>\n<p class=\"lead \">L&rsquo;attaque contre Kiev a endommag\u00e9 pour la premi\u00e8re fois le b\u00e2timent o\u00f9 si\u00e8ge le gouvernement ukrainien, au coeur de la capitale.<\/p>\n<p class=\"lead \">L&rsquo;arm\u00e9e russe, comme elle le fait g\u00e9n\u00e9ralement, a assur\u00e9 n&rsquo;avoir vis\u00e9 que \u00ab\u00a0des sites du complexe militaro-industriel ukrainien et des infrastructures de transport\u00a0\u00bb.<\/p>\n<p class=\"lead \">Elle a affirm\u00e9 avoir frapp\u00e9 des sites de production de drones et des a\u00e9rodromes militaires dans l&rsquo;est, le sud et le centre de l&rsquo;Ukraine, ainsi que deux entreprises industrielles \u00e0 la p\u00e9riph\u00e9rie de Kiev.<\/p>\n<p class=\"lead \">&#8211; \u00ab\u00a0Crime d\u00e9lib\u00e9r\u00e9\u00a0\u00bb &#8211;<\/p>\n<p class=\"lead \">L&rsquo;Ukraine compte \u00ab\u00a0sur une r\u00e9ponse forte de la part des Etats-Unis\u00a0\u00bb, a soulign\u00e9 sur les r\u00e9seaux sociaux le pr\u00e9sident ukrainien Volodymyr Zelensky. \u00ab\u00a0De tels meurtres aujourd&rsquo;hui, quand la diplomatie r\u00e9elle aurait pu commencer il y a longtemps, sont un crime d\u00e9lib\u00e9r\u00e9 et une prolongation de la guerre\u00a0\u00bb, avait-il auparavant d\u00e9clar\u00e9.<\/p>\n<p class=\"lead \">La Premi\u00e8re ministre ukrainienne, Ioulia Svyrydenko, a dit que \u00ab\u00a0le monde doit r\u00e9pondre \u00e0 cette destruction non seulement par des mots, mais par des actions.\u00a0\u00bb<\/p>\n<p class=\"lead \">\u00ab\u00a0Nous devons renforcer la pression des sanctions, principalement contre le p\u00e9trole et le gaz russes\u00a0\u00bb, a-t-elle plaid\u00e9, r\u00e9clamant \u00e9galement des \u00ab\u00a0armes\u00a0\u00bb.<\/p>\n<p class=\"lead \">Dimanche, le ministre am\u00e9ricain des Finances Scott Bessent a assur\u00e9 que les Etats-Unis \u00e9taient \u00ab\u00a0pr\u00eats \u00e0 faire monter la pression\u00a0\u00bb sur la Russie, appelant les Europ\u00e9ens \u00e0 faire de m\u00eame.<\/p>\n<p class=\"lead \">Donald Trump a notamment menac\u00e9 de s&rsquo;en prendre aux pays qui ach\u00e8tent des hydrocarbures \u00e0 la Russie afin de saper le financement de son effort de guerre, et a d\u00e9j\u00e0 frapp\u00e9 l&rsquo;Inde de surtaxes douani\u00e8res importantes pour ce motif.<\/p>\n<p class=\"lead \">Le pr\u00e9sident am\u00e9ricain est \u00ab\u00a0tr\u00e8s m\u00e9content\u00a0\u00bb des achats de p\u00e9trole russe par des pays de l&rsquo;UE, a par ailleurs affirm\u00e9 Volodymyr Zelensky jeudi.<\/p>\n<p class=\"lead \">\u00ab\u00a0Si les Etats-Unis et l&rsquo;UE peuvent se mettre d&rsquo;accord sur davantage de sanctions, sur des droits de douane sur les pays qui ach\u00e8tent le p\u00e9trole russe, l&rsquo;\u00e9conomie russe va s&rsquo;effondrer. Et cela va mener le pr\u00e9sident Poutine \u00e0 la table des n\u00e9gociations\u00a0\u00bb, a insist\u00e9 Scott Bessent dimanche.<\/p>\n<p class=\"small font-weight-bold text-gray3 \"> publi\u00e9 le 8 septembre \u00e0 05h06, AFP<\/p>\n<p>                             Partager<\/p>\n","protected":false},"excerpt":{"rendered":"Le pr\u00e9sident am\u00e9ricain Donald Trump s&rsquo;est d\u00e9clar\u00e9 pr\u00eat dimanche \u00e0 imposer de nouvelles sanctions contre la Russie apr\u00e8s&hellip;\n","protected":false},"author":2,"featured_media":374411,"comment_status":"","ping_status":"","sticky":false,"template":"","format":"standard","meta":{"footnotes":""},"categories":[1590],"tags":[11,2120,1777,674,12,132,7185,220,308],"class_list":{"0":"post-374410","1":"post","2":"type-post","3":"status-publish","4":"format-standard","5":"has-post-thumbnail","7":"category-ukraine","8":"tag-actualites","9":"tag-conflit","10":"tag-eu","11":"tag-europe","12":"tag-news","13":"tag-russie","14":"tag-sanctions","15":"tag-ukraine","16":"tag-usa"},"share_on_mastodon":{"url":"https:\/\/pubeurope.com\/@fr\/115166757714720252","error":""},"_links":{"self":[{"href":"https:\/\/www.europesays.com\/fr\/wp-json\/wp\/v2\/posts\/374410","targetHints":{"allow":["GET"]}}],"collection":[{"href":"https:\/\/www.europesays.com\/fr\/wp-json\/wp\/v2\/posts"}],"about":[{"href":"https:\/\/www.europesays.com\/fr\/wp-json\/wp\/v2\/types\/post"}],"author":[{"embeddable":true,"href":"https:\/\/www.europesays.com\/fr\/wp-json\/wp\/v2\/users\/2"}],"replies":[{"embeddable":true,"href":"https:\/\/www.europesays.com\/fr\/wp-json\/wp\/v2\/comments?post=374410"}],"version-history":[{"count":0,"href":"https:\/\/www.europesays.com\/fr\/wp-json\/wp\/v2\/posts\/374410\/revisions"}],"wp:featuredmedia":[{"embeddable":true,"href":"https:\/\/www.europesays.com\/fr\/wp-json\/wp\/v2\/media\/374411"}],"wp:attachment":[{"href":"https:\/\/www.europesays.com\/fr\/wp-json\/wp\/v2\/media?parent=374410"}],"wp:term":[{"taxonomy":"category","embeddable":true,"href":"https:\/\/www.europesays.com\/fr\/wp-json\/wp\/v2\/categories?post=374410"},{"taxonomy":"post_tag","embeddable":true,"href":"https:\/\/www.europesays.com\/fr\/wp-json\/wp\/v2\/tags?post=374410"}],"curies":[{"name":"wp","href":"https:\/\/api.w.org\/{rel}","templated":true}]}}