{"id":374412,"date":"2025-09-08T04:20:11","date_gmt":"2025-09-08T04:20:11","guid":{"rendered":"https:\/\/www.europesays.com\/fr\/374412\/"},"modified":"2025-09-08T04:20:11","modified_gmt":"2025-09-08T04:20:11","slug":"donald-trump-siffle-lors-de-la-finale-de-lus-open","status":"publish","type":"post","link":"https:\/\/www.europesays.com\/fr\/374412\/","title":{"rendered":"Donald Trump siffl\u00e9 lors de la finale de l\u2019US Open"},"content":{"rendered":"<p class=\"article-p mdl\">La finale de l\u2019US Open, <strong>remport\u00e9e par Carlos Alcaraz face \u00e0 Jannik Sinner<\/strong>, dimanche 7 septembre, a \u00e9t\u00e9 marqu\u00e9e par la pr\u00e9sence de Donald Trump dans les tribunes de Flushing Meadows et cela n\u2019a pas manqu\u00e9 de faire r\u00e9agir.\u00a0<\/p>\n<p class=\"article-p mdl\">Avant m\u00eame le d\u00e9but du\u00a0<a class=\"link\" href=\"https:\/\/www.rtl.fr\/sport\/autres-sports\/us-open-2025-carlos-alcaraz-domine-jannik-sinner-et-s-offre-un-sixieme-grand-chelem-7900538692\" title=\"US Open 2025 : Carlos Alcaraz domine Jannik Sinner et s&#039;offre un sixi\u00e8me Grand Chelem\" target=\"_blank\" rel=\"noopener\">match<\/a>, sa venue a provoqu\u00e9 la pol\u00e9mique, car les mesures de s\u00e9curit\u00e9 mises en place ont caus\u00e9 <strong>un retard d\u2019environ 30 minutes<\/strong>. Le stade Arthur-Ashe n\u2019\u00e9tait pas encore rempli et les files d\u2019attente ne diminuaient pas face aux contr\u00f4les plus pouss\u00e9s que d\u2019ordinaire.<\/p>\n<p class=\"article-p mdl\">\u00c0 la fin du premier set, le visage du pr\u00e9sident am\u00e9ricain a \u00e9t\u00e9 projet\u00e9 sur les \u00e9crans g\u00e9ants de l\u2019enceinte et cela a engendr\u00e9 <strong>de nombreux sifflets et quelques applaudissements<\/strong>. Selon plusieurs m\u00e9dias am\u00e9ricains, les organisateurs du tournoi ont demand\u00e9 aux diffuseurs TV de la finale de \u00ab\u00a0s&rsquo;abstenir de montrer toute perturbation vis-\u00e0-vis de la pr\u00e9sence du pr\u00e9sident, \u00e0 quelque titre que ce soit\u00a0\u00bb.<\/p>\n<p>    La r\u00e9daction vous recommande<\/p>\n<p class=\"s-newsletter__title\">\n                L\u2019actualit\u00e9 par la r\u00e9daction de RTL dans votre bo\u00eete mail.\n            <\/p>\n<p class=\"s-newsletter__subtitle\">\n                Gr\u00e2ce \u00e0 votre compte RTL abonnez-vous \u00e0 la newsletter RTL info pour suivre toute l&rsquo;actualit\u00e9 au quotidien\n            <\/p>\n<p>\n                                    Lire la suite\n                                <\/p>\n","protected":false},"excerpt":{"rendered":"La finale de l\u2019US Open, remport\u00e9e par Carlos Alcaraz face \u00e0 Jannik Sinner, dimanche 7 septembre, a \u00e9t\u00e9&hellip;\n","protected":false},"author":2,"featured_media":374413,"comment_status":"","ping_status":"","sticky":false,"template":"","format":"standard","meta":{"footnotes":""},"categories":[1589],"tags":[11,3062,75,73,1866,107,14,12,517,1864,1865,1863,308],"class_list":{"0":"post-374412","1":"post","2":"type-post","3":"status-publish","4":"format-standard","5":"has-post-thumbnail","7":"category-etats-unis","8":"tag-actualites","9":"tag-autres-sports","10":"tag-donald-trump","11":"tag-etats-unis","12":"tag-etats-unis-damerique","13":"tag-fil-info","14":"tag-international","15":"tag-news","16":"tag-sport","17":"tag-united-states","18":"tag-united-states-of-america","19":"tag-us","20":"tag-usa"},"share_on_mastodon":{"url":"https:\/\/pubeurope.com\/@fr\/115166761725543428","error":""},"_links":{"self":[{"href":"https:\/\/www.europesays.com\/fr\/wp-json\/wp\/v2\/posts\/374412","targetHints":{"allow":["GET"]}}],"collection":[{"href":"https:\/\/www.europesays.com\/fr\/wp-json\/wp\/v2\/posts"}],"about":[{"href":"https:\/\/www.europesays.com\/fr\/wp-json\/wp\/v2\/types\/post"}],"author":[{"embeddable":true,"href":"https:\/\/www.europesays.com\/fr\/wp-json\/wp\/v2\/users\/2"}],"replies":[{"embeddable":true,"href":"https:\/\/www.europesays.com\/fr\/wp-json\/wp\/v2\/comments?post=374412"}],"version-history":[{"count":0,"href":"https:\/\/www.europesays.com\/fr\/wp-json\/wp\/v2\/posts\/374412\/revisions"}],"wp:featuredmedia":[{"embeddable":true,"href":"https:\/\/www.europesays.com\/fr\/wp-json\/wp\/v2\/media\/374413"}],"wp:attachment":[{"href":"https:\/\/www.europesays.com\/fr\/wp-json\/wp\/v2\/media?parent=374412"}],"wp:term":[{"taxonomy":"category","embeddable":true,"href":"https:\/\/www.europesays.com\/fr\/wp-json\/wp\/v2\/categories?post=374412"},{"taxonomy":"post_tag","embeddable":true,"href":"https:\/\/www.europesays.com\/fr\/wp-json\/wp\/v2\/tags?post=374412"}],"curies":[{"name":"wp","href":"https:\/\/api.w.org\/{rel}","templated":true}]}}