{"id":374430,"date":"2025-09-08T04:33:10","date_gmt":"2025-09-08T04:33:10","guid":{"rendered":"https:\/\/www.europesays.com\/fr\/374430\/"},"modified":"2025-09-08T04:33:10","modified_gmt":"2025-09-08T04:33:10","slug":"motogp-jugement-surprise-en-catalogne-un-pilote-ducati-exclu-en-temps-a-misano","status":"publish","type":"post","link":"https:\/\/www.europesays.com\/fr\/374430\/","title":{"rendered":"MotoGP Jugement surprise en Catalogne, un pilote Ducati exclu en temps \u00e0 Misano !"},"content":{"rendered":"<p>Les sanctions et p\u00e9nalit\u00e9s auront, d\u00e9cid\u00e9ment, \u00e9t\u00e9 nombreuses en Catalogne, pendant ce Grand-Prix MotoGp 2025. D\u00e9j\u00e0 puni d\u2019un long-lap hier, dimanche, en d\u00e9but de course, Franco Morbidelli est ensuite tomb\u00e9 avant de se relever pour marquer des points. Mais l\u2019Italien s\u2019est \u00e0 nouveau fait pi\u00e9ger, avant d\u2019abandonner. C\u2019est \u00e0 ce moment-l\u00e0 que l\u2019int\u00e9ress\u00e9 n\u2019aurait pas respect\u00e9 les consignes des commissaires, apr\u00e8s une discussion dans le bac \u00e0 gravier.<\/p>\n<p>MotoGP : Franco \u00e9cope de la m\u00eame sanction que cella attribuer \u00e0 Fabio, en France<\/p>\n<p>Visiblement, la situation \u00e9tait similaire \u00e0 celle rencontr\u00e9e par <a href=\"https:\/\/lemagsportauto.ouest-france.fr\/tag\/fabio-quartararo\/\" target=\"_blank\" rel=\"noopener nofollow\">Fabio Quartararo<\/a> au Mans, Grand-Prix de France, cette ann\u00e9e. Si bien que, logiquement, le pilote VR46 a \u00e9cop\u00e9 de la m\u00eame sanction, rare, que celle inflig\u00e9e alors au tricolore. Aussi, le pilote italien sera exclu des essais libres 1 du Grand-Prix de San Marin, le week-end prochain, lors des dix premi\u00e8res minutes de roulage. Voici la communication des commissaires \u00e0 ce sujet.<\/p>\n<p>\u201cApr\u00e8s une chute au virage 10, il a \u00e9t\u00e9 constat\u00e9 que vous aviez adopt\u00e9 un comportement irresponsable, en d\u00e9sob\u00e9issant aux instructions directes des commissaires, ce qui a pu cr\u00e9er un danger pour vous-m\u00eame et pour les autres. Cela contrevient aux instructions sp\u00e9cifiques donn\u00e9es aux concurrents et \u00e9quipes de MotoGP, perturbe la s\u00e9ance et est consid\u00e9r\u00e9 comme une conduite irresponsable. Il s\u2019agit donc d\u2019une infraction \u00e0 l\u2019article 1.21.2. <\/p>\n<p>Les pilotes doivent rouler de mani\u00e8re responsable, sans mettre en danger les autres concurrents ou participants et sans obtenir d\u2019avantage injuste, que ce soit sur la piste ou dans la voie des stands. Toute infraction \u00e0 cette r\u00e8gle peut \u00eatre sanctionn\u00e9e par les commissaires FIM MotoGP. Pour ces raisons, le panel des commissaires FIM MotoGP a d\u00e9cid\u00e9 d\u2019imposer une suspension des dix premi\u00e8res minutes de la s\u00e9ance d\u2019Essais Libres 1 du Grand Prix de Saint-Marin 2025, ainsi qu\u2019une amende de 2000 euros.\u201d<\/p>\n<p>Week-end \u00e0 oublier, de mani\u00e8re g\u00e9n\u00e9rale, pour le VR46, Fabio di Giannantonio ayant lui aussi abandonn\u00e9, dimanche, alors qu\u2019il s\u2019\u00e9tait class\u00e9 troisi\u00e8me de l\u2019\u00e9preuve sprint, samedi. Voici d\u2019ailleurs les r\u00e9actions des deux pilotes, au soir du Grand-Prix de Catalogne de MotoGP et \u00e0 quelques jours d\u2019une \u00e9preuve \u00e0 domicile, sur la piste de Misano.<\/p>\n<p>\u00ab Aujourd\u2019hui, j\u2019ai pris un d\u00e9part lent, m\u00eame si j\u2019ai fait les m\u00eames choses qu\u2019hier\u201c, d\u00e9clarait Fabio di Giannantonio, suite au passage du drapeau \u00e0 damier, en Catalogne. J\u2019ai donc perdu quelques positions dans les premiers virages. Puis, il y a eu une r\u00e9action en cha\u00eene suite \u00e0 un contact devant moi. J\u2019ai d\u00fb freiner pour \u00e9viter de percuter le pilote devant, et sans le bon poids \u00e0 l\u2019avant, j\u2019ai chut\u00e9. Heureusement, je vais bien, c\u2019\u00e9tait une chute \u00e0 basse vitesse. Nous avons jou\u00e9 un peu de malchance ces derniers dimanches, alors j\u2019esp\u00e8re passer un week-end tranquille \u00e0 Misano, o\u00f9 nous essaierons de redresser la barre. \u00bb, ajoutait enfin le transalpin.<\/p>\n<blockquote class=\"twitter-tweet\">\n<p dir=\"ltr\" lang=\"en\">TESTA ALTA RAGA \ud83d\ude4f\ud83c\udffb <a href=\"https:\/\/twitter.com\/hashtag\/CatalanGP?src=hash&amp;ref_src=twsrc%5Etfw\" target=\"_blank\" rel=\"noopener nofollow\">#CatalanGP<\/a><\/p>\n<p>It hurts, but it builds us. We\u2019ll return to where we belong \ud83e\udd1c\ud83c\udffb\ud83e\udd1b\ud83c\udffb<a href=\"https:\/\/twitter.com\/hashtag\/PertaminaEnduroVR46RacingTeam?src=hash&amp;ref_src=twsrc%5Etfw\" target=\"_blank\" rel=\"noopener nofollow\">#PertaminaEnduroVR46RacingTeam<\/a> <a href=\"https:\/\/twitter.com\/hashtag\/MotoGP?src=hash&amp;ref_src=twsrc%5Etfw\" target=\"_blank\" rel=\"noopener nofollow\">#MotoGP<\/a> <a href=\"https:\/\/t.co\/ipXegSFFN4\" rel=\"nofollow\">pic.twitter.com\/ipXegSFFN4<\/a><\/p>\n<p>\u2014 Pertamina Enduro VR46 Racing Team (@VR46RacingTeam) <a href=\"https:\/\/twitter.com\/VR46RacingTeam\/status\/1964682875204522194?ref_src=twsrc%5Etfw\" target=\"_blank\" rel=\"noopener nofollow\">September 7, 2025<\/a><\/p>\n<\/blockquote>\n<p>\u00ab Ce fut un week-end tr\u00e8s difficile.\u201d, confirmait Franco Morbidelli, hier soir J\u2019ai eu un d\u00e9part compliqu\u00e9, mais j\u2019avais de bonnes sensations avec la moto. Je revenais fort et je roulais tr\u00e8s vite, plus vite que le groupe de pilotes avec lequel je me battais. Mais au virage 10, j\u2019ai perdu l\u2019avant et je suis tomb\u00e9. Le point positif, c\u2019est que nous avons affich\u00e9 un bon rythme ce week-end et que nous avons fait un excellent travail dans l\u2019ensemble. Cela devrait nous donner confiance pour Misano, o\u00f9 nous esp\u00e9rons faire un bon week-end. \u00bb, concluait le pilote italien, r\u00e9cemment prolong\u00e9 pour ne saison suppl\u00e9mentaire, au sein du VR46.<\/p>\n<p>De son c\u00f4t\u00e9, Pablo Nieto, le Team Manager de la structure de Valentino Rossi, commente globalement la performance de son \u00e9quipe, en tentant de retenir le postif :<\/p>\n<p>\u00ab Je pense que, lors de tout week-end de course, il faut toujours tirer le meilleur parti du positif, et l\u2019un d\u2019eux est d\u2019avoir deux pilotes rapides. C\u2019est tr\u00e8s important. Nous \u00e9tions en deuxi\u00e8me ligne de la grille et, hier, nous avons d\u00e9croch\u00e9 le podium du sprint avec Diggia. Aujourd\u2019hui, Fabio a chut\u00e9 en d\u00e9but de course et Franky a \u00e9cop\u00e9 d\u2019une p\u00e9nalit\u00e9 pour long tour. Avec ce genre de p\u00e9nalit\u00e9, la course est quasiment perdue. Malheureusement, c\u2019est la course, et nous avons vu l\u2019importance des premiers tours. Misano approche, c\u2019est la course \u00e0 domicile de l\u2019\u00e9quipe, et il sera crucial d\u2019y faire bonne figure. \u00bb<\/p>\n<p>Article publi\u00e9 le 08\/09\/2025 \u00e0 5h51<\/p>\n<p>                                                            <script async src=\"https:\/\/platform.twitter.com\/widgets.js\" charset=\"utf-8\"><\/script><\/p>\n","protected":false},"excerpt":{"rendered":"Les sanctions et p\u00e9nalit\u00e9s auront, d\u00e9cid\u00e9ment, \u00e9t\u00e9 nombreuses en Catalogne, pendant ce Grand-Prix MotoGp 2025. D\u00e9j\u00e0 puni d\u2019un&hellip;\n","protected":false},"author":2,"featured_media":374431,"comment_status":"","ping_status":"","sticky":false,"template":"","format":"standard","meta":{"footnotes":""},"categories":[1413],"tags":[4266,1011,27,1457,1456,1458,60],"class_list":{"0":"post-374430","1":"post","2":"type-post","3":"status-publish","4":"format-standard","5":"has-post-thumbnail","7":"category-moto","8":"tag-ducati","9":"tag-fr","10":"tag-france","11":"tag-moto","12":"tag-motocycle","13":"tag-motogp","14":"tag-sports"},"share_on_mastodon":{"url":"https:\/\/pubeurope.com\/@fr\/115166812941819793","error":""},"_links":{"self":[{"href":"https:\/\/www.europesays.com\/fr\/wp-json\/wp\/v2\/posts\/374430","targetHints":{"allow":["GET"]}}],"collection":[{"href":"https:\/\/www.europesays.com\/fr\/wp-json\/wp\/v2\/posts"}],"about":[{"href":"https:\/\/www.europesays.com\/fr\/wp-json\/wp\/v2\/types\/post"}],"author":[{"embeddable":true,"href":"https:\/\/www.europesays.com\/fr\/wp-json\/wp\/v2\/users\/2"}],"replies":[{"embeddable":true,"href":"https:\/\/www.europesays.com\/fr\/wp-json\/wp\/v2\/comments?post=374430"}],"version-history":[{"count":0,"href":"https:\/\/www.europesays.com\/fr\/wp-json\/wp\/v2\/posts\/374430\/revisions"}],"wp:featuredmedia":[{"embeddable":true,"href":"https:\/\/www.europesays.com\/fr\/wp-json\/wp\/v2\/media\/374431"}],"wp:attachment":[{"href":"https:\/\/www.europesays.com\/fr\/wp-json\/wp\/v2\/media?parent=374430"}],"wp:term":[{"taxonomy":"category","embeddable":true,"href":"https:\/\/www.europesays.com\/fr\/wp-json\/wp\/v2\/categories?post=374430"},{"taxonomy":"post_tag","embeddable":true,"href":"https:\/\/www.europesays.com\/fr\/wp-json\/wp\/v2\/tags?post=374430"}],"curies":[{"name":"wp","href":"https:\/\/api.w.org\/{rel}","templated":true}]}}