{"id":374438,"date":"2025-09-08T04:37:20","date_gmt":"2025-09-08T04:37:20","guid":{"rendered":"https:\/\/www.europesays.com\/fr\/374438\/"},"modified":"2025-09-08T04:37:20","modified_gmt":"2025-09-08T04:37:20","slug":"une-plainte-deposee-il-ne-laisse-pas-pa","status":"publish","type":"post","link":"https:\/\/www.europesays.com\/fr\/374438\/","title":{"rendered":"une plainte d\u00e9pos\u00e9e, il ne laisse pas pa &#8230;"},"content":{"rendered":"<p>EN BREF<\/p>\n<ul class=\"bloc_resume_post_list\">\n<li>Une vid\u00e9o film\u00e9e en cachette montre Patrick Cohen et<br \/>\nThomas Legrand discutant de Rachida Dati, relan\u00e7ant les accusations<br \/>\nde parti pris m\u00e9diatique<\/li>\n<li>Patrick Cohen d\u00e9nonce un \u00ab vol de conversation priv\u00e9e \u00bb<br \/>\net annonce le d\u00e9p\u00f4t d\u2019une plainte, visant aussi ceux qui ont relay\u00e9<br \/>\nla s\u00e9quence.<\/li>\n<li>Le journaliste pr\u00e9cise que ce rendez-vous avait \u00e9t\u00e9<br \/>\norganis\u00e9 par la direction du PS, insatisfaite du traitement<br \/>\nm\u00e9diatique de son parti.<\/li>\n<\/ul>\n<p>La rentr\u00e9e commence mal <a href=\"https:\/\/www.telestar.fr\/actu_tv\/c-a-vous-patrick-cohen-vise-par-un-depute-mediatique-apres-ses-propos-voles-sur-rachida-dati-1737285\" target=\"_blank\" rel=\"noopener\"><br \/>\npour Patrick Cohen<\/a>. Pourtant, <a href=\"https:\/\/www.telestar.fr\/actu_tv\/lea-salame-au-20h-de-france-2-le-grand-perdant-cest-patrick-cohen-1728509\" target=\"_blank\" rel=\"noopener\"><br \/>\nle chroniqueur et journaliste<\/a> ne va pas rester les bras<br \/>\ncrois\u00e9s, face \u00e0 la pol\u00e9mique dont il fait l\u2019objet depuis plusieurs<br \/>\njours. Tout remonte au mois de juillet, o\u00f9, alors que certains<br \/>\n\u00e9taient \u00e0 la plage, il \u00e9tait dans un bistrot parisien, plus<br \/>\npr\u00e9cis\u00e9ment le Coucou, situ\u00e9 dans le 7\u1d49 arrondissement de la<br \/>\ncapitale. Celui qui intervient <a href=\"https:\/\/www.telestar.fr\/actu_tv\/c-a-vous-malaise-en-plateau-patrick-cohen-fait-une-terrible-coquille-face-a-lun-de-ses-invites-1728718\" target=\"_blank\" rel=\"noopener\"><br \/>\nsur C \u00e0 Vous<\/a> et France Inter \u00e9tait\u00a0accompagn\u00e9 du<br \/>\njournaliste Thomas Legrand et de Pierre Jouvet et Luc Broussy, qui<br \/>\noccupent les fonctions de secr\u00e9taire g\u00e9n\u00e9ral et pr\u00e9sident du<br \/>\nconseil national du PS.<\/p>\n<p>Deux mois plus tard, le vendredi 7 septembre, une vid\u00e9o film\u00e9e \u00e0<br \/>\nleur insu a fait surface. Diffus\u00e9e dans le magazine L\u00a0\u00bbIncorrect, on<br \/>\nvoit et entend le quatuor parler de la pr\u00e9sidentielle 2027 et du<br \/>\ntraitement m\u00e9diatique de certaines personnalit\u00e9s politiques. Thomas<br \/>\nLegrand, qui travaille chez France Inter, a dit :<br \/>\n\u201c<strong>Nous, on fait ce qu\u2019il faut pour (Rachida) Dati,<br \/>\nPatrick (Cohen) et moi<\/strong>\u201d. Une vid\u00e9o lourde de<br \/>\ncons\u00e9quences, \u00e0 laquelle Patrick Cohen r\u00e9plique.<\/p>\n<p>Patrick Cohen r\u00e9plique apr\u00e8s la diffusion d\u2019une vid\u00e9o<br \/>\ncompromettante<\/p>\n<p>Depuis la diffusion de cette vid\u00e9o, <a href=\"https:\/\/www.telestar.fr\/actu_tv\/clash-rachida-dati-patrick-cohen-chez-jean-jacques-bourdin-elle-en-remet-une-couche-1729178\" target=\"_blank\" rel=\"noopener\"><br \/>\nPatrick Cohen est dans la tourmente,<\/a> puisque la discussion<br \/>\nr\u00e9v\u00e9l\u00e9e au grand public laisse penser que lui et son confr\u00e8re<br \/>\nauraient un parti pris pour Rachida Dati, actuellement ministre de<br \/>\nla Culture et de la Sant\u00e9. Malgr\u00e9 sa participation active \u00e0 la<br \/>\nconversation, Patrick Cohen sera bel et bien \u00e0 l\u2019antenne d\u00e8s le<br \/>\nlundi 8 septembre.<\/p>\n<p>Pourtant, il compte bien r\u00e9pliquer. Contact\u00e9 par la <a href=\"https:\/\/www.latribune.fr\/la-tribune-dimanche\/societe\/polemique-a-france-inter-il-y-a-une-plainte-qui-va-etre-deposee-patrick-cohen-invoque-le-droit-a-la-vie-privee-1032011.html\" target=\"_blank\" rel=\"nofollow noopener\">Tribune du<br \/>\nDimanche<\/a>, il ne cache pas son d\u00e9sarroi : \u201cTous les<br \/>\ncoups sont permis, c\u2019est hallucinant\u201d, commence-t-il. Il<br \/>\nconsid\u00e8re la publication de cette vid\u00e9o comme \u201cun vol de<br \/>\nconversation priv\u00e9e\u201d. Et il compte bien agir : \u201c<strong>Il<br \/>\ny a une plainte qui va \u00eatre d\u00e9pos\u00e9e.<\/strong> Nous sommes<br \/>\nd\u2019ailleurs en train de regarder si on peut l\u2019\u00e9tendre \u00e0 tous ceux<br \/>\nqui ont repris et diffus\u00e9 cette vid\u00e9o\u201d, affirme-t-il.<\/p>\n<p>Patrick Cohen donne des pr\u00e9cisions sur<br \/>\nson rendez-vous film\u00e9<\/p>\n<p>De plus, le chroniqueur d\u2019Anne-Elisabeth Lemoine tient \u00e0<br \/>\napporter certaines pr\u00e9cisions : \u201cL\u2019Incorrect s\u2019est bien gard\u00e9<br \/>\nde pr\u00e9ciser que ce rendez-vous a eu lieu \u00e0 l\u2019initiative de la<br \/>\ndirection du PS, qui se plaignait du traitement n\u00e9gatif du parti,<br \/>\net d\u2019Olivier Faure sur l\u2019antenne de France Inter et de mes \u00e9ditos<br \/>\nen particulier\u201d, poursuit celui qui s\u2019est d\u2019ailleur<a href=\"https:\/\/www.telestar.fr\/actu_tv\/c-a-vous-apres-le-clash-avec-patrick-cohen-la-guerre-est-declaree-pour-rachida-dati-1727881\" target=\"_blank\" rel=\"noopener\">s<br \/>\nclash\u00e9 avec la ministre de la Culture, lors de son passage sur C \u00e0<br \/>\nVous.<\/a><\/p>\n<p>De son c\u00f4t\u00e9<strong>, Thomas Legrand est suspendu par France<br \/>\nInter.<\/strong><\/p>\n","protected":false},"excerpt":{"rendered":"EN BREF Une vid\u00e9o film\u00e9e en cachette montre Patrick Cohen et Thomas Legrand discutant de Rachida Dati, relan\u00e7ant&hellip;\n","protected":false},"author":2,"featured_media":374439,"comment_status":"","ping_status":"","sticky":false,"template":"","format":"standard","meta":{"footnotes":""},"categories":[1359],"tags":[548,58,59,1011,27,13960,973],"class_list":{"0":"post-374438","1":"post","2":"type-post","3":"status-publish","4":"format-standard","5":"has-post-thumbnail","7":"category-people","8":"tag-article-simple","9":"tag-divertissement","10":"tag-entertainment","11":"tag-fr","12":"tag-france","13":"tag-patrick-cohen","14":"tag-people"},"share_on_mastodon":{"url":"https:\/\/pubeurope.com\/@fr\/115166828460018811","error":""},"_links":{"self":[{"href":"https:\/\/www.europesays.com\/fr\/wp-json\/wp\/v2\/posts\/374438","targetHints":{"allow":["GET"]}}],"collection":[{"href":"https:\/\/www.europesays.com\/fr\/wp-json\/wp\/v2\/posts"}],"about":[{"href":"https:\/\/www.europesays.com\/fr\/wp-json\/wp\/v2\/types\/post"}],"author":[{"embeddable":true,"href":"https:\/\/www.europesays.com\/fr\/wp-json\/wp\/v2\/users\/2"}],"replies":[{"embeddable":true,"href":"https:\/\/www.europesays.com\/fr\/wp-json\/wp\/v2\/comments?post=374438"}],"version-history":[{"count":0,"href":"https:\/\/www.europesays.com\/fr\/wp-json\/wp\/v2\/posts\/374438\/revisions"}],"wp:featuredmedia":[{"embeddable":true,"href":"https:\/\/www.europesays.com\/fr\/wp-json\/wp\/v2\/media\/374439"}],"wp:attachment":[{"href":"https:\/\/www.europesays.com\/fr\/wp-json\/wp\/v2\/media?parent=374438"}],"wp:term":[{"taxonomy":"category","embeddable":true,"href":"https:\/\/www.europesays.com\/fr\/wp-json\/wp\/v2\/categories?post=374438"},{"taxonomy":"post_tag","embeddable":true,"href":"https:\/\/www.europesays.com\/fr\/wp-json\/wp\/v2\/tags?post=374438"}],"curies":[{"name":"wp","href":"https:\/\/api.w.org\/{rel}","templated":true}]}}