{"id":37444,"date":"2025-04-19T22:22:13","date_gmt":"2025-04-19T22:22:13","guid":{"rendered":"https:\/\/www.europesays.com\/fr\/37444\/"},"modified":"2025-04-19T22:22:13","modified_gmt":"2025-04-19T22:22:13","slug":"greve-des-eboueurs-de-saint-etienne-apres-un-bras-de-fer-de-dix-jours-la-victoire","status":"publish","type":"post","link":"https:\/\/www.europesays.com\/fr\/37444\/","title":{"rendered":"Gr\u00e8ve des \u00e9boueurs de Saint-Etienne\u00a0: apr\u00e8s un bras de fer de dix jours, la victoire\u00a0?"},"content":{"rendered":"<p>La nouvelle est tomb\u00e9e jeudi 17\u00a0avril pendant un rassemblement devant le si\u00e8ge de Saint-Etienne M\u00e9tropole, o\u00f9 se tenait un bureau des maires. Contre toute attente, <a href=\"https:\/\/www.humanite.fr\/social-et-economie\/cgt\/deux-agents-ont-ete-piques-par-des-seringues-usagees-la-colere-des-eboueurs-de-saint-etienne-en-greve-depuis-deux-semaines\" data-type=\"link\" data-id=\"https:\/\/www.humanite.fr\/social-et-economie\/cgt\/deux-agents-ont-ete-piques-par-des-seringues-usagees-la-colere-des-eboueurs-de-saint-etienne-en-greve-depuis-deux-semaines\" target=\"_blank\" rel=\"noopener\">les \u00e9boueurs de la collectivit\u00e9<\/a>, venus rappeler leur \u00ab\u00a0d\u00e9termination sans faille apr\u00e8s 10 jours de gr\u00e8ve\u00a0\u00bb, prennent alors connaissance d\u2019un communiqu\u00e9 publi\u00e9 par le maire de Saint-\u00c9tienne, Ga\u00ebl Perdriau, o\u00f9 il formulerait, selon la CGT, \u00ab\u00a0des solutions de sortie de conflit qui tendent aujourd\u2019hui \u00e0 se rapprocher des revendications\u00a0\u00bb des agents.<\/p>\n<p>Les repr\u00e9sentants syndicaux sont par ailleurs re\u00e7us ce vendredi 18\u00a0avril par la premi\u00e8re vice-pr\u00e9sidente de la m\u00e9tropole, Sylvie Fayolle. Des gestes qui d\u00e9notent une ouverture certaine, selon la CGT, apr\u00e8s plusieurs jours de d\u00e9ni face \u00e0 l\u2019ampleur de ce mouvement, suivi par pr\u00e8s de 95\u00a0% des agents.<\/p>\n<p>D\u00e9termination des \u00e9boueurs<\/p>\n<p>Apr\u00e8s une nouvelle r\u00e9union infructueuse en d\u00e9but de semaine, les n\u00e9gociations semblaient jeudi encore dans l\u2019impasse. Le tout sur fond de paralysie politique au sein de la collectivit\u00e9, o\u00f9 l\u2019ex\u00e9cutif semble t\u00e9tanis\u00e9 par le proc\u00e8s \u00e0 venir de son pr\u00e9sident, Ga\u00ebl Perdriau (LR), en retrait de ses fonctions apr\u00e8s sa mise en cause\u00a0<a href=\"https:\/\/www.humanite.fr\/politique\/saint-etienne\/saint-etienne-gael-perdriau-dechu-de-ses-fonctions-a-la-metropole-774206\" target=\"_blank\" rel=\"noreferrer noopener\">dans une affaire de chantage \u00e0 la sextape<\/a>, en 2022.<\/p>\n<p>La situation devenait cependant intenable pour l\u2019ex\u00e9cutif m\u00e9tropolitain, confront\u00e9 \u00e0 la col\u00e8re des habitants face \u00e0 l\u2019amoncellement des d\u00e9tritus dans les rues, mais aussi \u00e0 la d\u00e9termination des \u00e9boueurs \u00e0 poursuivre leur lutte jusqu\u2019\u00e0 obtenir gain de cause. Selon Micha\u00ebl Chambas, d\u00e9l\u00e9gu\u00e9 CGT, cette gr\u00e8ve ne pourra cesser tant que les revendications des \u00e9boueurs n\u2019auront pas \u00e9t\u00e9 entendues.<\/p>\n<p>\u00c0 savoir, une reconnaissance de la\u00a0<a href=\"https:\/\/www.humanite.fr\/social-et-economie\/conditions-de-travail\/en-termes-de-penibilite-au-travail-tous-les-indicateurs-sont-au-rouge-798389\" target=\"_blank\" rel=\"noreferrer noopener\">p\u00e9nibilit\u00e9 accrue de leur travail<\/a>, \u00e0 travers une revalorisation de la prime \u00ab\u00a0travaux dangereux et insalubre\u00a0\u00bb \u00e0 120\u00a0euros (contre 75\u00a0euros actuellement), l\u2019octroi de moyens techniques pour assurer la protection des agents, avec la mise \u00e0 disposition de bacs en nombre suffisant et, quand la configuration des rues ne le permet pas, \u00ab\u00a0que soit revue la fr\u00e9quence de collecte de ces zones car on ne peut pas faire ramasser aux agents un nombre de sacs ind\u00e9finis par jour\u00a0\u00bb.<\/p>\n<p>Aux c\u00f4t\u00e9s de celles et ceux qui luttent\u00a0!<\/p>\n<p>L\u2019urgence sociale, c\u2019est chaque jour la priorit\u00e9 de l\u2019Humanit\u00e9.<\/p>\n<ul class=\"wp-block-list\">\n<li>En exposant la violence patronale.<\/li>\n<li>En montrant ce que vivent celles et ceux qui travaillent et ceux qui aspirent \u00e0 le faire.<\/li>\n<li>En donnant des cl\u00e9s de compr\u00e9hension et des outils aux salari\u00e9.es pour se d\u00e9fendre contre les politiques ultralib\u00e9rales qui d\u00e9gradent leur qualit\u00e9 de vie.<\/li>\n<\/ul>\n<p>Vous connaissez d\u2019autres m\u00e9dias qui font \u00e7a\u00a0? Soutenez-nous\u00a0!<br \/><a href=\"https:\/\/www.humanite.fr\/lhumanite-cest-vous\" target=\"_blank\" rel=\"noopener\">Je veux en savoir plus.<\/a><\/p>\n","protected":false},"excerpt":{"rendered":"La nouvelle est tomb\u00e9e jeudi 17\u00a0avril pendant un rassemblement devant le si\u00e8ge de Saint-Etienne M\u00e9tropole, o\u00f9 se tenait&hellip;\n","protected":false},"author":2,"featured_media":37445,"comment_status":"","ping_status":"","sticky":false,"template":"","format":"standard","meta":{"footnotes":""},"categories":[9653],"tags":[1111,11,2430,1271,1777,674,1011,27,11611,12,25,4001,11920,11919],"class_list":{"0":"post-37444","1":"post","2":"type-post","3":"status-publish","4":"format-standard","5":"has-post-thumbnail","7":"category-saint-etienne","8":"tag-actu","9":"tag-actualites","10":"tag-auvergne-rhone-alpes","11":"tag-cgt","12":"tag-eu","13":"tag-europe","14":"tag-fr","15":"tag-france","16":"tag-gru00e8ves","17":"tag-news","18":"tag-republique-francaise","19":"tag-saint-etienne","20":"tag-saint-u00e9tienne","21":"tag-u00e9boueurs"},"share_on_mastodon":{"url":"https:\/\/pubeurope.com\/@fr\/114366968150559117","error":""},"_links":{"self":[{"href":"https:\/\/www.europesays.com\/fr\/wp-json\/wp\/v2\/posts\/37444","targetHints":{"allow":["GET"]}}],"collection":[{"href":"https:\/\/www.europesays.com\/fr\/wp-json\/wp\/v2\/posts"}],"about":[{"href":"https:\/\/www.europesays.com\/fr\/wp-json\/wp\/v2\/types\/post"}],"author":[{"embeddable":true,"href":"https:\/\/www.europesays.com\/fr\/wp-json\/wp\/v2\/users\/2"}],"replies":[{"embeddable":true,"href":"https:\/\/www.europesays.com\/fr\/wp-json\/wp\/v2\/comments?post=37444"}],"version-history":[{"count":0,"href":"https:\/\/www.europesays.com\/fr\/wp-json\/wp\/v2\/posts\/37444\/revisions"}],"wp:featuredmedia":[{"embeddable":true,"href":"https:\/\/www.europesays.com\/fr\/wp-json\/wp\/v2\/media\/37445"}],"wp:attachment":[{"href":"https:\/\/www.europesays.com\/fr\/wp-json\/wp\/v2\/media?parent=37444"}],"wp:term":[{"taxonomy":"category","embeddable":true,"href":"https:\/\/www.europesays.com\/fr\/wp-json\/wp\/v2\/categories?post=37444"},{"taxonomy":"post_tag","embeddable":true,"href":"https:\/\/www.europesays.com\/fr\/wp-json\/wp\/v2\/tags?post=37444"}],"curies":[{"name":"wp","href":"https:\/\/api.w.org\/{rel}","templated":true}]}}