{"id":374442,"date":"2025-09-08T04:40:18","date_gmt":"2025-09-08T04:40:18","guid":{"rendered":"https:\/\/www.europesays.com\/fr\/374442\/"},"modified":"2025-09-08T04:40:18","modified_gmt":"2025-09-08T04:40:18","slug":"quel-bilan-pour-le-premier-week-end-de-mohamed-bouhafsi-a-la-tete-de-c-a-vous","status":"publish","type":"post","link":"https:\/\/www.europesays.com\/fr\/374442\/","title":{"rendered":"quel bilan pour le premier week-end de Mohamed Bouhafsi \u00e0 la t\u00eate de \u00abC \u00e0 Vous\u00bb ?"},"content":{"rendered":"<p>    Mohamed Bouhafsi \u00e0 la t\u00eate de \u00abC \u00e0 Vous\u00bb samedi 6 septembre 2025.<br \/>\n                Capture d&rsquo;\u00e9cran \/ France 5<\/p>\n<p><strong>D\u00c9CRYPTAGE <\/strong>&#8211; Le chroniqueur d\u2019Anne-\u00c9lisabeth Lemoine faisait ses premiers pas \u00e0 la t\u00eate de la version week-end du talk-show de France 5. L\u2019accueil est mitig\u00e9.<\/p>\n<p class=\"fig-paragraph\"><a href=\"http:\/\/tvmag.lefigaro.fr\/programme-tv\/actu-tele\/je-vous-trouve-gonfle-mohamed-bouhafsi-malmene-en-direct-par-francois-bayrou-dans-c-a-vous-20250906\" target=\"_blank\" data-fig-type=\"Article\" rel=\"noopener nofollow\" data-gtm-custom-categorie=\"navigation\" data-gtm-custom-action=\"crossclick\" data-gtm-custom-label=\"Contextuel\" data-gtm-event=\"customEventSPE\" data-fig-domain=\"TVMAG\">Malmen\u00e9 par un Fran\u00e7ois Bayrou<\/a>\u00a0tr\u00e8s en forme samedi soir,\u00a0<a href=\"http:\/\/tvmag.lefigaro.fr\/programme-tv\/people\/mohamed-bouhafsi-admis-aux-urgences-quelques-jours-avant-sa-rentree-sur-france-5-20250826\" target=\"_blank\" data-fig-type=\"Article\" rel=\"noopener nofollow\" data-gtm-custom-categorie=\"navigation\" data-gtm-custom-action=\"crossclick\" data-gtm-custom-label=\"Contextuel\" data-gtm-event=\"customEventSPE\" data-fig-domain=\"TVMAG\"><strong>Mohamed Bouhafsi<\/strong>\u00a0<\/a>se souviendra longtemps de son premier week-end \u00e0 la t\u00eate de \u00abC \u00e0 Vous\u00bb. Exit \u00abC l\u2019hebdo\u00bb, port\u00e9 par\u00a0<a href=\"http:\/\/tvmag.lefigaro.fr\/programme-tv\/actu-tele\/aurelie-casse-quitte-bfmtv-et-remplace-ali-baddou-aux-commandes-de-c-l-hebdo-sur-france-5-20230620\" target=\"_blank\" data-fig-type=\"Article\" rel=\"noopener nofollow\" data-gtm-custom-categorie=\"navigation\" data-gtm-custom-action=\"crossclick\" data-gtm-custom-label=\"Contextuel\" data-gtm-event=\"customEventSPE\" data-fig-domain=\"TVMAG\">Ali Baddou<\/a>\u00a0puis\u00a0<a href=\"http:\/\/tvmag.lefigaro.fr\/programme-tv\/actu-tele\/aurelie-casse-reste-finalement-sur-france-televisions-et-animera-c-dans-l-air-le-week-end-20250707\" target=\"_blank\" data-fig-type=\"Article\" rel=\"noopener nofollow\" data-gtm-custom-categorie=\"navigation\" data-gtm-custom-action=\"crossclick\" data-gtm-custom-label=\"Contextuel\" data-gtm-event=\"customEventSPE\" data-fig-domain=\"TVMAG\">Aur\u00e9lie Casse<\/a>\u00a0les deux derni\u00e8res saisons, place d\u00e9sormais \u00e0 \u00abC \u00e0 Vous\u00bb jusqu\u2019\u00e0 samedi, avec le chroniqueur et patron de Troisi\u00e8me \u0152il \u00e0 la pr\u00e9sentation, les deux derniers jours de la semaine (vendredi et samedi), pour remplacer\u00a0<a href=\"http:\/\/tvmag.lefigaro.fr\/programme-tv\/actu-tele\/anne-elisabeth-lemoine-cede-sa-place-a-mohamed-bouhafsi-dans-c-a-vous-20250704\" target=\"_blank\" data-fig-type=\"Article\" rel=\"noopener nofollow\" data-gtm-custom-categorie=\"navigation\" data-gtm-custom-action=\"crossclick\" data-gtm-custom-label=\"Contextuel\" data-gtm-event=\"customEventSPE\" data-fig-domain=\"TVMAG\">Anne-\u00c9lisabeth Lemoine<\/a>.<\/p>\n<p class=\"fig-paragraph\">\u00c0 sa table, le journaliste politique\u00a0<a href=\"http:\/\/www.lefigaro.fr\/medias\/france-inter-yael-goosz-quitte-la-tete-du-service-politique-20240903\" target=\"_blank\" data-fig-type=\"NewsFlash\" rel=\"noopener nofollow\" data-gtm-custom-categorie=\"navigation\" data-gtm-custom-action=\"crossclick\" data-gtm-custom-label=\"Contextuel\" data-gtm-event=\"customEventSPE\" data-fig-domain=\"LEFIGARO\">Ya\u00ebl Goosz<\/a>,\u00a0<a href=\"http:\/\/tvmag.lefigaro.fr\/programme-tv\/actu-tele\/sophie-revait-d-etre-avec-nous-eglantine-emeye-se-trompe-de-prenom-en-presentant-virginie-hocq-20240131\" target=\"_blank\" data-fig-type=\"Article\" rel=\"noopener nofollow\" data-gtm-custom-categorie=\"navigation\" data-gtm-custom-action=\"crossclick\" data-gtm-custom-label=\"Contextuel\" data-gtm-event=\"customEventSPE\" data-fig-domain=\"TVMAG\">\u00c9glantine \u00c9m\u00e9y\u00e9<\/a>,\u00a0<a href=\"http:\/\/tvmag.lefigaro.fr\/programme-tv\/actu-tele\/marc-olivier-fogiel-rejoint-la-matinale-de-rtl-amandine-begot-recupere-rtl-midi-20250519\" target=\"_blank\" data-fig-type=\"Article\" rel=\"noopener nofollow\" data-gtm-custom-categorie=\"navigation\" data-gtm-custom-action=\"crossclick\" data-gtm-custom-label=\"Contextuel\" data-gtm-event=\"customEventSPE\" data-fig-domain=\"TVMAG\">Amandine B\u00e9got<\/a>\u00a0et\u00a0<a href=\"http:\/\/tvmag.lefigaro.fr\/programme-tv\/actu-tele\/paul-larrouturou-quitte-tf1-pour-rejoindre-franceinfo-et-reprendre-l-interview-politique-de-8h30-20250618\" target=\"_blank\" data-fig-type=\"Article\" rel=\"noopener nofollow\" data-gtm-custom-categorie=\"navigation\" data-gtm-custom-action=\"crossclick\" data-gtm-custom-label=\"Contextuel\" data-gtm-event=\"customEventSPE\" data-fig-domain=\"TVMAG\">Paul Larrouturou<\/a>\u00a0succ\u00e8dent \u00e0\u00a0<a href=\"http:\/\/tvmag.lefigaro.fr\/programme-tv\/actu-tele\/on-fait-ce-qu-il-faut-pour-dati-une-video-compromettante-avec-patrick-cohen-et-thomas-legrand-france-inter-suspend-l-un-des-journalistes-20250906\" target=\"_blank\" data-fig-type=\"Article\" rel=\"noopener nofollow\" data-gtm-custom-categorie=\"navigation\" data-gtm-custom-action=\"crossclick\" data-gtm-custom-label=\"Contextuel\" data-gtm-event=\"customEventSPE\" data-fig-domain=\"TVMAG\">Patrick Cohen<\/a>,\u00a0<a href=\"http:\/\/tvmag.lefigaro.fr\/programme-tv\/audiences-tv\/audiences-quel-score-pour-emilie-tran-nguyen-et-son-documentaire-je-ne-suis-pas-une-chinetoque-sur-france-5-20240205\" target=\"_blank\" data-fig-type=\"Article\" rel=\"noopener nofollow\" data-gtm-custom-categorie=\"navigation\" data-gtm-custom-action=\"crossclick\" data-gtm-custom-label=\"Contextuel\" data-gtm-event=\"customEventSPE\" data-fig-domain=\"TVMAG\">\u00c9milie Tran Nguyen<\/a>,\u00a0<a href=\"http:\/\/tvmag.lefigaro.fr\/programme-tv\/actu-tele\/des-reactions-outrancieres-pierre-lescure-retropedale-et-renonce-finalement-a-rejoindre-sud-radio-20250904\" target=\"_blank\" data-fig-type=\"Article\" rel=\"noopener nofollow\" data-gtm-custom-categorie=\"navigation\" data-gtm-custom-action=\"crossclick\" data-gtm-custom-label=\"Contextuel\" data-gtm-event=\"customEventSPE\" data-fig-domain=\"TVMAG\">Pierre Lescure<\/a>\u00a0ou encore\u00a0<a href=\"http:\/\/tvmag.lefigaro.fr\/programme-tv\/actu-tele\/vous-avez-denature-mes-propos-monsieur-eric-dupond-moretti-recadre-fermement-le-journaliste-lorrain-senechal-dans-c-a-vous-20241212\" target=\"_blank\" data-fig-type=\"Article\" rel=\"noopener nofollow\" data-gtm-custom-categorie=\"navigation\" data-gtm-custom-action=\"crossclick\" data-gtm-custom-label=\"Contextuel\" data-gtm-event=\"customEventSPE\" data-fig-domain=\"TVMAG\">Lorrain S\u00e9n\u00e9chal<\/a>, habitu\u00e9s du lundi au jeudi. Sans oublier un chef en cuisine pour pr\u00e9parer le d\u00eener. Quid des audiences\u00a0? Mohamed Bouhafsi a-t-il r\u00e9ussi son arriv\u00e9e\u00a0?<\/p>\n<p class=\"fig-body-link\">\n            \u00c0 lire aussi<br \/>\n        <a class=\"fig-body-link__link\" href=\"http:\/\/tvmag.lefigaro.fr\/programme-tv\/actu-tele\/je-vous-trouve-gonfle-mohamed-bouhafsi-malmene-en-direct-par-francois-bayrou-dans-c-a-vous-20250906\" target=\"_blank\" data-fig-type=\"Article\" rel=\"noopener nofollow\" data-gtm-custom-categorie=\"navigation\" data-gtm-custom-action=\"crossclick\" data-gtm-custom-label=\"Contextuel\" data-gtm-event=\"customEventSPE\" data-fig-domain=\"TVMAG\">\u00abJe vous trouve gonfl\u00e9\u00bb\u00a0: Mohamed Bouhafsi malmen\u00e9 en direct par Fran\u00e7ois Bayrou dans \u00abC \u00e0 vous\u00bb<br \/>\n    <\/a>\n<\/p>\n<p>                                    <a class=\"fig-a11y-skip a11y-hidden\" href=\"#fig-a11y-skip-main-inarticle\"><br \/>\n        Passer la publicit\u00e9<br \/>\n    <\/a><\/p>\n<p class=\"fig-paragraph\">Vendredi soir, environ 572.000 personnes ont suivi la premi\u00e8re partie diffus\u00e9e entre 20 heures et 20 h 40 (soit 3,6% du public). Ils seront 674.000 (3,8% de PDA) jusqu\u2019\u00e0 21 heures. Des scores assez faibles, la cha\u00eene est battue, entre 20 et 21 heures, par ses principaux concurrents \u00abQuotidien\u00bb sur TMC, \u00abTout beau tout n9uf\u00bb sur W9 et \u00ab28 minutes\u00bb sur Arte.<\/p>\n<p>Scores d\u00e9cevants<\/p>\n<p class=\"fig-paragraph\">Le lendemain, l\u2019interview du premier ministre n\u2019a pas boost\u00e9 les audiences\u00a0: 608.000 (5,6% de part d\u2019audience) t\u00e9l\u00e9spectateurs comptabilis\u00e9s, entre 19 heures et 19 h 55. Ils n\u2019\u00e9taient plus que 381.000 (2,6% du public), entre 20 heures et 20 h 45, et 621.000 jusqu\u2019\u00e0 21 heures (4,1% de PDA). Des scores d\u00e9cevants, bien en de\u00e7\u00e0 des chiffres r\u00e9alis\u00e9s par \u00abBabeth\u00bb la semaine qui flirte avec le million de t\u00e9l\u00e9spectateurs. La part d\u2019audience est g\u00e9n\u00e9ralement comprise entre 7 et 10%.<\/p>\n<p class=\"fig-paragraph\">\u00c0 titre de comparaison, l\u2019an pass\u00e9, le vendredi 6 septembre 2024, \u00abC \u00e0 Vous\u00bb attirait 1,15 million de personnes (8,6%). Le lendemain, pour sa rentr\u00e9e \u00e0 la t\u00eate de \u00abC l\u2019hedbo\u00bb, Aur\u00e9lie Casse f\u00e9d\u00e9rait 721.000 personnes et 6% de part d\u2019audience.<\/p>\n","protected":false},"excerpt":{"rendered":"Mohamed Bouhafsi \u00e0 la t\u00eate de \u00abC \u00e0 Vous\u00bb samedi 6 septembre 2025. Capture d&rsquo;\u00e9cran \/ France 5&hellip;\n","protected":false},"author":2,"featured_media":374443,"comment_status":"","ping_status":"","sticky":false,"template":"","format":"standard","meta":{"footnotes":""},"categories":[1356],"tags":[5631,5632,58,59,1011,27,24618,252,1364],"class_list":{"0":"post-374442","1":"post","2":"type-post","3":"status-publish","4":"format-standard","5":"has-post-thumbnail","7":"category-television","8":"tag-anne-elisabeth-lemoine","9":"tag-c-a-vous","10":"tag-divertissement","11":"tag-entertainment","12":"tag-fr","13":"tag-france","14":"tag-mohamed-bouhafsi","15":"tag-television","16":"tag-tv"},"share_on_mastodon":{"url":"https:\/\/pubeurope.com\/@fr\/115166840429949204","error":""},"_links":{"self":[{"href":"https:\/\/www.europesays.com\/fr\/wp-json\/wp\/v2\/posts\/374442","targetHints":{"allow":["GET"]}}],"collection":[{"href":"https:\/\/www.europesays.com\/fr\/wp-json\/wp\/v2\/posts"}],"about":[{"href":"https:\/\/www.europesays.com\/fr\/wp-json\/wp\/v2\/types\/post"}],"author":[{"embeddable":true,"href":"https:\/\/www.europesays.com\/fr\/wp-json\/wp\/v2\/users\/2"}],"replies":[{"embeddable":true,"href":"https:\/\/www.europesays.com\/fr\/wp-json\/wp\/v2\/comments?post=374442"}],"version-history":[{"count":0,"href":"https:\/\/www.europesays.com\/fr\/wp-json\/wp\/v2\/posts\/374442\/revisions"}],"wp:featuredmedia":[{"embeddable":true,"href":"https:\/\/www.europesays.com\/fr\/wp-json\/wp\/v2\/media\/374443"}],"wp:attachment":[{"href":"https:\/\/www.europesays.com\/fr\/wp-json\/wp\/v2\/media?parent=374442"}],"wp:term":[{"taxonomy":"category","embeddable":true,"href":"https:\/\/www.europesays.com\/fr\/wp-json\/wp\/v2\/categories?post=374442"},{"taxonomy":"post_tag","embeddable":true,"href":"https:\/\/www.europesays.com\/fr\/wp-json\/wp\/v2\/tags?post=374442"}],"curies":[{"name":"wp","href":"https:\/\/api.w.org\/{rel}","templated":true}]}}