{"id":374452,"date":"2025-09-08T04:47:10","date_gmt":"2025-09-08T04:47:10","guid":{"rendered":"https:\/\/www.europesays.com\/fr\/374452\/"},"modified":"2025-09-08T04:47:10","modified_gmt":"2025-09-08T04:47:10","slug":"lalternative-parfaite-decathlon-revolutionne-le-marche-avec-ces-velos-electriques-face-a-la-flambee-du-carburant","status":"publish","type":"post","link":"https:\/\/www.europesays.com\/fr\/374452\/","title":{"rendered":"\u00ab L&rsquo;alternative parfaite \u00bb : Decathlon r\u00e9volutionne le march\u00e9 avec ces v\u00e9los \u00e9lectriques face \u00e0 la flamb\u00e9e du carburant"},"content":{"rendered":"<tr>\n<td><strong>EN BREF<\/strong><\/td>\n<\/tr>\n<tr>\n<td>\n<ul>\n<li>\ud83d\udeb4\u200d\u2642\ufe0f <strong>Decathlon<\/strong> lance une nouvelle gamme de v\u00e9los \u00e9lectriques pour r\u00e9pondre \u00e0 la hausse du prix du carburant.<\/li>\n<li>\ud83d\udcb0 Ces v\u00e9los sont con\u00e7us pour \u00eatre \u00e0 la fois <strong>\u00e9conomiques<\/strong> et respectueux de l\u2019environnement.<\/li>\n<li>\ud83d\udc68\u200d\ud83d\udcbc L\u2019histoire de Julien illustre comment un v\u00e9lo \u00e9lectrique peut transformer la <strong>qualit\u00e9 de vie<\/strong> au quotidien.<\/li>\n<li>\ud83c\udf3f Les v\u00e9los \u00e9lectriques offrent une alternative durable, contribuant \u00e0 une mobilit\u00e9 urbaine plus <strong>\u00e9cologique<\/strong>.<\/li>\n<\/ul>\n<\/td>\n<\/tr>\n<p>Face \u00e0 la mont\u00e9e incessante des prix du carburant, de nombreuses personnes cherchent des alternatives pour leurs d\u00e9placements quotidiens. Decathlon, g\u00e9ant du sport, r\u00e9pond \u00e0 cette demande croissante avec une nouvelle gamme de v\u00e9los \u00e9lectriques abordables. Ces v\u00e9los, con\u00e7us pour offrir une solution \u00e9conomique et \u00e9cologique, pourraient bien transformer la mobilit\u00e9 urbaine. En proposant des mod\u00e8les accessibles \u00e0 une large audience, Decathlon vise \u00e0 r\u00e9duire la d\u00e9pendance aux combustibles fossiles tout en am\u00e9liorant la qualit\u00e9 de vie des utilisateurs. Les premiers retours semblent prometteurs, soulignant l\u2019impact potentiel de cette initiative dans le quotidien des citadins.<\/p>\n<p>Une r\u00e9ponse innovante \u00e0 la crise du carburant<\/p>\n<p>L\u2019augmentation continue des prix du carburant a pouss\u00e9 de nombreux consommateurs \u00e0 chercher des solutions alternatives. Decathlon a pris les devants en lan\u00e7ant une nouvelle gamme de v\u00e9los \u00e9lectriques, con\u00e7us pour \u00eatre \u00e0 la fois \u00e9conomiques et respectueux de l\u2019environnement. Ces v\u00e9los \u00e9lectriques se veulent une alternative viable pour les trajets quotidiens, en particulier dans les zones urbaines o\u00f9 le trafic et la pollution sont des pr\u00e9occupations majeures.<\/p>\n<p>Les v\u00e9los de cette gamme sont \u00e9quip\u00e9s de <strong>batteries longue dur\u00e9e<\/strong> et de moteurs performants, permettant de couvrir de longues distances sans effort physique excessif. Outre leur aspect pratique, ces v\u00e9los sont propos\u00e9s \u00e0 un prix comp\u00e9titif, rendant cette technologie plus accessible \u00e0 un public plus large. Cette initiative de Decathlon pourrait bien encourager un changement de comportement chez les citadins, favorisant une mobilit\u00e9 plus durable.<\/p>\n<blockquote class=\"wp-embedded-content\" data-secret=\"Kl9bEI43Wd\">\n<p><a href=\"https:\/\/newsly.fr\/2025\/08\/28\/un-reve-provencal-karine-le-marchand-devoile-son-mas-renove-apres-4-ans-de-travaux\/\" rel=\"nofollow noopener\" target=\"_blank\">\u00ab Un r\u00eave proven\u00e7al \u00bb : Karine Le Marchand d\u00e9voile son mas r\u00e9nov\u00e9 apr\u00e8s 4 ans de travaux<\/a><\/p>\n<\/blockquote>\n<blockquote>\n<p>Ces nouveaux mod\u00e8les sont une r\u00e9volution, non seulement en termes de prix mais aussi de performance.<\/p>\n<\/blockquote>\n<p>L\u2019histoire de Julien : un changement de vie gr\u00e2ce au v\u00e9lo \u00e9lectrique<\/p>\n<p>Julien, un jeune professionnel vivant \u00e0 Paris, a d\u00e9cid\u00e9 d\u2019adopter le v\u00e9lo \u00e9lectrique pour ses trajets quotidiens. Confront\u00e9 \u00e0 l\u2019augmentation des co\u00fbts de l\u2019essence, il a vu dans le v\u00e9lo \u00e9lectrique de Decathlon une solution \u00e0 ses probl\u00e8mes financiers. \u00ab Avec la hausse incessante des prix \u00e0 la pompe, j\u2019ai d\u00fb reconsid\u00e9rer mes options pour aller travailler. L\u2019achat d\u2019un v\u00e9lo \u00e9lectrique de Decathlon a chang\u00e9 ma routine quotidienne et mes finances \u00bb, explique-t-il.<\/p>\n<blockquote class=\"wp-embedded-content\" data-secret=\"NJesWsoHgR\">\n<p><a href=\"https:\/\/newsly.fr\/2025\/09\/01\/vos-piscines-seront-illegales-demain-la-nouvelle-regle-limite-les-bassins-a-6x3-m-et-25-m%c2%b3-seulement\/\" rel=\"nofollow noopener\" target=\"_blank\">\u00ab Vos piscines seront ill\u00e9gales demain \u00bb : la nouvelle r\u00e8gle limite les bassins \u00e0 6\u00d73 m et 25 m\u00b3 seulement<\/a><\/p>\n<\/blockquote>\n<p>Non seulement Julien \u00e9conomise environ <strong>200 euros par mois<\/strong> en frais de carburant, mais il a \u00e9galement constat\u00e9 des am\u00e9liorations significatives dans sa qualit\u00e9 de vie. \u00ab Je n\u2019arrive pas seulement au bureau plus d\u00e9tendu, mais j\u2019\u00e9conomise aussi en essence. Les b\u00e9n\u00e9fices pour ma sant\u00e9 et l\u2019environnement sont \u00e9vidents. \u00bb Avec cette nouvelle habitude, Julien a pu r\u00e9duire son empreinte carbone tout en profitant d\u2019un mode de transport plus sain.<\/p>\n<blockquote>\n<p>Gr\u00e2ce \u00e0 son v\u00e9lo \u00e9lectrique, Julien a r\u00e9duit son empreinte carbone tout en am\u00e9liorant sa qualit\u00e9 de vie.<\/p>\n<blockquote class=\"wp-embedded-content\" data-secret=\"ZJsZ1Dm43o\">\n<p><a href=\"https:\/\/newsly.fr\/2025\/03\/16\/les-stars-de-tiktok-et-instagram-boostent-leur-influence-avec-cette-technique-acheter-des-fans-com-la-methode-qui-cartonne\/\" rel=\"nofollow noopener\" target=\"_blank\">\u00ab\u00a0Les stars de TikTok et Instagram boostent leur influence avec cette technique\u00a0\u00bb : Acheter-des-Fans.com, la m\u00e9thode qui cartonne<\/a><\/p>\n<\/blockquote>\n<\/blockquote>\n<p>Les avantages des v\u00e9los \u00e9lectriques<\/p>\n<p>Les v\u00e9los \u00e9lectriques offrent de nombreux avantages compar\u00e9s aux v\u00e9hicules traditionnels et m\u00eame aux v\u00e9los classiques. L\u2019\u00e9conomie sur les d\u00e9penses en carburant est l\u2019un des atouts majeurs. En outre, ces v\u00e9los ont un impact environnemental moindre, contribuant \u00e0 un air plus propre dans les villes. Un autre avantage est l\u2019am\u00e9lioration de la sant\u00e9 des utilisateurs gr\u00e2ce \u00e0 une activit\u00e9 physique mod\u00e9r\u00e9e, sans les d\u00e9sagr\u00e9ments d\u2019un effort intense.<\/p>\n<p>Le gain de temps est \u00e9galement un facteur important \u00e0 consid\u00e9rer. Dans les centres urbains congestionn\u00e9s, les v\u00e9los \u00e9lectriques permettent de contourner les embouteillages et de r\u00e9duire le temps de trajet. Decathlon a con\u00e7u sa nouvelle gamme pour r\u00e9pondre \u00e0 divers besoins, avec des mod\u00e8les adapt\u00e9s \u00e0 diff\u00e9rents usages urbains et p\u00e9riurbains, favorisant ainsi une mobilit\u00e9 durable et accessible \u00e0 tous.<\/p>\n<p>Le futur de la mobilit\u00e9 urbaine<\/p>\n<p>Avec le lancement de ces v\u00e9los, Decathlon ne se limite pas \u00e0 r\u00e9pondre \u00e0 une crise \u00e9conomique. L\u2019entreprise anticipe \u00e9galement les besoins futurs des citadins en qu\u00eate de modes de transport alternatifs plus verts. Les v\u00e9los sont \u00e9quip\u00e9s de technologies avanc\u00e9es comme des syst\u00e8mes de navigation int\u00e9gr\u00e9s et des applications de suivi de la condition physique. Ces innovations enrichissent l\u2019exp\u00e9rience utilisateur et encouragent un mode de vie plus actif et \u00e9cologique.<\/p>\n<p>Decathlon semble bien positionn\u00e9 pour jouer un r\u00f4le de premier plan dans cette r\u00e9volution de la mobilit\u00e9. Alors que l\u2019adoption des v\u00e9los \u00e9lectriques progresse, de nouvelles options pourraient voir le jour, \u00e9largissant encore le choix pour une mobilit\u00e9 urbaine r\u00e9invent\u00e9e. La question qui se pose d\u00e9sormais est de savoir comment ces innovations continueront \u00e0 \u00e9voluer pour r\u00e9pondre aux d\u00e9fis futurs de nos villes modernes.<\/p>\n<p>Cet article s\u2019appuie sur des sources v\u00e9rifi\u00e9es et l\u2019assistance de technologies \u00e9ditoriales.<\/p>\n<p id=\"rating\">\u00c7a vous a plu ?\u00a04.4\/5 (27)<\/p>\n","protected":false},"excerpt":{"rendered":"EN BREF \ud83d\udeb4\u200d\u2642\ufe0f Decathlon lance une nouvelle gamme de v\u00e9los \u00e9lectriques pour r\u00e9pondre \u00e0 la hausse du prix&hellip;\n","protected":false},"author":2,"featured_media":374453,"comment_status":"","ping_status":"","sticky":false,"template":"","format":"standard","meta":{"footnotes":""},"categories":[7],"tags":[1011,27,43,40,41,39,42,44],"class_list":{"0":"post-374452","1":"post","2":"type-post","3":"status-publish","4":"format-standard","5":"has-post-thumbnail","7":"category-sciences-et-technologies","8":"tag-fr","9":"tag-france","10":"tag-science","11":"tag-science-and-technology","12":"tag-sciences","13":"tag-sciences-et-technologies","14":"tag-technologies","15":"tag-technology"},"share_on_mastodon":{"url":"https:\/\/pubeurope.com\/@fr\/115166867840799361","error":""},"_links":{"self":[{"href":"https:\/\/www.europesays.com\/fr\/wp-json\/wp\/v2\/posts\/374452","targetHints":{"allow":["GET"]}}],"collection":[{"href":"https:\/\/www.europesays.com\/fr\/wp-json\/wp\/v2\/posts"}],"about":[{"href":"https:\/\/www.europesays.com\/fr\/wp-json\/wp\/v2\/types\/post"}],"author":[{"embeddable":true,"href":"https:\/\/www.europesays.com\/fr\/wp-json\/wp\/v2\/users\/2"}],"replies":[{"embeddable":true,"href":"https:\/\/www.europesays.com\/fr\/wp-json\/wp\/v2\/comments?post=374452"}],"version-history":[{"count":0,"href":"https:\/\/www.europesays.com\/fr\/wp-json\/wp\/v2\/posts\/374452\/revisions"}],"wp:featuredmedia":[{"embeddable":true,"href":"https:\/\/www.europesays.com\/fr\/wp-json\/wp\/v2\/media\/374453"}],"wp:attachment":[{"href":"https:\/\/www.europesays.com\/fr\/wp-json\/wp\/v2\/media?parent=374452"}],"wp:term":[{"taxonomy":"category","embeddable":true,"href":"https:\/\/www.europesays.com\/fr\/wp-json\/wp\/v2\/categories?post=374452"},{"taxonomy":"post_tag","embeddable":true,"href":"https:\/\/www.europesays.com\/fr\/wp-json\/wp\/v2\/tags?post=374452"}],"curies":[{"name":"wp","href":"https:\/\/api.w.org\/{rel}","templated":true}]}}