{"id":374454,"date":"2025-09-08T04:48:17","date_gmt":"2025-09-08T04:48:17","guid":{"rendered":"https:\/\/www.europesays.com\/fr\/374454\/"},"modified":"2025-09-08T04:48:17","modified_gmt":"2025-09-08T04:48:17","slug":"pagaille-en-vue-dans-les-ascenseurs","status":"publish","type":"post","link":"https:\/\/www.europesays.com\/fr\/374454\/","title":{"rendered":"pagaille en vue dans les ascenseurs ?"},"content":{"rendered":"<p>Les t\u00e9l\u00e9alarmes de 230.000 cabines, sur un parc de 650 000 appareils en France, utilisent encore cette technologie datant de plus de trente ans. Elle sera obsol\u00e8te l\u2019an prochain.<\/p>\n<p class=\"fig-paragraph\">L\u2019arr\u00eat de la technologie 2G, programm\u00e9 l\u2019ann\u00e9e prochaine, inqui\u00e8te les op\u00e9rateurs d\u2019ascenseurs. Car le syst\u00e8me d\u2019alarme de nombreuses cabines fonctionne encore avec la deuxi\u00e8me g\u00e9n\u00e9ration du r\u00e9seau cellulaire entr\u00e9e en service il y a d\u00e9j\u00e0 plus de trente ans. La 2G, qui a permis l\u2019itin\u00e9rance, le transfert de donn\u00e9es et la diffusion de la voix num\u00e9rique, a \u00e9t\u00e9 am\u00e9lior\u00e9e avec la 3G dont l\u2019arr\u00eat est programm\u00e9 deux ans plus tard. \u00ab Les t\u00e9l\u00e9alarmes de 230.000 ascenseurs utilisent encore le syst\u00e8me 2G et pr\u00e8s de 60.000 la 3G sur un parc de 650 000 appareils en France dont 60% dans des logements, indique un porte-parole de la F\u00e9d\u00e9ration des ascenseurs (FAS) qui compte pr\u00e8s de 180 entreprises adh\u00e9rentes (PME ou grands groupes). Ces alarmes n\u00e9cessitent une mise \u00e0 jour car une fois les r\u00e9seaux 2G ou 3G coup\u00e9s, la connexion ne pourra pas \u00eatre \u00e9tablie avec le centre de r\u00e9ception des appels d\u2019urgence\u00a0\u00bb.<\/p>\n<p>Mise \u00e0 jour d\u00e8s que possible<\/p>\n<p class=\"fig-paragraph\">Concr\u00e8tement, sans cette mise \u00e0 jour, une personne bloqu\u00e9e dans la cabine ne pourra plus entrer\u2026<\/p>\n<p class=\"fig-premium-paywall__infos\">\n        Cet article est r\u00e9serv\u00e9 aux abonn\u00e9s.        Il vous reste 82% \u00e0 d\u00e9couvrir.\n    <\/p>\n<p>                <img  data- alt=\"Le Figaro\" class=\"fig-img--complete fig-img\"\/><\/p>\n<p class=\"fig-premium-paywall__title\">Vente Flash<\/p>\n<p class=\"fig-premium-paywall__subtitle\">4,99\u20ac par mois pendant 12 mois. Sans engagement<\/p>\n<p class=\"fig-premium-paywall__connect\">\n                D\u00e9j\u00e0 abonn\u00e9\u00a0?                <a class=\"fig-premium-paywall__connect-link\" href=\"https:\/\/connect.lefigaro.fr\/login?client=horizon_web&amp;type=main&amp;redirect_uri=https%3A%2F%2Fwww.lefigaro.fr%2Factualite-france%2Ffin-de-la-2g-en-2026-pagaille-en-vue-dans-les-ascenseurs-20250907\" data-js-gtm=\"{&quot;customCategorie&quot;: &quot;conversion&quot;, &quot;customAction&quot;: &quot;before_Landing_Connexion_paywall_auto&quot;, &quot;customLabel&quot;: &quot;bGVmaWdhcm8uZnJfXzFmMDg1OGYwLWU3MGMtNjhjYS05MzZmLTEzMDgyZmUyYjA5NF9fQXJ0aWNsZQ==_Fin de la 2G en 2026\u00a0: pagaille en vue dans les ascenseurs\u00a0?_92&quot;, &quot;customIDSPE&quot;: &quot;bGVmaWdhcm8uZnJfXzFmMDg1OGYwLWU3MGMtNjhjYS05MzZmLTEzMDgyZmUyYjA5NF9fQXJ0aWNsZQ==&quot;, &quot;event&quot;: &quot;customEventSPE&quot;}\" rel=\"nofollow noopener\" target=\"_blank\"><br \/>\n                    Connectez-vous<br \/>\n                <\/a>\n            <\/p>\n","protected":false},"excerpt":{"rendered":"Les t\u00e9l\u00e9alarmes de 230.000 cabines, sur un parc de 650 000 appareils en France, utilisent encore cette technologie&hellip;\n","protected":false},"author":2,"featured_media":374455,"comment_status":"","ping_status":"","sticky":false,"template":"","format":"standard","meta":{"footnotes":""},"categories":[6],"tags":[35,33,34,1011,27,1908,963],"class_list":{"0":"post-374454","1":"post","2":"type-post","3":"status-publish","4":"format-standard","5":"has-post-thumbnail","7":"category-economie","8":"tag-business","9":"tag-economie","10":"tag-economy","11":"tag-fr","12":"tag-france","13":"tag-logement","14":"tag-telephonie"},"share_on_mastodon":{"url":"https:\/\/pubeurope.com\/@fr\/115166871946965048","error":""},"_links":{"self":[{"href":"https:\/\/www.europesays.com\/fr\/wp-json\/wp\/v2\/posts\/374454","targetHints":{"allow":["GET"]}}],"collection":[{"href":"https:\/\/www.europesays.com\/fr\/wp-json\/wp\/v2\/posts"}],"about":[{"href":"https:\/\/www.europesays.com\/fr\/wp-json\/wp\/v2\/types\/post"}],"author":[{"embeddable":true,"href":"https:\/\/www.europesays.com\/fr\/wp-json\/wp\/v2\/users\/2"}],"replies":[{"embeddable":true,"href":"https:\/\/www.europesays.com\/fr\/wp-json\/wp\/v2\/comments?post=374454"}],"version-history":[{"count":0,"href":"https:\/\/www.europesays.com\/fr\/wp-json\/wp\/v2\/posts\/374454\/revisions"}],"wp:featuredmedia":[{"embeddable":true,"href":"https:\/\/www.europesays.com\/fr\/wp-json\/wp\/v2\/media\/374455"}],"wp:attachment":[{"href":"https:\/\/www.europesays.com\/fr\/wp-json\/wp\/v2\/media?parent=374454"}],"wp:term":[{"taxonomy":"category","embeddable":true,"href":"https:\/\/www.europesays.com\/fr\/wp-json\/wp\/v2\/categories?post=374454"},{"taxonomy":"post_tag","embeddable":true,"href":"https:\/\/www.europesays.com\/fr\/wp-json\/wp\/v2\/tags?post=374454"}],"curies":[{"name":"wp","href":"https:\/\/api.w.org\/{rel}","templated":true}]}}