{"id":374456,"date":"2025-09-08T04:49:11","date_gmt":"2025-09-08T04:49:11","guid":{"rendered":"https:\/\/www.europesays.com\/fr\/374456\/"},"modified":"2025-09-08T04:49:11","modified_gmt":"2025-09-08T04:49:11","slug":"trump-lance-un-dernier-avertissement-au-hamas-sur-les-otages-israeliens","status":"publish","type":"post","link":"https:\/\/www.europesays.com\/fr\/374456\/","title":{"rendered":"Trump lance un \u00ab\u00a0dernier avertissement\u00a0\u00bb au Hamas sur les otages isra\u00e9liens"},"content":{"rendered":"<p><a href=\"https:\/\/www.20minutes.fr\/dossier\/donald_trump\" target=\"_blank\" class=\"c-link c-link--is-underlined\" rel=\"noopener\">Donald Trump<\/a> a mis dimanche un gros coup de pression au Hamas. Le pr\u00e9sident des <a href=\"https:\/\/www.20minutes.fr\/monde\/etats-unis\/\" target=\"_blank\" class=\"c-link c-link--is-underlined\" rel=\"noopener\">Etats-Unis<\/a> a en effet martel\u00e9 avoir envoy\u00e9 un \u00ab\u00a0dernier avertissement\u00a0\u00bb au mouvement palestinien pour un retour des otages isra\u00e9liens d\u00e9tenus dans la bande de <a href=\"https:\/\/www.20minutes.fr\/monde\/gaza\/\" target=\"_blank\" class=\"c-link c-link--is-underlined\" rel=\"noopener\">Gaza<\/a>.<\/p>\n<p>\u00ab\u00a0Les Isra\u00e9liens ont accept\u00e9 mes conditions. Il est temps pour le Hamas d\u2019accepter \u00e9galement. J\u2019ai averti le <a href=\"https:\/\/www.20minutes.fr\/monde\/hamas\/\" target=\"_blank\" class=\"c-link c-link--is-underlined\" rel=\"noopener\">Hamas<\/a> des cons\u00e9quences en cas de refus. Ceci est mon dernier avertissement, il n\u2019y en aura pas d\u2019autre\u00a0!\u00a0\u00bb, a \u00e9crit le locataire de la Maison-Blanche sur Truth Social.<\/p>\n<p>Le Hamas \u00ab\u00a0disponible\u00a0\u00bb<\/p>\n<p>La menace semble avoir \u00e9t\u00e9 entendue par le Hamas. Quelques heures apr\u00e8s le message venu de Washington, le mouvement islamiste a confirm\u00e9 avoir \u00ab\u00a0re\u00e7u, via des m\u00e9diateurs, quelques id\u00e9es de la part des Am\u00e9ricains afin de parvenir \u00e0 un cessez-le-feu\u00a0\u00bb. Il a surtout assur\u00e9 \u00eatre \u00ab\u00a0disponible\u00a0\u00bb pour \u00ab\u00a0s\u2019asseoir imm\u00e9diatement \u00e0 la table des n\u00e9gociations afin de discuter de la lib\u00e9ration de tous les prisonniers en \u00e9change d\u2019une d\u00e9claration claire de la fin de la guerre, d\u2019un retrait complet de la bande de Gaza, et de la formation d\u2019un comit\u00e9 de Palestiniens ind\u00e9pendants pour g\u00e9rer la bande de Gaza, qui commencerait ses fonctions imm\u00e9diatement\u00a0\u00bb.<\/p>\n<\/p>\n<p>Et depuis <a href=\"https:\/\/www.20minutes.fr\/monde\/israel\/\" target=\"_blank\" class=\"c-link c-link--is-underlined\" rel=\"noopener\">Isra\u00ebl<\/a>, le Forum des familles d\u2019otages a pour sa part salu\u00e9 \u00ab\u00a0une v\u00e9ritable avanc\u00e9e\u00a0\u00bb. \u00ab\u00a0La garantie personnelle du pr\u00e9sident des \u00c9tats-Unis est une \u00e9tape historique sans pr\u00e9c\u00e9dent. Un tel accord favoriserait un r\u00e8glement r\u00e9gional plus large, assurerait la lib\u00e9ration de tous les otages, permettrait aux soldats et aux r\u00e9servistes de rentrer chez eux\u00a0\u00bb.<\/p>\n<p>Netanyahou met la pression sur Gaza-ville<\/p>\n<p>Selon l\u2019arm\u00e9e isra\u00e9lienne, 47 captifs restent retenus dans la bande de Gaza dont 27 pr\u00e9sum\u00e9s morts, sur un total de 251 personnes enlev\u00e9es lors des massacres du 7-Octobre.<\/p>\n<p><a href=\"https:\/\/www.20minutes.fr\/monde\/conflit_israelo-palestinien\/\" target=\"_blank\" class=\"c-link c-btn c-btn--primary\" rel=\"noopener\">Notre dossier sur le Conflit isra\u00e9lo-palestinien<\/a><\/p>\n<p>Cette relance de la question des otages survient en outre au moment o\u00f9 sur terrain les op\u00e9rations continuent de s\u2019intensifier dans et autour de Gaza-ville. Dimanche l\u2019arm\u00e9e isra\u00e9lienne a bombard\u00e9 et d\u00e9truit une nouvelle tour d\u2019habitation, la troisi\u00e8me en trois jours. Le Premier ministre isra\u00e9lien, Benyamin Netanyahou, a annonc\u00e9 une extension des op\u00e9rations militaires dans cette zone, que l\u2019arm\u00e9e affirme d\u00e9sormais contr\u00f4ler \u00e0 40\u00a0% mais qui reste \u00e0 ses yeux un bastion du Hamas. Selon des estimations r\u00e9centes de l\u2019ONU, pr\u00e8s d\u2019un million de personnes vivent dans et autour de la ville.<\/p>\n","protected":false},"excerpt":{"rendered":"Donald Trump a mis dimanche un gros coup de pression au Hamas. Le pr\u00e9sident des Etats-Unis a en&hellip;\n","protected":false},"author":2,"featured_media":374457,"comment_status":"","ping_status":"","sticky":false,"template":"","format":"standard","meta":{"footnotes":""},"categories":[5],"tags":[47,11,952,3259,75,8421,73,1011,27,665,3519,14,664,74,12,3518,133,28],"class_list":{"0":"post-374456","1":"post","2":"type-post","3":"status-publish","4":"format-standard","5":"has-post-thumbnail","7":"category-international","8":"tag-actualite","9":"tag-actualites","10":"tag-benyamin-netanyahou","11":"tag-conflit-israelo-palestinien","12":"tag-donald-trump","13":"tag-etat-palestinien","14":"tag-etats-unis","15":"tag-fr","16":"tag-france","17":"tag-gaza","18":"tag-hamas","19":"tag-international","20":"tag-israel","21":"tag-monde","22":"tag-news","23":"tag-palestine","24":"tag-video","25":"tag-world"},"share_on_mastodon":{"url":"https:\/\/pubeurope.com\/@fr\/115166875743873128","error":""},"_links":{"self":[{"href":"https:\/\/www.europesays.com\/fr\/wp-json\/wp\/v2\/posts\/374456","targetHints":{"allow":["GET"]}}],"collection":[{"href":"https:\/\/www.europesays.com\/fr\/wp-json\/wp\/v2\/posts"}],"about":[{"href":"https:\/\/www.europesays.com\/fr\/wp-json\/wp\/v2\/types\/post"}],"author":[{"embeddable":true,"href":"https:\/\/www.europesays.com\/fr\/wp-json\/wp\/v2\/users\/2"}],"replies":[{"embeddable":true,"href":"https:\/\/www.europesays.com\/fr\/wp-json\/wp\/v2\/comments?post=374456"}],"version-history":[{"count":0,"href":"https:\/\/www.europesays.com\/fr\/wp-json\/wp\/v2\/posts\/374456\/revisions"}],"wp:featuredmedia":[{"embeddable":true,"href":"https:\/\/www.europesays.com\/fr\/wp-json\/wp\/v2\/media\/374457"}],"wp:attachment":[{"href":"https:\/\/www.europesays.com\/fr\/wp-json\/wp\/v2\/media?parent=374456"}],"wp:term":[{"taxonomy":"category","embeddable":true,"href":"https:\/\/www.europesays.com\/fr\/wp-json\/wp\/v2\/categories?post=374456"},{"taxonomy":"post_tag","embeddable":true,"href":"https:\/\/www.europesays.com\/fr\/wp-json\/wp\/v2\/tags?post=374456"}],"curies":[{"name":"wp","href":"https:\/\/api.w.org\/{rel}","templated":true}]}}