{"id":374461,"date":"2025-09-08T04:52:12","date_gmt":"2025-09-08T04:52:12","guid":{"rendered":"https:\/\/www.europesays.com\/fr\/374461\/"},"modified":"2025-09-08T04:52:12","modified_gmt":"2025-09-08T04:52:12","slug":"une-peche-electrique-pour-sauver-les-poissons","status":"publish","type":"post","link":"https:\/\/www.europesays.com\/fr\/374461\/","title":{"rendered":"une p\u00eache \u00e9lectrique pour sauver les poissons"},"content":{"rendered":"<p>La F\u00e9d\u00e9ration de p\u00eache de la Loire, soutenue par l\u2019AAPPMA du Chambon-Feugerolles, a men\u00e9 une op\u00e9ration de sauvetage des poissons de l\u2019Ondaine et du Cotatay, \u00e0 hauteur de sa confluence avec l\u2019Ondenon, la troisi\u00e8me depuis le printemps. D\u00e9but juin, d\u2019importants travaux ont d\u00e9marr\u00e9 dans ce secteur, en aval du Puits du Marais, \u00e0 hauteur de la rue James-Jackson. Ils visent \u00e0 limiter le risque inondation, renaturer les berges pour restaurer des habitats favorables au d\u00e9veloppement de la faune et la flore et faciliter la remont\u00e9e des poissons dans les deux cours d\u2019eau.<\/p>\n<p>\u00ab\u00a0Ils sont \u00e9tourdis quelques instants et remontent \u00e0 la surface\u00a0\u00bb<\/p>\n<p>En ce lundi de rentr\u00e9e, apr\u00e8s la pluie et la brume matinale, le soleil illumine le lit de l\u2019Ondaine. Sur environ 170 m\u00e8tres lin\u00e9aires, soit la longueur concern\u00e9e <a href=\"https:\/\/www.leprogres.fr\/environnement\/2025\/05\/19\/un-million-d-euros-pour-redorer-les-berges-de-l-ondaine-et-du-cotatay\" target=\"_blank\" rel=\"noopener\">par le chantier<\/a> , sept personnes effectuent une p\u00eache \u00e9lectrique, dite de sauvetage.\u00a0En remontant&#8230;<\/p>\n","protected":false},"excerpt":{"rendered":"La F\u00e9d\u00e9ration de p\u00eache de la Loire, soutenue par l\u2019AAPPMA du Chambon-Feugerolles, a men\u00e9 une op\u00e9ration de sauvetage&hellip;\n","protected":false},"author":2,"featured_media":374462,"comment_status":"","ping_status":"","sticky":false,"template":"","format":"standard","meta":{"footnotes":""},"categories":[9653],"tags":[1111,11,1867,2430,12162,7539,436,1777,674,1011,27,12161,3367,12,4838,25,4001,104],"class_list":{"0":"post-374461","1":"post","2":"type-post","3":"status-publish","4":"format-standard","5":"has-post-thumbnail","7":"category-saint-etienne","8":"tag-actu","9":"tag-actualites","10":"tag-animaux","11":"tag-auvergne-rhone-alpes","12":"tag-chambon-feugerolles-ville","13":"tag-edition-loire-sud","14":"tag-environnement","15":"tag-eu","16":"tag-europe","17":"tag-fr","18":"tag-france","19":"tag-le-chambon-feugerolles","20":"tag-loire","21":"tag-news","22":"tag-peche","23":"tag-republique-francaise","24":"tag-saint-etienne","25":"tag-societe"},"share_on_mastodon":{"url":"https:\/\/pubeurope.com\/@fr\/115166887459680006","error":""},"_links":{"self":[{"href":"https:\/\/www.europesays.com\/fr\/wp-json\/wp\/v2\/posts\/374461","targetHints":{"allow":["GET"]}}],"collection":[{"href":"https:\/\/www.europesays.com\/fr\/wp-json\/wp\/v2\/posts"}],"about":[{"href":"https:\/\/www.europesays.com\/fr\/wp-json\/wp\/v2\/types\/post"}],"author":[{"embeddable":true,"href":"https:\/\/www.europesays.com\/fr\/wp-json\/wp\/v2\/users\/2"}],"replies":[{"embeddable":true,"href":"https:\/\/www.europesays.com\/fr\/wp-json\/wp\/v2\/comments?post=374461"}],"version-history":[{"count":0,"href":"https:\/\/www.europesays.com\/fr\/wp-json\/wp\/v2\/posts\/374461\/revisions"}],"wp:featuredmedia":[{"embeddable":true,"href":"https:\/\/www.europesays.com\/fr\/wp-json\/wp\/v2\/media\/374462"}],"wp:attachment":[{"href":"https:\/\/www.europesays.com\/fr\/wp-json\/wp\/v2\/media?parent=374461"}],"wp:term":[{"taxonomy":"category","embeddable":true,"href":"https:\/\/www.europesays.com\/fr\/wp-json\/wp\/v2\/categories?post=374461"},{"taxonomy":"post_tag","embeddable":true,"href":"https:\/\/www.europesays.com\/fr\/wp-json\/wp\/v2\/tags?post=374461"}],"curies":[{"name":"wp","href":"https:\/\/api.w.org\/{rel}","templated":true}]}}