{"id":374463,"date":"2025-09-08T04:53:17","date_gmt":"2025-09-08T04:53:17","guid":{"rendered":"https:\/\/www.europesays.com\/fr\/374463\/"},"modified":"2025-09-08T04:53:17","modified_gmt":"2025-09-08T04:53:17","slug":"saint-etienne-la-maison-de-la-radiologie-a-demenage-dans-le-centre-de-sante-rue-louis-braille","status":"publish","type":"post","link":"https:\/\/www.europesays.com\/fr\/374463\/","title":{"rendered":"Saint-\u00c9tienne. La Maison de la radiologie a d\u00e9m\u00e9nag\u00e9 dans le centre de sant\u00e9 rue Louis-Braille"},"content":{"rendered":"<p>Cela faisait plus de 50 ans que les St\u00e9phanois allaient y passer leurs examens m\u00e9dicaux. Install\u00e9e dans la rue Salengro depuis 1971, la Maison de la radiologie a d\u00e9finitivement ferm\u00e9 ses portes d\u00e9but ao\u00fbt. Pour d\u00e9m\u00e9nager quelques m\u00e8tres plus loin, dans le centre de sant\u00e9 de la rue Louis-Braille.<\/p>\n<p>Elle a rouvert ses portes jeudi 4\u00a0septembre et a, au passage, chang\u00e9 de nom, pour devenir le Centre d\u2019imagerie m\u00e9dicale Dorian (CIM). \u00ab\u00a0C\u2019est une page qui se tourne.\u00a0Nos anciens locaux \u00e9taient vieillissants, tr\u00e8s grands et plus vraiment adapt\u00e9s\u00a0\u00bb, souligne St\u00e9phane Ratti, directeur du p\u00f4le imagerie Loire Haute-Loire pour Elsan, groupe qui g\u00e8re le site en partenariat avec des&#8230;<\/p>\n","protected":false},"excerpt":{"rendered":"Cela faisait plus de 50 ans que les St\u00e9phanois allaient y passer leurs examens m\u00e9dicaux. Install\u00e9e dans la&hellip;\n","protected":false},"author":2,"featured_media":374464,"comment_status":"","ping_status":"","sticky":false,"template":"","format":"standard","meta":{"footnotes":""},"categories":[9653],"tags":[1111,11,2430,7539,1777,674,1011,27,12,25,4001,7538,71],"class_list":{"0":"post-374463","1":"post","2":"type-post","3":"status-publish","4":"format-standard","5":"has-post-thumbnail","7":"category-saint-etienne","8":"tag-actu","9":"tag-actualites","10":"tag-auvergne-rhone-alpes","11":"tag-edition-loire-sud","12":"tag-eu","13":"tag-europe","14":"tag-fr","15":"tag-france","16":"tag-news","17":"tag-republique-francaise","18":"tag-saint-etienne","19":"tag-saint-etienne-ville","20":"tag-sante"},"share_on_mastodon":{"url":"https:\/\/pubeurope.com\/@fr\/115166891670559613","error":""},"_links":{"self":[{"href":"https:\/\/www.europesays.com\/fr\/wp-json\/wp\/v2\/posts\/374463","targetHints":{"allow":["GET"]}}],"collection":[{"href":"https:\/\/www.europesays.com\/fr\/wp-json\/wp\/v2\/posts"}],"about":[{"href":"https:\/\/www.europesays.com\/fr\/wp-json\/wp\/v2\/types\/post"}],"author":[{"embeddable":true,"href":"https:\/\/www.europesays.com\/fr\/wp-json\/wp\/v2\/users\/2"}],"replies":[{"embeddable":true,"href":"https:\/\/www.europesays.com\/fr\/wp-json\/wp\/v2\/comments?post=374463"}],"version-history":[{"count":0,"href":"https:\/\/www.europesays.com\/fr\/wp-json\/wp\/v2\/posts\/374463\/revisions"}],"wp:featuredmedia":[{"embeddable":true,"href":"https:\/\/www.europesays.com\/fr\/wp-json\/wp\/v2\/media\/374464"}],"wp:attachment":[{"href":"https:\/\/www.europesays.com\/fr\/wp-json\/wp\/v2\/media?parent=374463"}],"wp:term":[{"taxonomy":"category","embeddable":true,"href":"https:\/\/www.europesays.com\/fr\/wp-json\/wp\/v2\/categories?post=374463"},{"taxonomy":"post_tag","embeddable":true,"href":"https:\/\/www.europesays.com\/fr\/wp-json\/wp\/v2\/tags?post=374463"}],"curies":[{"name":"wp","href":"https:\/\/api.w.org\/{rel}","templated":true}]}}