{"id":374470,"date":"2025-09-08T04:58:10","date_gmt":"2025-09-08T04:58:10","guid":{"rendered":"https:\/\/www.europesays.com\/fr\/374470\/"},"modified":"2025-09-08T04:58:10","modified_gmt":"2025-09-08T04:58:10","slug":"les-policiers-harcelent-les-dealers-a-montpellier-quatre-operations-le-meme-jour-aux-marels","status":"publish","type":"post","link":"https:\/\/www.europesays.com\/fr\/374470\/","title":{"rendered":"Les policiers harc\u00e8lent les dealers \u00e0 Montpellier\u00a0: quatre op\u00e9rations le m\u00eame jour aux Marels"},"content":{"rendered":"<p>\n                                                                Plus de 4\u00a0000\u00a0\u20ac en liquide et deux kilos de drogue ont \u00e9t\u00e9 saisis aux Marels, samedi 6\u00a0septembre, par la police nationale.\n                            <\/p>\n<p>Le samedi 6\u00a0septembre a \u00e9t\u00e9 charg\u00e9 pour la police nationale qui a men\u00e9 quatre op\u00e9rations dans la m\u00eame journ\u00e9e, dans la cit\u00e9 des Marels, \u00e0 l\u2019est de Montpellier.<\/p>\n<p>La majorit\u00e9 des saisies s\u2019est d\u00e9roul\u00e9e pendant la deuxi\u00e8me op\u00e9ration.<\/p>\n<p>Jets de projectiles<\/p>\n<p>Plus de 4\u00a0000\u00a0\u20ac en liquide et plus de deux kilos de stup\u00e9fiants ont \u00e9t\u00e9 saisis.<\/p>\n<p>Les policiers ont essuy\u00e9 des jets de projectiles \u00e0 cette occasion, sans faire de bless\u00e9s. Cela a\u00a0entra\u00een\u00e9 de nouvelles interventions dans la soir\u00e9e.<\/p>\n","protected":false},"excerpt":{"rendered":"Plus de 4\u00a0000\u00a0\u20ac en liquide et deux kilos de drogue ont \u00e9t\u00e9 saisis aux Marels, samedi 6\u00a0septembre, par&hellip;\n","protected":false},"author":2,"featured_media":374471,"comment_status":"","ping_status":"","sticky":false,"template":"","format":"standard","meta":{"footnotes":""},"categories":[9599],"tags":[1111,11,1777,674,1011,27,2208,12,2680,25],"class_list":{"0":"post-374470","1":"post","2":"type-post","3":"status-publish","4":"format-standard","5":"has-post-thumbnail","7":"category-montpellier","8":"tag-actu","9":"tag-actualites","10":"tag-eu","11":"tag-europe","12":"tag-fr","13":"tag-france","14":"tag-montpellier","15":"tag-news","16":"tag-occitanie","17":"tag-republique-francaise"},"share_on_mastodon":{"url":"https:\/\/pubeurope.com\/@fr\/115166911099622135","error":""},"_links":{"self":[{"href":"https:\/\/www.europesays.com\/fr\/wp-json\/wp\/v2\/posts\/374470","targetHints":{"allow":["GET"]}}],"collection":[{"href":"https:\/\/www.europesays.com\/fr\/wp-json\/wp\/v2\/posts"}],"about":[{"href":"https:\/\/www.europesays.com\/fr\/wp-json\/wp\/v2\/types\/post"}],"author":[{"embeddable":true,"href":"https:\/\/www.europesays.com\/fr\/wp-json\/wp\/v2\/users\/2"}],"replies":[{"embeddable":true,"href":"https:\/\/www.europesays.com\/fr\/wp-json\/wp\/v2\/comments?post=374470"}],"version-history":[{"count":0,"href":"https:\/\/www.europesays.com\/fr\/wp-json\/wp\/v2\/posts\/374470\/revisions"}],"wp:featuredmedia":[{"embeddable":true,"href":"https:\/\/www.europesays.com\/fr\/wp-json\/wp\/v2\/media\/374471"}],"wp:attachment":[{"href":"https:\/\/www.europesays.com\/fr\/wp-json\/wp\/v2\/media?parent=374470"}],"wp:term":[{"taxonomy":"category","embeddable":true,"href":"https:\/\/www.europesays.com\/fr\/wp-json\/wp\/v2\/categories?post=374470"},{"taxonomy":"post_tag","embeddable":true,"href":"https:\/\/www.europesays.com\/fr\/wp-json\/wp\/v2\/tags?post=374470"}],"curies":[{"name":"wp","href":"https:\/\/api.w.org\/{rel}","templated":true}]}}