{"id":374478,"date":"2025-09-08T05:03:17","date_gmt":"2025-09-08T05:03:17","guid":{"rendered":"https:\/\/www.europesays.com\/fr\/374478\/"},"modified":"2025-09-08T05:03:17","modified_gmt":"2025-09-08T05:03:17","slug":"depuis-son-deces-il-y-a-eu-plus-de-belles-que-de-mauvaises-choses","status":"publish","type":"post","link":"https:\/\/www.europesays.com\/fr\/374478\/","title":{"rendered":"\u00ab\u00a0Depuis son d\u00e9c\u00e8s, il y a eu plus de belles que de mauvaises choses\u00a0\u00bb"},"content":{"rendered":"<p>Ce devait \u00eatre un dimanche ordinaire. Un dimanche pluvieux, le premier apr\u00e8s la rentr\u00e9e scolaire. Mais ce <a href=\"https:\/\/www.ledauphine.com\/d\/meurtre-de-lilian-dejean-a-grenoble-le-choc-apres-la-mort-de-cet-employe-municipal-modele-5372a2ee-f3c5-40fb-add3-8194a4e6309f\" target=\"_blank\" rel=\"noopener\">8\u00a0septembre\u00a02024<\/a> restera une date \u00e0 jamais grav\u00e9e dans la m\u00e9moire de la famille Dejean.<\/p>\n<p>T\u00f4t ce dimanche-l\u00e0, Lilian Dejean, cadre au service de la propret\u00e9 urbaine, a pris son service et emprunt\u00e9, devant la mairie, une voiture sigl\u00e9e aux couleurs de la Ville de Grenoble. Quelques minutes plus tard, \u00e0 hauteur du stade des Alpes, il en est descendu pour intervenir sur un accident de la route&#8230;<\/p>\n","protected":false},"excerpt":{"rendered":"Ce devait \u00eatre un dimanche ordinaire. Un dimanche pluvieux, le premier apr\u00e8s la rentr\u00e9e scolaire. Mais ce 8\u00a0septembre\u00a02024&hellip;\n","protected":false},"author":2,"featured_media":374479,"comment_status":"","ping_status":"","sticky":false,"template":"","format":"standard","meta":{"footnotes":""},"categories":[9566],"tags":[1111,11,2430,271,272,112,1777,674,274,107,1011,27,2731,2732,108,6225,12,25,106],"class_list":{"0":"post-374478","1":"post","2":"type-post","3":"status-publish","4":"format-standard","5":"has-post-thumbnail","7":"category-grenoble","8":"tag-actu","9":"tag-actualites","10":"tag-auvergne-rhone-alpes","11":"tag-crime","12":"tag-delit-et-contravention","13":"tag-edition-grenoble-agglomeration","14":"tag-eu","15":"tag-europe","16":"tag-faits-divers-justice","17":"tag-fil-info","18":"tag-fr","19":"tag-france","20":"tag-grenoble","21":"tag-grenoble-bassin","22":"tag-isere","23":"tag-la-matinale","24":"tag-news","25":"tag-republique-francaise","26":"tag-selection-de-la-redaction-38"},"share_on_mastodon":{"url":"https:\/\/pubeurope.com\/@fr\/115166930812374638","error":""},"_links":{"self":[{"href":"https:\/\/www.europesays.com\/fr\/wp-json\/wp\/v2\/posts\/374478","targetHints":{"allow":["GET"]}}],"collection":[{"href":"https:\/\/www.europesays.com\/fr\/wp-json\/wp\/v2\/posts"}],"about":[{"href":"https:\/\/www.europesays.com\/fr\/wp-json\/wp\/v2\/types\/post"}],"author":[{"embeddable":true,"href":"https:\/\/www.europesays.com\/fr\/wp-json\/wp\/v2\/users\/2"}],"replies":[{"embeddable":true,"href":"https:\/\/www.europesays.com\/fr\/wp-json\/wp\/v2\/comments?post=374478"}],"version-history":[{"count":0,"href":"https:\/\/www.europesays.com\/fr\/wp-json\/wp\/v2\/posts\/374478\/revisions"}],"wp:featuredmedia":[{"embeddable":true,"href":"https:\/\/www.europesays.com\/fr\/wp-json\/wp\/v2\/media\/374479"}],"wp:attachment":[{"href":"https:\/\/www.europesays.com\/fr\/wp-json\/wp\/v2\/media?parent=374478"}],"wp:term":[{"taxonomy":"category","embeddable":true,"href":"https:\/\/www.europesays.com\/fr\/wp-json\/wp\/v2\/categories?post=374478"},{"taxonomy":"post_tag","embeddable":true,"href":"https:\/\/www.europesays.com\/fr\/wp-json\/wp\/v2\/tags?post=374478"}],"curies":[{"name":"wp","href":"https:\/\/api.w.org\/{rel}","templated":true}]}}