{"id":374482,"date":"2025-09-08T05:05:17","date_gmt":"2025-09-08T05:05:17","guid":{"rendered":"https:\/\/www.europesays.com\/fr\/374482\/"},"modified":"2025-09-08T05:05:17","modified_gmt":"2025-09-08T05:05:17","slug":"open-blot-de-rennes-2025-32-joueurs-pour-succeder-a-jacob-fearnley-des-ce-lundi","status":"publish","type":"post","link":"https:\/\/www.europesays.com\/fr\/374482\/","title":{"rendered":"Open Blot de Rennes 2025\u00a0: 32 joueurs pour succ\u00e9der \u00e0 Jacob Fearnley d\u00e8s ce lundi"},"content":{"rendered":"<p>Open Blot de Rennes, de celundi \u00e0 dimanche<\/p>\n<p>L\u2019Open Blot de Rennes, l\u2019un des \u00e9v\u00e9nements sportifs majeurs de la rentr\u00e9e, revient du 8 au 14 septembre 2025 pour une 19e \u00e9dition. Organis\u00e9 depuis 2006, le tournoi masculin de tennis du circuit ATP Challenger 100 continue d\u2019attirer les meilleurs joueurs mondiaux, avec une dotation de 145 250 \u20ac cette ann\u00e9e, faisant de lui le septi\u00e8me tournoi indoor fran\u00e7ais.<\/p>\n<p>La comp\u00e9tition se d\u00e9roulera sur les courts du Libert\u00e9, \u00e0 Rennes, mais les spectateurs pourront \u00e9galement profiter de la salle Colette Besson pour assister \u00e0 des matchs sur le court annexe, accessible gratuitement. En 2024, 32 230 spectateurs avaient assist\u00e9 \u00e0 l\u2019\u00e9v\u00e9nement, un record pour l\u2019Open Blot.<\/p>\n<p>Un triple vainqueur en Grand Chelem pr\u00e9sent<\/p>\n<p>Cette \u00e9dition 2025 sera <a href=\"https:\/\/www.letelegramme.fr\/sports\/tennis\/open-blot-de-rennes-2025-un-plateau-releve-avec-le-suisse-stanislas-wawrinka-6874105.php\" target=\"_blank\" rel=\"nofollow noopener\">marqu\u00e9e par la pr\u00e9sence de Stanislas Wawrinka<\/a>, 40 ans, ex-num\u00e9ro 3 mondial et triple vainqueur en Grand Chelem. Le Suisse viendra \u00e0 Rennes pour la premi\u00e8re fois, succ\u00e9dant \u00e0 des l\u00e9gendes telles qu\u2019Andy Murray en 2021 et Dominic Thiem en 2022.<\/p>\n<p>Hugo Gaston (n\u00b0 125) sera la t\u00eate d\u2019affiche fran\u00e7aise. Il sera notamment accompagn\u00e9 par Harold Mayot (n\u00b0 152) et Titouan Droguet\u00a0(n\u00b0161), parmi d\u2019autres jeunes talents.<\/p>\n<p>Les qualifications ont d\u00e9but\u00e9 dimanche 7 septembre, tandis que<a href=\"https:\/\/www.letelegramme.fr\/sports\/tennis\/wawrinka-face-a-un-qualifie-gaston-negritu-le-tableau-final-de-lopen-blot-de-rennes-6883459.php\" target=\"_blank\" rel=\"nofollow noopener\"> le tirage au sort du tableau principal a r\u00e9v\u00e9l\u00e9 de belles affiches<\/a>, avec de nombreuses confrontations franco-fran\u00e7aises.<br \/>D\u00e8s 10 h 30 ce lundi, les 32 joueurs en lice vont s\u2019affronter pour tenter de succ\u00e9der \u00e0 l\u2019Anglais Jacob Fearnley, vainqueur l\u2019an dernier en finale face au Fran\u00e7ais Quentin Halys.<\/p>\n","protected":false},"excerpt":{"rendered":"Open Blot de Rennes, de celundi \u00e0 dimanche L\u2019Open Blot de Rennes, l\u2019un des \u00e9v\u00e9nements sportifs majeurs de&hellip;\n","protected":false},"author":2,"featured_media":374483,"comment_status":"","ping_status":"","sticky":false,"template":"","format":"standard","meta":{"footnotes":""},"categories":[2821],"tags":[1111,11,829,1777,674,1011,27,12,50856,40943,584,25,60,1467],"class_list":{"0":"post-374482","1":"post","2":"type-post","3":"status-publish","4":"format-standard","5":"has-post-thumbnail","7":"category-rennes","8":"tag-actu","9":"tag-actualites","10":"tag-bretagne","11":"tag-eu","12":"tag-europe","13":"tag-fr","14":"tag-france","15":"tag-news","16":"tag-open-blot","17":"tag-open-blot-de-rennes","18":"tag-rennes","19":"tag-republique-francaise","20":"tag-sports","21":"tag-tennis"},"share_on_mastodon":{"url":"https:\/\/pubeurope.com\/@fr\/115166938608260784","error":""},"_links":{"self":[{"href":"https:\/\/www.europesays.com\/fr\/wp-json\/wp\/v2\/posts\/374482","targetHints":{"allow":["GET"]}}],"collection":[{"href":"https:\/\/www.europesays.com\/fr\/wp-json\/wp\/v2\/posts"}],"about":[{"href":"https:\/\/www.europesays.com\/fr\/wp-json\/wp\/v2\/types\/post"}],"author":[{"embeddable":true,"href":"https:\/\/www.europesays.com\/fr\/wp-json\/wp\/v2\/users\/2"}],"replies":[{"embeddable":true,"href":"https:\/\/www.europesays.com\/fr\/wp-json\/wp\/v2\/comments?post=374482"}],"version-history":[{"count":0,"href":"https:\/\/www.europesays.com\/fr\/wp-json\/wp\/v2\/posts\/374482\/revisions"}],"wp:featuredmedia":[{"embeddable":true,"href":"https:\/\/www.europesays.com\/fr\/wp-json\/wp\/v2\/media\/374483"}],"wp:attachment":[{"href":"https:\/\/www.europesays.com\/fr\/wp-json\/wp\/v2\/media?parent=374482"}],"wp:term":[{"taxonomy":"category","embeddable":true,"href":"https:\/\/www.europesays.com\/fr\/wp-json\/wp\/v2\/categories?post=374482"},{"taxonomy":"post_tag","embeddable":true,"href":"https:\/\/www.europesays.com\/fr\/wp-json\/wp\/v2\/tags?post=374482"}],"curies":[{"name":"wp","href":"https:\/\/api.w.org\/{rel}","templated":true}]}}