{"id":374484,"date":"2025-09-08T05:06:16","date_gmt":"2025-09-08T05:06:16","guid":{"rendered":"https:\/\/www.europesays.com\/fr\/374484\/"},"modified":"2025-09-08T05:06:16","modified_gmt":"2025-09-08T05:06:16","slug":"la-machine-a-detester-le-juif-sest-emballee","status":"publish","type":"post","link":"https:\/\/www.europesays.com\/fr\/374484\/","title":{"rendered":"\u00ab\u00a0La machine \u00e0 d\u00e9tester le Juif s\u2019est emball\u00e9e\u00a0\u00bb"},"content":{"rendered":"<p>Dans le parc de l\u2019Orangerie, le d\u00eener du Conseil repr\u00e9sentatif des institutions juives de France se distingue par une pr\u00e9sence polici\u00e8re accrue doubl\u00e9e des agents de s\u00e9curit\u00e9 de la communaut\u00e9. 700 jours apr\u00e8s le 7-Octobre et la guerre qui a suivi, l\u2019atmosph\u00e8re ne s\u2019est pas d\u00e9tendue, au contraire, m\u00eame dans le cadre bucolique du pavillon Jos\u00e9phine, \u00e0 3\u00a0000\u00a0kilom\u00e8tres de Gaza.<\/p>\n<p>Croix gamm\u00e9es contre\u00a0oliviers<\/p>\n<p>Ce d\u00eener annuel, rappelle au micro la nouvelle pr\u00e9sidente du Crif Alsace, l\u2019avocate Sophie Cohen-Elbaz, choisie le 4\u00a0septembre pour succ\u00e9der \u00e0 Pierre Haas, est l\u2019occasion de r\u00e9unir les \u00e9lus locaux et de \u00ab\u00a0faire passer des messages\u00a0\u00bb. Le&#8230;<\/p>\n","protected":false},"excerpt":{"rendered":"Dans le parc de l\u2019Orangerie, le d\u00eener du Conseil repr\u00e9sentatif des institutions juives de France se distingue par&hellip;\n","protected":false},"author":2,"featured_media":374485,"comment_status":"","ping_status":"","sticky":false,"template":"","format":"standard","meta":{"footnotes":""},"categories":[2820],"tags":[1111,11,2389,2649,2880,1777,674,107,1011,27,2798,775,12,5889,25,104,640,2879],"class_list":{"0":"post-374484","1":"post","2":"type-post","3":"status-publish","4":"format-standard","5":"has-post-thumbnail","7":"category-strasbourg","8":"tag-actu","9":"tag-actualites","10":"tag-alsace","11":"tag-bas-rhin","12":"tag-edition-strasbourg","13":"tag-eu","14":"tag-europe","15":"tag-fil-info","16":"tag-fr","17":"tag-france","18":"tag-galerie-photo","19":"tag-grand-est","20":"tag-news","21":"tag-religion-croyance","22":"tag-republique-francaise","23":"tag-societe","24":"tag-strasbourg","25":"tag-strasbourg-ville"},"share_on_mastodon":{"url":"https:\/\/pubeurope.com\/@fr\/115166942538761306","error":""},"_links":{"self":[{"href":"https:\/\/www.europesays.com\/fr\/wp-json\/wp\/v2\/posts\/374484","targetHints":{"allow":["GET"]}}],"collection":[{"href":"https:\/\/www.europesays.com\/fr\/wp-json\/wp\/v2\/posts"}],"about":[{"href":"https:\/\/www.europesays.com\/fr\/wp-json\/wp\/v2\/types\/post"}],"author":[{"embeddable":true,"href":"https:\/\/www.europesays.com\/fr\/wp-json\/wp\/v2\/users\/2"}],"replies":[{"embeddable":true,"href":"https:\/\/www.europesays.com\/fr\/wp-json\/wp\/v2\/comments?post=374484"}],"version-history":[{"count":0,"href":"https:\/\/www.europesays.com\/fr\/wp-json\/wp\/v2\/posts\/374484\/revisions"}],"wp:featuredmedia":[{"embeddable":true,"href":"https:\/\/www.europesays.com\/fr\/wp-json\/wp\/v2\/media\/374485"}],"wp:attachment":[{"href":"https:\/\/www.europesays.com\/fr\/wp-json\/wp\/v2\/media?parent=374484"}],"wp:term":[{"taxonomy":"category","embeddable":true,"href":"https:\/\/www.europesays.com\/fr\/wp-json\/wp\/v2\/categories?post=374484"},{"taxonomy":"post_tag","embeddable":true,"href":"https:\/\/www.europesays.com\/fr\/wp-json\/wp\/v2\/tags?post=374484"}],"curies":[{"name":"wp","href":"https:\/\/api.w.org\/{rel}","templated":true}]}}