{"id":374504,"date":"2025-09-08T05:20:19","date_gmt":"2025-09-08T05:20:19","guid":{"rendered":"https:\/\/www.europesays.com\/fr\/374504\/"},"modified":"2025-09-08T05:20:19","modified_gmt":"2025-09-08T05:20:19","slug":"trois-comoriens-interpelles-pour-depecage-de-mouton-dans-un-parc-du-14%e1%b5%89-arrondissement-a-marseille-la-spa-a-depose-plainte-free-dom","status":"publish","type":"post","link":"https:\/\/www.europesays.com\/fr\/374504\/","title":{"rendered":"Trois Comoriens interpell\u00e9s pour d\u00e9pe\u00e7age de mouton dans un parc du 14\u1d49 arrondissement \u00e0 Marseille, la SPA a d\u00e9pos\u00e9 plainte \u2013 Free Dom"},"content":{"rendered":"<p>Trois Comoriens interpell\u00e9s pour d\u00e9pe\u00e7age de mouton dans un parc du 14\u1d49 arrondissement \u00e0 Marseille, la SPA a d\u00e9pos\u00e9 plainte \u2013 Free Dom<\/p>\n<p>        &#13;<br \/>\n    &#13;<\/p>\n<p>\t\t&#13;<br \/>\n&#13;<br \/>\n&#13;<\/p>\n<p>&#13;<br \/>\n    &#13;<br \/>\n    &#13;<br \/>\n&#13;<br \/>\n    &#13;<br \/>\n    &#13;<br \/>\n&#13;<\/p>\n<p>    &#13;<\/p>\n<p>        &#13;<\/p>\n<p>        &#13;<br \/>\n            &#13;<\/p>\n<p>&#13;<br \/>\n    &#13;<\/p>\n<p>        <a href=\"https:\/\/freedom.fr\/rendez-vous-telephoniques-de-france-travail-inquietent-les-beneficiaires-du-rsa-reunionnais\/\" class=\"post-link\" rel=\"nofollow noopener\" target=\"_blank\">&#13;<br \/>\n            &#13;<br \/>\n        &#13;<\/p>\n<p>                <img width=\"1200\" height=\"800\" src=\"https:\/\/www.europesays.com\/fr\/wp-content\/uploads\/2025\/09\/pexels-torsten-dettlaff-193003.jpg\" class=\"attachment-full size-full\" alt=\"\" decoding=\"async\" loading=\"lazy\"  \/><br \/>\n            &#13;<br \/>\n&#13;<br \/>\n            &#13;<br \/>\n            &#13;<br \/>\n                    &#13;<br \/>\n        <\/a><\/p>\n<p>    &#13;<br \/>\n    &#13;<br \/>\n    &#13;<\/p>\n<p>Article pr\u00e9c\u00e9dent<\/p>\n<p>                    Rendez-vous t\u00e9l\u00e9phoniques de France Travail inqui\u00e8tent les b\u00e9n\u00e9ficiaires du RSA R\u00e9unionnais<\/p>\n<p>                <a class=\"wrap-link\" href=\"https:\/\/freedom.fr\/rendez-vous-telephoniques-de-france-travail-inquietent-les-beneficiaires-du-rsa-reunionnais\/\" rel=\"nofollow noopener\" target=\"_blank\"><\/p>\n<p>            &#13;<br \/>\n        &#13;<\/p>\n<p>        &#13;<br \/>\n            &#13;<\/p>\n<p>&#13;<br \/>\n    &#13;<\/p>\n<p>        <a href=\"https:\/\/freedom.fr\/world-clean-up-day-un-appel-a-une-mobilisation-massive-a-la-reunion\/\" class=\"post-link\" rel=\"nofollow noopener\" target=\"_blank\">&#13;<br \/>\n            &#13;<br \/>\n        &#13;<\/p>\n<p>                <img width=\"893\" height=\"502\" src=\"https:\/\/www.europesays.com\/fr\/wp-content\/uploads\/2025\/09\/World-Clean-Up.webp.webp\" class=\"attachment-full size-full\" alt=\"\" decoding=\"async\" loading=\"lazy\"  \/><br \/>\n            &#13;<br \/>\n&#13;<br \/>\n            &#13;<br \/>\n            &#13;<br \/>\n                    &#13;<br \/>\n        <\/a><\/p>\n<p>    &#13;<br \/>\n    &#13;<br \/>\n    &#13;<\/p>\n<p>Article suivant<\/p>\n<p>                    World Clean Up Day : un appel \u00e0 une mobilisation massive \u00e0 La R\u00e9union<\/p>\n<p>                <a class=\"wrap-link\" href=\"https:\/\/freedom.fr\/world-clean-up-day-un-appel-a-une-mobilisation-massive-a-la-reunion\/\" rel=\"nofollow noopener\" target=\"_blank\"><\/p>\n<p>            &#13;<br \/>\n        &#13;<\/p>\n<p>&#13;<br \/>\n&#13;<br \/>\n&#13;<br \/>\n&#13;<\/p>\n<p>&#13;<br \/>\n&#13;<br \/>\n&#13;<br \/>\n&#13;<br \/>\n&#13;<br \/>\n&#13;<\/p>\n<p><a rel=\"nofollow noopener\" style=\"display:none\" href=\"https:\/\/freedom.fr\/?blackhole=4e48a4e3dd\" title=\"NE PAS suivre ce lien ou vous serez banni du site!\" target=\"_blank\">Free Dom<\/a><br \/>\n    &#13;<br \/>\n&#13;<br \/>\n&#13;<br \/>\n        &#13;<br \/>\n    &#13;<br \/>\n    &#13;<\/p>\n","protected":false},"excerpt":{"rendered":"Trois Comoriens interpell\u00e9s pour d\u00e9pe\u00e7age de mouton dans un parc du 14\u1d49 arrondissement \u00e0 Marseille, la SPA a&hellip;\n","protected":false},"author":2,"featured_media":374505,"comment_status":"","ping_status":"","sticky":false,"template":"","format":"standard","meta":{"footnotes":""},"categories":[2814],"tags":[1111,11,1777,674,1011,27,884,12,882,25],"class_list":{"0":"post-374504","1":"post","2":"type-post","3":"status-publish","4":"format-standard","5":"has-post-thumbnail","7":"category-marseille","8":"tag-actu","9":"tag-actualites","10":"tag-eu","11":"tag-europe","12":"tag-fr","13":"tag-france","14":"tag-marseille","15":"tag-news","16":"tag-provence-alpes-cote-dazur","17":"tag-republique-francaise"},"share_on_mastodon":{"url":"https:\/\/pubeurope.com\/@fr\/115166997703789051","error":""},"_links":{"self":[{"href":"https:\/\/www.europesays.com\/fr\/wp-json\/wp\/v2\/posts\/374504","targetHints":{"allow":["GET"]}}],"collection":[{"href":"https:\/\/www.europesays.com\/fr\/wp-json\/wp\/v2\/posts"}],"about":[{"href":"https:\/\/www.europesays.com\/fr\/wp-json\/wp\/v2\/types\/post"}],"author":[{"embeddable":true,"href":"https:\/\/www.europesays.com\/fr\/wp-json\/wp\/v2\/users\/2"}],"replies":[{"embeddable":true,"href":"https:\/\/www.europesays.com\/fr\/wp-json\/wp\/v2\/comments?post=374504"}],"version-history":[{"count":0,"href":"https:\/\/www.europesays.com\/fr\/wp-json\/wp\/v2\/posts\/374504\/revisions"}],"wp:featuredmedia":[{"embeddable":true,"href":"https:\/\/www.europesays.com\/fr\/wp-json\/wp\/v2\/media\/374505"}],"wp:attachment":[{"href":"https:\/\/www.europesays.com\/fr\/wp-json\/wp\/v2\/media?parent=374504"}],"wp:term":[{"taxonomy":"category","embeddable":true,"href":"https:\/\/www.europesays.com\/fr\/wp-json\/wp\/v2\/categories?post=374504"},{"taxonomy":"post_tag","embeddable":true,"href":"https:\/\/www.europesays.com\/fr\/wp-json\/wp\/v2\/tags?post=374504"}],"curies":[{"name":"wp","href":"https:\/\/api.w.org\/{rel}","templated":true}]}}