{"id":374506,"date":"2025-09-08T05:21:17","date_gmt":"2025-09-08T05:21:17","guid":{"rendered":"https:\/\/www.europesays.com\/fr\/374506\/"},"modified":"2025-09-08T05:21:17","modified_gmt":"2025-09-08T05:21:17","slug":"un-lundi-entre-averses-et-nuages-a-lyon-jusqua-25-degres-attendus","status":"publish","type":"post","link":"https:\/\/www.europesays.com\/fr\/374506\/","title":{"rendered":"Un lundi entre averses et nuages \u00e0 Lyon, jusqu&rsquo;\u00e0 25 degr\u00e9s attendus"},"content":{"rendered":"<p>                            <img loading=\"lazy\" width=\"1080\" height=\"675\" class=\"attachment-article size-article wp-post-image lazyload\" alt=\"Temps Pluvieux @Hugo LAUBEPIN\" decoding=\"async\" src=\"https:\/\/www.europesays.com\/fr\/wp-content\/uploads\/2025\/04\/PLUIE-e1686641694186.jpg\" data-eio-rwidth=\"1080\" data-eio-rheight=\"675\"\/><\/p>\n<p>Temps Pluvieux<br \/>\n@Hugo LAUBEPIN<\/p>\n<p class=\"content\" style=\"font-size:1.2em;font-weight:700\">C&rsquo;est une journ\u00e9e chaotique qui attend toute l&rsquo;agglom\u00e9ration lyonnaise ce lundi 8 septembre, avec des averses orageuses qui laisseront place \u00e0 des nuages.<\/p>\n<p>Au lendemain d&rsquo;un dimanche chaud et ensoleill\u00e9, la pluie et les orages sont de retour \u00e0 Lyon ce lundi 8 septembre 2025. Une m\u00e9t\u00e9o chaotique pour d\u00e9buter cette nouvelle semaine, avec des averses orageuses en d\u00e9but de journ\u00e9e qui laisseront place \u00e0 une l\u00e9g\u00e8re accalmie dans l&rsquo;apr\u00e8s midi avant une reprise de l&rsquo;instabilit\u00e9 en soir\u00e9e.<\/p>\n<p>C\u00f4t\u00e9 temp\u00e9ratures, il fait d\u00e9j\u00e0 18 degr\u00e9s ce lundi matin et le mercure atteindra les 25 degr\u00e9s au meilleur de la journ\u00e9e. Des valeurs proches des normales de saison avec un l\u00e9ger rafraichissement mardi \u00e0 Lyon.<\/p>\n","protected":false},"excerpt":{"rendered":"Temps Pluvieux @Hugo LAUBEPIN C&rsquo;est une journ\u00e9e chaotique qui attend toute l&rsquo;agglom\u00e9ration lyonnaise ce lundi 8 septembre, avec&hellip;\n","protected":false},"author":2,"featured_media":32251,"comment_status":"","ping_status":"","sticky":false,"template":"","format":"standard","meta":{"footnotes":""},"categories":[1889],"tags":[1111,11,2430,1777,674,1011,27,2428,12,25],"class_list":{"0":"post-374506","1":"post","2":"type-post","3":"status-publish","4":"format-standard","5":"has-post-thumbnail","7":"category-lyon","8":"tag-actu","9":"tag-actualites","10":"tag-auvergne-rhone-alpes","11":"tag-eu","12":"tag-europe","13":"tag-fr","14":"tag-france","15":"tag-lyon","16":"tag-news","17":"tag-republique-francaise"},"share_on_mastodon":{"url":"https:\/\/pubeurope.com\/@fr\/115167001651306758","error":""},"_links":{"self":[{"href":"https:\/\/www.europesays.com\/fr\/wp-json\/wp\/v2\/posts\/374506","targetHints":{"allow":["GET"]}}],"collection":[{"href":"https:\/\/www.europesays.com\/fr\/wp-json\/wp\/v2\/posts"}],"about":[{"href":"https:\/\/www.europesays.com\/fr\/wp-json\/wp\/v2\/types\/post"}],"author":[{"embeddable":true,"href":"https:\/\/www.europesays.com\/fr\/wp-json\/wp\/v2\/users\/2"}],"replies":[{"embeddable":true,"href":"https:\/\/www.europesays.com\/fr\/wp-json\/wp\/v2\/comments?post=374506"}],"version-history":[{"count":0,"href":"https:\/\/www.europesays.com\/fr\/wp-json\/wp\/v2\/posts\/374506\/revisions"}],"wp:featuredmedia":[{"embeddable":true,"href":"https:\/\/www.europesays.com\/fr\/wp-json\/wp\/v2\/media\/32251"}],"wp:attachment":[{"href":"https:\/\/www.europesays.com\/fr\/wp-json\/wp\/v2\/media?parent=374506"}],"wp:term":[{"taxonomy":"category","embeddable":true,"href":"https:\/\/www.europesays.com\/fr\/wp-json\/wp\/v2\/categories?post=374506"},{"taxonomy":"post_tag","embeddable":true,"href":"https:\/\/www.europesays.com\/fr\/wp-json\/wp\/v2\/tags?post=374506"}],"curies":[{"name":"wp","href":"https:\/\/api.w.org\/{rel}","templated":true}]}}