{"id":374511,"date":"2025-09-08T05:25:09","date_gmt":"2025-09-08T05:25:09","guid":{"rendered":"https:\/\/www.europesays.com\/fr\/374511\/"},"modified":"2025-09-08T05:25:09","modified_gmt":"2025-09-08T05:25:09","slug":"la-ville-de-paris-renfloue-t-elle-ses-caisses-en-detruisant-des-logements","status":"publish","type":"post","link":"https:\/\/www.europesays.com\/fr\/374511\/","title":{"rendered":"La Ville de Paris renfloue-t-elle ses caisses en \u00ab\u00a0d\u00e9truisant des logements\u00a0\u00bb\u00a0?"},"content":{"rendered":"<p>            Par<br \/>\n        <strong><br \/>\n            <a href=\"https:\/\/actu.fr\/auteur\/augustin-delaporte\" title=\"Consulter tous les articles de Augustin Delaporte\" target=\"_blank\" rel=\"noopener\">Augustin Delaporte<\/a><br \/>\n        <\/strong><\/p>\n<p>        Publi\u00e9 le<\/p>\n<p>            8 sept. 2025 \u00e0 6h28        <\/p>\n<p>C\u2019est un m\u00e9canisme m\u00e9connu et qui, dans de rares cas, peut para\u00eetre cynique. \u00c0 <a href=\"https:\/\/actu.fr\/paris\/\" target=\"_blank\" rel=\"noopener\">Paris<\/a>, les <a href=\"https:\/\/actu.fr\/ile-de-france\/paris_75056\/intenable-a-paris-222-locataires-de-logements-sociaux-dos-au-mur-apres-avoir-vu-leurs-charges-quadrupler_62895297.html\" target=\"_blank\" rel=\"noopener\">bailleurs sociaux<\/a>, notamment, obtiennent, en \u00e9change de la cr\u00e9ation de <a href=\"https:\/\/actu.fr\/tag\/logements-sociaux\" target=\"_blank\" rel=\"noopener\">logements sociaux<\/a> suppl\u00e9mentaires, des <strong>titres de compensation<\/strong> (ou commercialit\u00e9), qu\u2019ils peuvent revendre \u00e0 des porteurs de projets priv\u00e9s ou publics, d\u00e9sireux de <strong>transformer des locaux d\u2019habitation en bureaux ou h\u00f4tels, entre autres.<\/strong><br \/>Bien que le bilan de la <a href=\"https:\/\/actu.fr\/tag\/mairie-de-paris\" target=\"_blank\" rel=\"noopener\">Ville<\/a> reste largement positif en termes de cr\u00e9ation de logements sociaux, la maire (Horizons) du 5e, <a href=\"https:\/\/actu.fr\/ile-de-france\/paris_75056\/gastronomie-artisanat-litterature-comment-le-5e-arrondissement-veut-devenir-le-little-tokyo-de-paris_62877492.html\" target=\"_blank\" rel=\"noopener\">Florence Berthout<\/a>, d\u00e9nonce une \u00ab\u2009forme d\u2019hypocrisie\u2009\u00bb de la part de la majorit\u00e9 qui, trivialement, \u00ab\u2009fait rentrer de l\u2019argent\u2009\u00bb dans ses caisses en \u00ab\u2009d\u00e9truisant\u2009\u00bb des logements. \u00c9l\u00e9ments d\u2019explication.<\/p>\n<p>\u00ab\u2009La Ville de Paris renfloue ses caisses en d\u00e9truisant des logements\u2009\u00bb<\/p>\n<p class=\" wall-content\">Un cas, relativement unique, mais plut\u00f4t \u00e9vocateur, lui a permis de mettre le doigt sur ce sujet d\u00e9licat courant 2025. Le propri\u00e9taire du bel immeuble haussmannien de six \u00e9tages du 3 rue Gay-Lussac, dans le 5e arrondissement de la capitale, a d\u00e9pos\u00e9 <strong>une demande de changement d\u2019usage<\/strong>, en ao\u00fbt\u00a02025. Les quelques 1\u2009500\u00a0m2 de logements vont ainsi \u00eatre transform\u00e9s en un h\u00f4tel.<\/p>\n<p class=\" wall-content\">Une modification rendue possible par l\u2019achat d\u2019un titre de compensation \u00e0 la R\u00e9gie immobili\u00e8re de la ville de Paris (RIVP), qui, en r\u00e9habilitant la \u00ab\u2009Barre Cassan F\u2009\u00bb, ensemble immobilier de la fin des ann\u00e9es 50 nich\u00e9 au sein du campus de Jussieu, \u00e0 quelques m\u00e8tres du Jardin des Plantes et de la Seine, va cr\u00e9er <strong>583 logements pour \u00e9tudiants et chercheurs<\/strong>.<\/p>\n<p class=\" wall-content\">\u00ab\u2009On a d\u00e9couvert avec stup\u00e9faction ce processus en discutant avec le propri\u00e9taire de l\u2019immeuble, plante l\u2019\u00e9quipe de l\u2019\u00e9lue de droite aupr\u00e8s d\u2019actu Paris. Ce qui nous g\u00eane, c\u2019est la <strong>participation des bailleurs sociaux de la Ville<\/strong>. Cette derni\u00e8re renfloue ses caisses en d\u00e9truisant des logements, ce qui est totalement contradictoire avec sa politique.\u2009\u00bb<\/p>\n<p>L&rsquo;essentiel<\/p>\n<ul>\n<li>Seuls les locaux \u00e0 usage d&rsquo;habitation au sens des articles L.631-7 et suivants du code de la construction et de l&rsquo;habitation sont soumis \u00e0 une demande de changement d&rsquo;usage pr\u00e9alable  <\/li>\n<li>Le demandeur d&rsquo;un changement d&rsquo;usage \u00e0 caract\u00e8re r\u00e9el peut soit : proposer en compensation des locaux \u00e0 autre usage que l&rsquo;habitation dont il est propri\u00e9taire et qu&rsquo;il va transformer en logements  <\/li>\n<li>Ou acheter un titre de compensation (ou commercialit\u00e9) aupr\u00e8s d&rsquo;un tiers, propri\u00e9taire de locaux affect\u00e9s \u00e0 un autre usage que l&rsquo;habitation (bureaux, commerces&#8230;) qu&rsquo;il va transformer en logements <\/li>\n<\/ul>\n<p class=\" wall-content\">Dit autrement\u2009: les bailleurs de Paris, en cr\u00e9ant des logements sociaux suppl\u00e9mentaires, obtiennent des titres de compensation, qu\u2019ils peuvent revendre aux porteurs de projets souhaitant, effectivement, transformer des logements.<\/p>\n<p>Une manne financi\u00e8re non n\u00e9gligeable pour Paris<\/p>\n<p class=\" wall-content\">\u00ab\u2009C\u2019est correct intellectuellement, mais c\u2019est se focaliser sur un cas unique, ou tr\u00e8s rare\u2009\u00bb, nuance, cependant, l\u2019adjoint au logement de la Ville, Jacques Baudrier. En effet, pour \u00ab\u2009d\u00e9truire\u2009\u00bb 1\u00a0m2, il faut en construire 3. La balance d\u2019ensemble reste donc all\u00e9grement positive.<\/p>\n<p>Votre r\u00e9gion, votre actu !<\/p>\n<p>Recevez chaque jour les infos qui comptent pour vous.<\/p>\n<p>\t<a href=\"https:\/\/actu.fr\/newsletter\" class=\"ac-btn ac-btn--corner ac-btn--medium ac-btn--blue800\" target=\"_blank\" rel=\"noopener\">S&rsquo;incrire<\/a><\/p>\n<p class=\" wall-content\">Aussi, l\u2019\u00e9lu communiste rappelle que la \u00ab\u2009Barre Cassan F\u2009\u00bb est un programme rare, qui ne devrait \u00ab\u2009pas avoir d\u2019\u00e9quivalent dans les dix ans\u2009\u00bb. Et d\u2019ajouter\u2009: \u00ab\u2009Je n\u2019y suis pas ferm\u00e9, mais faut-il changer toute la r\u00e9glementation \u2013 en encadrant la participation des bailleurs comme sugg\u00e9r\u00e9 au conseil de Paris d\u2019avril dernier \u2013 pour un cas isol\u00e9\u2009?\u2009\u00bb<\/p>\n<p class=\" wall-content\">Il conc\u00e8de, enfin, que ce m\u00e9canisme est une manne financi\u00e8re non n\u00e9gligeable pour la Ville\u2009: \u00ab\u2009Mon budget pour la production de logements sociaux \u00e0 Paris est de 600\u00a0millions cette ann\u00e9e. Les <strong>droits de commercialit\u00e9 rapportent pr\u00e8s de 17\u00a0millions<\/strong>. On nous accuse de trop d\u00e9penser, il faut bien que l\u2019on trouve des moyens de faire rentrer de l\u2019argent. Sinon, \u00e7a se r\u00e9percute sur les imp\u00f4ts\u2026\u2009\u00bb<\/p>\n<p>\u00ab\u2009Politique du chiffre\u2009\u00bb ou vraie compensation\u2009?<\/p>\n<p class=\" wall-content\">L\u2019\u00e9quipe de l\u2019\u00e9dile du 5e met, \u00e9galement, en \u00e9vidence, que la compensation n\u2019est pas toujours r\u00e9alis\u00e9e avec un \u00ab\u2009logement du m\u00eame type\u2009\u00bb\u2009: \u00ab\u2009Ils vont construire plein de T1 et de T2, mais ce sont des logements pour les familles dont nous avons besoin dans notre arrondissement.\u2009\u00bb<\/p>\n<p class=\" wall-content\">Un argument jug\u00e9 non recevable par Jacques Baudrier\u2009: \u00ab\u2009Il faut avoir une vue d\u2019ensemble \u00e0 l\u2019\u00e9chelle de Paris\u2026 Nous venons justement de racheter un immeuble dans le 5e pour cr\u00e9er des logements sociaux pour les familles. Plusieurs pr\u00e9emptions sont pr\u00e9vues\u2026 Il arrive que nous transformions des logements en autre chose, mais c\u2019est en grande majorit\u00e9 l\u2019inverse qui se produit\u2026 Nous faisons 3\u2009000 logements sociaux par an\u2009!\u2009\u00bb<\/p>\n<p class=\" wall-content\">Personnalisez votre actualit\u00e9 en ajoutant vos villes et m\u00e9dias en favori avec <a href=\"https:\/\/moncompte.actu.fr\" title=\"D\u00e9couvez Mon Actu\" rel=\"nofollow noopener\" data-trk=\"{&quot;cta&quot;:{&quot;action&quot;:&quot;https:\\\/\\\/moncompte.actu.fr&quot;,&quot;category&quot;:&quot;mon compte&quot;,&quot;from&quot;:&quot;article footer&quot;,&quot;name&quot;:&quot;Mon actu&quot;,&quot;type&quot;:&quot;cta&quot;}}\" target=\"_blank\">Mon Actu<\/a>.<\/p>\n","protected":false},"excerpt":{"rendered":"Par Augustin Delaporte Publi\u00e9 le 8 sept. 2025 \u00e0 6h28 C\u2019est un m\u00e9canisme m\u00e9connu et qui, dans de&hellip;\n","protected":false},"author":2,"featured_media":374512,"comment_status":"","ping_status":"","sticky":false,"template":"","format":"standard","meta":{"footnotes":""},"categories":[1888],"tags":[1111,1928,11,1927,1777,674,1011,27,1116,1908,6459,12,1926,626,1925,25,104],"class_list":{"0":"post-374511","1":"post","2":"type-post","3":"status-publish","4":"format-standard","5":"has-post-thumbnail","7":"category-paris","8":"tag-actu","9":"tag-actu-paris","10":"tag-actualites","11":"tag-actualites-paris","12":"tag-eu","13":"tag-europe","14":"tag-fr","15":"tag-france","16":"tag-immobilier","17":"tag-logement","18":"tag-logements-sociaux","19":"tag-news","20":"tag-news-paris","21":"tag-paris","22":"tag-paris-news","23":"tag-republique-francaise","24":"tag-societe"},"share_on_mastodon":{"url":"https:\/\/pubeurope.com\/@fr\/115167017337811911","error":""},"_links":{"self":[{"href":"https:\/\/www.europesays.com\/fr\/wp-json\/wp\/v2\/posts\/374511","targetHints":{"allow":["GET"]}}],"collection":[{"href":"https:\/\/www.europesays.com\/fr\/wp-json\/wp\/v2\/posts"}],"about":[{"href":"https:\/\/www.europesays.com\/fr\/wp-json\/wp\/v2\/types\/post"}],"author":[{"embeddable":true,"href":"https:\/\/www.europesays.com\/fr\/wp-json\/wp\/v2\/users\/2"}],"replies":[{"embeddable":true,"href":"https:\/\/www.europesays.com\/fr\/wp-json\/wp\/v2\/comments?post=374511"}],"version-history":[{"count":0,"href":"https:\/\/www.europesays.com\/fr\/wp-json\/wp\/v2\/posts\/374511\/revisions"}],"wp:featuredmedia":[{"embeddable":true,"href":"https:\/\/www.europesays.com\/fr\/wp-json\/wp\/v2\/media\/374512"}],"wp:attachment":[{"href":"https:\/\/www.europesays.com\/fr\/wp-json\/wp\/v2\/media?parent=374511"}],"wp:term":[{"taxonomy":"category","embeddable":true,"href":"https:\/\/www.europesays.com\/fr\/wp-json\/wp\/v2\/categories?post=374511"},{"taxonomy":"post_tag","embeddable":true,"href":"https:\/\/www.europesays.com\/fr\/wp-json\/wp\/v2\/tags?post=374511"}],"curies":[{"name":"wp","href":"https:\/\/api.w.org\/{rel}","templated":true}]}}