{"id":374513,"date":"2025-09-08T05:26:17","date_gmt":"2025-09-08T05:26:17","guid":{"rendered":"https:\/\/www.europesays.com\/fr\/374513\/"},"modified":"2025-09-08T05:26:17","modified_gmt":"2025-09-08T05:26:17","slug":"jerome-alonzo-evoque-une-immense-faute-et-une-incompetence-du-staff-medical-des-bleus-dans-la-gestion-des-cas-doue-et-dembele","status":"publish","type":"post","link":"https:\/\/www.europesays.com\/fr\/374513\/","title":{"rendered":"J\u00e9r\u00f4me Alonzo \u00e9voque une \u00ab\u00a0immense faute\u00a0\u00bb et une \u00ab\u00a0incomp\u00e9tence du staff m\u00e9dical des Bleus\u00a0\u00bb dans la gestion des cas Dou\u00e9 et Demb\u00e9l\u00e9"},"content":{"rendered":"\n<p class=\"c-chapo \">\n  Les attaquants de l&rsquo;\u00e9quipe de France D\u00e9sir\u00e9 Dou\u00e9 et Ousmane Demb\u00e9l\u00e9 sont sortis sur blessure face \u00e0 l&rsquo;Ukraine vendredi.\n<\/p>\n<p>            lire plus tard<\/p>\n<p id=\"dialog__title\" class=\"dialog__title\">Pour sauvegarder cet article, connectez-vous ou cr\u00e9ez un compte franceinfo<\/p>\n<p class=\"dialog__description\">Sans paiement. Sans abonnement.<\/p>\n<p>        Fermer la fen\u00eatre d\u2019activation des notifications France Info<\/p>\n<p>            cr\u00e9er votre compte<\/p>\n<p>            se connecter<\/p>\n<p>        Fermer la fen\u00eatre de pr\u00e9sentation<\/p>\n<p>    <img loading=\"lazy\" decoding=\"async\" class=\"signature__image lazyload\" width=\"100\" height=\"100\" data- alt=\"\" src=\"https:\/\/www.europesays.com\/fr\/wp-content\/uploads\/2025\/05\/64a7df4c5fe71_placeholder-36b69ec8.png\"\/><\/p>\n<p>    Publi\u00e9 le 07\/09\/2025 09:48<\/p>\n<p>        Temps de lecture : 2min<\/p>\n<p>    <img decoding=\"async\"  alt=\"Logo de l'Equipe de France de football. (AFP)\" width=\"432\" height=\"243\" src=\"https:\/\/www.europesays.com\/fr\/wp-content\/uploads\/2025\/09\/phprZInVf.png\" fetchpriority=\"high\"\/><\/p>\n<p>      Logo de l&rsquo;Equipe de France de football. (AFP)<\/p>\n<p>Le coup de gueule du consultant de franceinfo J\u00e9r\u00f4me Alonzo dimanche 7 septembre. Il \u00e9voque \u00ab\u00a0une faute grave\u00a0\u00bb de la part de l&rsquo;\u00c9quipe de France, alors que deux joueurs du PSG, <a href=\"https:\/\/www.franceinfo.fr\/sports\/foot\/ousmane-dembele\/ukraine-france-la-blessure-d-ousmane-dembele-suscite-un-debut-de-polemique_7476811.html\" rel=\"nofollow noopener\" target=\"_blank\">D\u00e9sir\u00e9 Dou\u00e9 et Ousmane Demb\u00e9l\u00e9 ont quitt\u00e9 le rassemblement des Bleus<\/a> apr\u00e8s \u00eatre sortis sur blessure lors du match contre l&rsquo;Ukraine vendredi soir, comme l&rsquo;indique la F\u00e9d\u00e9ration Fran\u00e7aise de Football dans un communiqu\u00e9 samedi soir.<\/p>\n<p>\u00ab\u00a0C&rsquo;est inqui\u00e9tant pour Ousmane Demb\u00e9l\u00e9 car on parle d&rsquo;un gar\u00e7on qui, toute sa carri\u00e8re, a eu ce genre de p\u00e9pins l\u00e0. Depuis qu&rsquo;il est au PSG, \u00e7a allait beaucoup mieux. \u00c7a veut dire que pour moi, l&rsquo;immense faute et l&rsquo;immense incomp\u00e9tence du staff m\u00e9dical des Bleus, c&rsquo;est qu&rsquo;on a affaire \u00e0 un joueur qui \u00e9tait sur un terrain propice \u00e0 \u00e7a, qui a une fragilit\u00e9, qui est arriv\u00e9 bless\u00e9 au rassemblement, qui s&rsquo;est d\u00e9j\u00e0 bless\u00e9 au mois de juin et qui a fait une saison \u00e0 60 matchs\u00a0\u00bb, fustige sur franceinfo J\u00e9r\u00f4me Alonzo dimanche.<\/p>\n<p>Ousmane Demb\u00e9l\u00e9 souffre d\u2019une d\u00e9chirure des ischio-jambiers droits, D\u00e9sir\u00e9 Dou\u00e9 d\u2019une d\u00e9chirure du sol\u00e9aire du mollet droit, d\u00e9clare la FFF. Ces blessures n\u00e9cessitent plusieurs semaines de convalescence et selon le consultant de franceinfo, \u00ab\u00a0c&rsquo;est tr\u00e8s tr\u00e8s dur pour le PSG\u00a0\u00bb.<\/p>\n<p>J\u00e9r\u00f4me Alonzo qui ajoute qu&rsquo;il peut \u00ab\u00a0comprendre la col\u00e8re du PSG\u00a0\u00bb qui avait par ailleurs alert\u00e9 la F\u00e9d\u00e9ration fran\u00e7aise de football le 4 septembre, soit la veille du match des Bleus, des conditions physiques de Demb\u00e9l\u00e9 et Hernandez dans une lettre que ICI Paris-\u00cele-de-France a pu consulter. Le club parisien, champion d&rsquo;Europe en titre, d\u00e9bute sa campagne de Ligue des Champions le 17 septembre face \u00e0 l&rsquo;Atalanta, avant un d\u00e9placement \u00e0 Barcelone le 1er octobre.<\/p>\n<p>Didier Deschamps a fait appel \u00e0 <a href=\"https:\/\/www.franceinfo.fr\/sports\/foot\/equipe-de-france\/equipe-de-france-blesses-desire-doue-et-ousmane-dembele-quittent-les-bleus-kingsley-coman-appele-en-renfort_7476880.html\" rel=\"nofollow noopener\" target=\"_blank\">Kingsley Coman<\/a> dans le groupe pour pr\u00e9parer la rencontre de mardi face \u00e0 l\u2019Islande, ajoute la F\u00e9d\u00e9ration. L\u2019attaquant est attendu \u00e0 Clairefontaine ce dimanche.<\/p>\n","protected":false},"excerpt":{"rendered":"Les attaquants de l&rsquo;\u00e9quipe de France D\u00e9sir\u00e9 Dou\u00e9 et Ousmane Demb\u00e9l\u00e9 sont sortis sur blessure face \u00e0 l&rsquo;Ukraine&hellip;\n","protected":false},"author":2,"featured_media":374514,"comment_status":"","ping_status":"","sticky":false,"template":"","format":"standard","meta":{"footnotes":""},"categories":[1888],"tags":[1111,1928,11,1927,1777,674,1011,27,12,1926,626,1925,25],"class_list":{"0":"post-374513","1":"post","2":"type-post","3":"status-publish","4":"format-standard","5":"has-post-thumbnail","7":"category-paris","8":"tag-actu","9":"tag-actu-paris","10":"tag-actualites","11":"tag-actualites-paris","12":"tag-eu","13":"tag-europe","14":"tag-fr","15":"tag-france","16":"tag-news","17":"tag-news-paris","18":"tag-paris","19":"tag-paris-news","20":"tag-republique-francaise"},"share_on_mastodon":{"url":"https:\/\/pubeurope.com\/@fr\/115167021306809384","error":""},"_links":{"self":[{"href":"https:\/\/www.europesays.com\/fr\/wp-json\/wp\/v2\/posts\/374513","targetHints":{"allow":["GET"]}}],"collection":[{"href":"https:\/\/www.europesays.com\/fr\/wp-json\/wp\/v2\/posts"}],"about":[{"href":"https:\/\/www.europesays.com\/fr\/wp-json\/wp\/v2\/types\/post"}],"author":[{"embeddable":true,"href":"https:\/\/www.europesays.com\/fr\/wp-json\/wp\/v2\/users\/2"}],"replies":[{"embeddable":true,"href":"https:\/\/www.europesays.com\/fr\/wp-json\/wp\/v2\/comments?post=374513"}],"version-history":[{"count":0,"href":"https:\/\/www.europesays.com\/fr\/wp-json\/wp\/v2\/posts\/374513\/revisions"}],"wp:featuredmedia":[{"embeddable":true,"href":"https:\/\/www.europesays.com\/fr\/wp-json\/wp\/v2\/media\/374514"}],"wp:attachment":[{"href":"https:\/\/www.europesays.com\/fr\/wp-json\/wp\/v2\/media?parent=374513"}],"wp:term":[{"taxonomy":"category","embeddable":true,"href":"https:\/\/www.europesays.com\/fr\/wp-json\/wp\/v2\/categories?post=374513"},{"taxonomy":"post_tag","embeddable":true,"href":"https:\/\/www.europesays.com\/fr\/wp-json\/wp\/v2\/tags?post=374513"}],"curies":[{"name":"wp","href":"https:\/\/api.w.org\/{rel}","templated":true}]}}