{"id":374517,"date":"2025-09-08T05:28:10","date_gmt":"2025-09-08T05:28:10","guid":{"rendered":"https:\/\/www.europesays.com\/fr\/374517\/"},"modified":"2025-09-08T05:28:10","modified_gmt":"2025-09-08T05:28:10","slug":"la-cite-immersive-des-fables-a-paris-un-parcours-ludique-et-poetique-au-coeur-des-fables-de-la-fontaine","status":"publish","type":"post","link":"https:\/\/www.europesays.com\/fr\/374517\/","title":{"rendered":"\u00abLa Cit\u00e9 Immersive des Fables\u00bb \u00e0 Paris, un parcours ludique et po\u00e9tique au c\u0153ur des Fables de La Fontaine"},"content":{"rendered":"<p>\n                                            S\u00e9bastien Bordenave<\/p>\n<p>                    07h07 . le 8 septembre 2025<\/p>\n<p>            <img decoding=\"async\" alt=\"La Cit\u00e9 immersive des fables \u00e0 Paris a ouvert ce samedi 6 septembre \u00e0 Paris.\" src=\"https:\/\/www.europesays.com\/fr\/wp-content\/uploads\/2025\/09\/telechargement.jpg\" width=\"343\" height=\"228\" loading=\"lazy\"\/><\/p>\n<p>\n            La Cit\u00e9 immersive des fables \u00e0 Paris a ouvert ce samedi 6 septembre \u00e0 Paris.<\/p>\n<p>                                                    \u00a9 Europe 1<\/p>\n<p class=\"intro \">Un nouvel espace culturel a ouvert ses portes dans le 8\u00e8me\u00a0arrondissement de Paris, ce samedi 6 septembre. La \u00ab\u00a0Cit\u00e9 Immersive des Fables\u00a0\u00bb nous plonge dans l&rsquo;univers de Jean de La Fontaine, sur un parcours de 1.000 m\u00e8tres carr\u00e9s. Cette visite ludique, id\u00e9ale pour les familles, s&rsquo;accompagne de sons, de musiques et de vid\u00e9os.<\/p>\n<p>\u00c0 quelques m\u00e8tres des <a href=\"https:\/\/www.europe1.fr\/societe\/finale-de-la-ligue-des-champions-ambiance-tendue-dans-la-capitale-81-personnes-interpellees-756341\" rel=\"nofollow noopener\" target=\"_blank\">Champs-Elys\u00e9es<\/a> de Paris, la \u00ab\u00a0Cit\u00e9 Immersive des Fables\u00a0\u00bb vient d\u2019ouvrir dans le 8\u00e8me\u00a0arrondissement de Paris. Plus de 1.000 m\u00e8tre carr\u00e9 consacr\u00e9s aux Fables de Jean de La Fontaine. Europe 1 vous fait d\u00e9couvrir ce parcours immersif et sensoriel \u00e0 la sc\u00e9nographie luxuriante.\u00a0<\/p>\n<p>    La suite apr\u00e8s cette publicit\u00e9<\/p>\n<p>    La suite apr\u00e8s cette publicit\u00e9<\/p>\n<p>Un lieu immersif tout public<\/p>\n<p>Ce lieu est un immense cabinet de curiosit\u00e9 con\u00e7u pour les plus jeunes comme les plus grands. Cornaqu\u00e9e par un comit\u00e9 scientifique d\u2019historiens, la r\u00eaverie y a sa place aussi avec des d\u00e9cors v\u00e9g\u00e9talis\u00e9s f\u00e9eriques, des jeux vid\u00e9os, des d\u00e9fis d\u2019adresse, les morales des Fables qui r\u00e9sonneront en vous.<\/p>\n<p>La plume de la Fontaine est sublim\u00e9e par \u00e9cran interpos\u00e9, gr\u00e2ce aux acteurs de la Com\u00e9die fran\u00e7aise et aussi par Charles Berling, Alexandre Astier et Arielle Dombasle.<\/p>\n<p>    La suite apr\u00e8s cette publicit\u00e9<\/p>\n<p>    La suite apr\u00e8s cette publicit\u00e9<\/p>\n<p>Un projet ambitieux, ludique, po\u00e9tique, tout public, universel et intemporel. \u00ab\u00a0R\u00eavez avec Jean de la Fontaine\u00a0\u00bb, c\u2019est \u00e0 la \u00ab\u00a0Cit\u00e9 Immersive des Fables\u00a0\u00bb. Il y a \u00e9galement une Cit\u00e9 immersive \u00e0 Rouen, consacr\u00e9e cette fois aux Vikings.<\/p>\n","protected":false},"excerpt":{"rendered":"S\u00e9bastien Bordenave 07h07 . le 8 septembre 2025 La Cit\u00e9 immersive des fables \u00e0 Paris a ouvert ce&hellip;\n","protected":false},"author":2,"featured_media":374518,"comment_status":"","ping_status":"","sticky":false,"template":"","format":"standard","meta":{"footnotes":""},"categories":[1888],"tags":[11,1777,674,1011,27,12,626,25],"class_list":{"0":"post-374517","1":"post","2":"type-post","3":"status-publish","4":"format-standard","5":"has-post-thumbnail","7":"category-paris","8":"tag-actualites","9":"tag-eu","10":"tag-europe","11":"tag-fr","12":"tag-france","13":"tag-news","14":"tag-paris","15":"tag-republique-francaise"},"share_on_mastodon":{"url":"https:\/\/pubeurope.com\/@fr\/115167029056701165","error":""},"_links":{"self":[{"href":"https:\/\/www.europesays.com\/fr\/wp-json\/wp\/v2\/posts\/374517","targetHints":{"allow":["GET"]}}],"collection":[{"href":"https:\/\/www.europesays.com\/fr\/wp-json\/wp\/v2\/posts"}],"about":[{"href":"https:\/\/www.europesays.com\/fr\/wp-json\/wp\/v2\/types\/post"}],"author":[{"embeddable":true,"href":"https:\/\/www.europesays.com\/fr\/wp-json\/wp\/v2\/users\/2"}],"replies":[{"embeddable":true,"href":"https:\/\/www.europesays.com\/fr\/wp-json\/wp\/v2\/comments?post=374517"}],"version-history":[{"count":0,"href":"https:\/\/www.europesays.com\/fr\/wp-json\/wp\/v2\/posts\/374517\/revisions"}],"wp:featuredmedia":[{"embeddable":true,"href":"https:\/\/www.europesays.com\/fr\/wp-json\/wp\/v2\/media\/374518"}],"wp:attachment":[{"href":"https:\/\/www.europesays.com\/fr\/wp-json\/wp\/v2\/media?parent=374517"}],"wp:term":[{"taxonomy":"category","embeddable":true,"href":"https:\/\/www.europesays.com\/fr\/wp-json\/wp\/v2\/categories?post=374517"},{"taxonomy":"post_tag","embeddable":true,"href":"https:\/\/www.europesays.com\/fr\/wp-json\/wp\/v2\/tags?post=374517"}],"curies":[{"name":"wp","href":"https:\/\/api.w.org\/{rel}","templated":true}]}}