{"id":374522,"date":"2025-09-08T05:31:17","date_gmt":"2025-09-08T05:31:17","guid":{"rendered":"https:\/\/www.europesays.com\/fr\/374522\/"},"modified":"2025-09-08T05:31:17","modified_gmt":"2025-09-08T05:31:17","slug":"invasion-de-lukraine-des-dirigeants-europeens-aux-usa-cette-semaine-pour-discuter-de-lukraine-affirme-trump","status":"publish","type":"post","link":"https:\/\/www.europesays.com\/fr\/374522\/","title":{"rendered":"Invasion de l?Ukraine &#8211; Des dirigeants europ\u00e9ens aux USA cette semaine pour discuter de l&rsquo;Ukraine, affirme Trump"},"content":{"rendered":"<p><img decoding=\"async\" class=\"w-full object-contain\" style=\"aspect-ratio:150 \/ 100;opacity:1\" alt=\"Invasion de l?Ukraine - Des dirigeants europ\u00e9ens aux USA cette semaine pour discuter de l'Ukraine, affirme Trump\" width=\"512\" height=\"341\" fetchpriority=\"high\" src=\"https:\/\/www.europesays.com\/fr\/wp-content\/uploads\/2025\/09\/FQTLRRRPLNBZXJDONLOVA7AJIM.jpg\"  \/><\/p>\n<p class=\"ap-StoryElement ap-StoryElement--mb ap-StoryText\">\u00ab\u00a0Certains dirigeants europ\u00e9ens viendront individuellement dans notre pays lundi ou mardi\u00a0\u00bb, a-t-il d\u00e9clar\u00e9, sans pr\u00e9ciser de qui il s&rsquo;agissait. Le pr\u00e9sident am\u00e9ricain a ajout\u00e9 qu&rsquo;il s&rsquo;entretiendrait \u00ab\u00a0prochainement\u00a0\u00bb avec son homologue russe Vladimir Poutine.<\/p>\n<p class=\"ap-StoryElement ap-StoryElement--mb ap-StoryText\">Donald Trump a r\u00e9it\u00e9r\u00e9 sa confiance dans une fin rapide de la guerre. \u00ab\u00a0La situation entre la Russie et l&rsquo;Ukraine, nous allons la r\u00e9soudre\u00a0\u00bb, a-t-il lanc\u00e9.<\/p>\n<p class=\"ap-StoryElement ap-StoryElement--mb ap-StoryText\">Le pr\u00e9sident am\u00e9ricain a fait savoir qu&rsquo;il n&rsquo;\u00e9tait \u00ab\u00a0pas content\u00a0\u00bb en r\u00e9action au plus important bombardement a\u00e9rien russe jamais effectu\u00e9 sur l&rsquo;Ukraine, tuant quatre personnes et provoquant des incendies dans des bureaux gouvernementaux \u00e0 Kiev.<\/p>\n","protected":false},"excerpt":{"rendered":"\u00ab\u00a0Certains dirigeants europ\u00e9ens viendront individuellement dans notre pays lundi ou mardi\u00a0\u00bb, a-t-il d\u00e9clar\u00e9, sans pr\u00e9ciser de qui il&hellip;\n","protected":false},"author":2,"featured_media":2837,"comment_status":"","ping_status":"","sticky":false,"template":"","format":"standard","meta":{"footnotes":""},"categories":[1589],"tags":[11,2120,312,73,1866,674,1146,12,8640,132,220,1864,1865,1863,308],"class_list":{"0":"post-374522","1":"post","2":"type-post","3":"status-publish","4":"format-standard","5":"has-post-thumbnail","7":"category-etats-unis","8":"tag-actualites","9":"tag-conflit","10":"tag-diplomatie","11":"tag-etats-unis","12":"tag-etats-unis-damerique","13":"tag-europe","14":"tag-guerre","15":"tag-news","16":"tag-press","17":"tag-russie","18":"tag-ukraine","19":"tag-united-states","20":"tag-united-states-of-america","21":"tag-us","22":"tag-usa"},"share_on_mastodon":{"url":"https:\/\/pubeurope.com\/@fr\/115167040922686884","error":""},"_links":{"self":[{"href":"https:\/\/www.europesays.com\/fr\/wp-json\/wp\/v2\/posts\/374522","targetHints":{"allow":["GET"]}}],"collection":[{"href":"https:\/\/www.europesays.com\/fr\/wp-json\/wp\/v2\/posts"}],"about":[{"href":"https:\/\/www.europesays.com\/fr\/wp-json\/wp\/v2\/types\/post"}],"author":[{"embeddable":true,"href":"https:\/\/www.europesays.com\/fr\/wp-json\/wp\/v2\/users\/2"}],"replies":[{"embeddable":true,"href":"https:\/\/www.europesays.com\/fr\/wp-json\/wp\/v2\/comments?post=374522"}],"version-history":[{"count":0,"href":"https:\/\/www.europesays.com\/fr\/wp-json\/wp\/v2\/posts\/374522\/revisions"}],"wp:featuredmedia":[{"embeddable":true,"href":"https:\/\/www.europesays.com\/fr\/wp-json\/wp\/v2\/media\/2837"}],"wp:attachment":[{"href":"https:\/\/www.europesays.com\/fr\/wp-json\/wp\/v2\/media?parent=374522"}],"wp:term":[{"taxonomy":"category","embeddable":true,"href":"https:\/\/www.europesays.com\/fr\/wp-json\/wp\/v2\/categories?post=374522"},{"taxonomy":"post_tag","embeddable":true,"href":"https:\/\/www.europesays.com\/fr\/wp-json\/wp\/v2\/tags?post=374522"}],"curies":[{"name":"wp","href":"https:\/\/api.w.org\/{rel}","templated":true}]}}