{"id":374531,"date":"2025-09-08T05:36:13","date_gmt":"2025-09-08T05:36:13","guid":{"rendered":"https:\/\/www.europesays.com\/fr\/374531\/"},"modified":"2025-09-08T05:36:13","modified_gmt":"2025-09-08T05:36:13","slug":"en-direct-gaza-au-moins-48-personnes-tuees-par-larmee-israelienne-dimanche-selon-la-defense-civile-le-monde-fr","status":"publish","type":"post","link":"https:\/\/www.europesays.com\/fr\/374531\/","title":{"rendered":"En direct, Gaza : au moins 48 personnes tu\u00e9es par l\u2019arm\u00e9e isra\u00e9lienne dimanche, selon la d\u00e9fense civile &#8211; Le Monde.fr"},"content":{"rendered":"<ol>\n<li><a href=\"https:\/\/news.google.com\/rss\/articles\/CBMi_wFBVV95cUxPbTRNU0VVbFVkbXhTQkdpSGxUUjNwVVlma1BlOXBxTU1aOV9xa0VIQjdVRnZjS0hZd3BSZXBQVTZDMTBPaUNkMWNOdHdEVnN6WDU5cTM4X1IxN3dIRi1YeWwyWFcySEFTbGUzQW1oS3kxRjB0UDhVZ1Z6Xzc5RDA0MVhRc0JEX2JlSW1odkxoT2pESHRDMm13cTdnZGFDSWVRUlN3YS1lT1o1ek1uaG5jc2JWRjdoVU9UdnlJdi1YTUhBdTBhRThoOGpRT1pDbGt4SlhQUHZTYW5HWGw1YVFaTEJjWHloNHhlU1NqcUw4bmhBV0QtUDh5UmF6TWxKUWs?oc=5\" target=\"_blank\" rel=\"nofollow noopener\">En direct, Gaza : au moins 48 personnes tu\u00e9es par l\u2019arm\u00e9e isra\u00e9lienne dimanche, selon la d\u00e9fense civile<\/a>&nbsp;&nbsp;Le Monde.fr<\/li>\n<li><a href=\"https:\/\/news.google.com\/rss\/articles\/CBMipwJBVV95cUxNZjZWbnRKTkVQOGNsMkdnVkZpNDVQdlU5dTlQMHlrQi1ORGhjQVl1WUNYM1RJZnU3cWxsVnJkQXZuS1JCWjRpUzNzZXpRbEJnejloMXBqSk1ybUFQTEpVOHBKbzEwaHlQUzFtVUZhdDRLR25IOXZRaGx3QWRCVDczQzhqbUNfSjFPNDdoQW1kVkRTdkRodzFGMlBGQURjNWQ5THI0M2pwMWJkXzU5ck15ZVR1WnhjYU8yeU85Rk5BUHpCcjJZTGpQVE5HTzFKRnhRSkRTUGhIUmgtYzNDUnYyVHBCalNtN19MWWI4V2JjSVIzb2pJUkx3eUloeHZvNnMzMVQwTERsamtOLTNwanBUbDhPVDZrTWlzR0hRSmNCVmpOMjZMbjZB?oc=5\" target=\"_blank\" rel=\"nofollow noopener\">\u00ab\u00a0Il n&rsquo;y en aura pas d&rsquo;autre\u00a0\u00bb: Donald Trump envoie un \u00ab\u00a0dernier avertissement\u00a0\u00bb au Hamas sur un retour des otages<\/a>&nbsp;&nbsp;BFMTV<\/li>\n<li><a href=\"https:\/\/news.google.com\/rss\/articles\/CBMihwJBVV95cUxQSXI4aWJ6dDMzZHViNEFlRXphNnRBUUJrdVkxLUNjT1JNZnFNUXZ2eWZWWE5UbFJtWGx3cXNTWXJpUlUyQ19CTGNmdGJ1ZGxuWGl0TTBrenNLdWF1ZEE2S3A3cUFwU3d5bFlXSG11OVNfSVBTS2V5V3NZNFRua050dzg2empQazM2TFk2TUYzUF9BXzB6c0NJbnhjeXhoNlhWSDFNLWo1NF9URTVtNE1xRzdZeUxmdnlzbkhpVHh3Vl9QSzZFS0hLRnU5U0ZqckRKVHl1NWZ4V2E2eTVqa1lEc09DRjJHS0NCNmVwbFNvcENsYWJDbXJuTEg2OGVqMllYb0FxQXc5dw?oc=5\" target=\"_blank\" rel=\"nofollow noopener\">Guerre \u00e0 Gaza : le Hamas se dit \u00ab pr\u00eat \u00e0 s\u2019asseoir imm\u00e9diatement \u00e0 la table des n\u00e9gociations<\/a>&nbsp;&nbsp;Le Parisien<\/li>\n<li><a href=\"https:\/\/news.google.com\/rss\/articles\/CBMivgFBVV95cUxNRk9kUTJpWUJvdkptZU5mcGFKR0daNTFFNnFKODA3Q3Z6ZVNmYzNZNkN5dEJOaWVBX0NTaXlWM21abUdDaGltWEYxN2xTZUJNR1paZEZnNThBV3RjVV9PS3RVSWI1S0t6MGVMNUl4cUEtdHYxMDdiaGVSZ0dYV3YxSjVvYjdBMWF0X0p1Wi1fdG5DYnp2MDgtelFHZ0ZucUUtRUxlZnNKTzBEenhUd0QxM3kwdi1TSDNocTZMM1hB?oc=5\" target=\"_blank\" rel=\"nofollow noopener\">Gaza : Trump lance un \u00ab dernier avertissement \u00bb au Hamas sur les otages isra\u00e9liens<\/a>&nbsp;&nbsp;20 Minutes<\/li>\n<li><a href=\"https:\/\/news.google.com\/rss\/articles\/CBMi_wFBVV95cUxOUHIxRVlKOGtnbXRlUFBMdFlrX1dQdlNHV29ycVl3Um9ZV09mOUUtcWVjM0I3Y2VxY09SZFZPOTY2dTYwa29DYjBJTEE1S1JLSzRsOU5PNk5RaUF0V3NsYVBLdVpJTFNlUDBvdGpxc0d2eGtJOWpBR0p4QUlHUkNWT19KbWhWV0VMUFBTbUhhUzU0TG15amJwVTduWlBMWmh6MktmczJsVXVtamhidmg1bEd4ZFZMdGFhTVJPVFR0NXN6eHNoZ1FNaURlak8zTGpqUHgtMVRSRzRmRHA5SnF5SC1QUmQ2clY3Rl9RWlNmcmZMSmlVYlY5Z2JIR0d5M00?oc=5\" target=\"_blank\" rel=\"nofollow noopener\">Washington propose un accord pour la lib\u00e9ration de tous les otages et la suspension de l\u2019offensive sur Gaza<\/a>&nbsp;&nbsp;i24NEWS<\/li>\n<\/ol>\n","protected":false},"excerpt":{"rendered":"En direct, Gaza : au moins 48 personnes tu\u00e9es par l\u2019arm\u00e9e isra\u00e9lienne dimanche, selon la d\u00e9fense civile&nbsp;&nbsp;Le Monde.fr&hellip;\n","protected":false},"author":2,"featured_media":1445,"comment_status":"","ping_status":"","sticky":false,"template":"","format":"standard","meta":{"footnotes":""},"categories":[2],"tags":[11,1011,27,12,25],"class_list":{"0":"post-374531","1":"post","2":"type-post","3":"status-publish","4":"format-standard","5":"has-post-thumbnail","7":"category-actualites","8":"tag-actualites","9":"tag-fr","10":"tag-france","11":"tag-news","12":"tag-republique-francaise"},"share_on_mastodon":{"url":"https:\/\/pubeurope.com\/@fr\/115167060541504964","error":""},"_links":{"self":[{"href":"https:\/\/www.europesays.com\/fr\/wp-json\/wp\/v2\/posts\/374531","targetHints":{"allow":["GET"]}}],"collection":[{"href":"https:\/\/www.europesays.com\/fr\/wp-json\/wp\/v2\/posts"}],"about":[{"href":"https:\/\/www.europesays.com\/fr\/wp-json\/wp\/v2\/types\/post"}],"author":[{"embeddable":true,"href":"https:\/\/www.europesays.com\/fr\/wp-json\/wp\/v2\/users\/2"}],"replies":[{"embeddable":true,"href":"https:\/\/www.europesays.com\/fr\/wp-json\/wp\/v2\/comments?post=374531"}],"version-history":[{"count":0,"href":"https:\/\/www.europesays.com\/fr\/wp-json\/wp\/v2\/posts\/374531\/revisions"}],"wp:featuredmedia":[{"embeddable":true,"href":"https:\/\/www.europesays.com\/fr\/wp-json\/wp\/v2\/media\/1445"}],"wp:attachment":[{"href":"https:\/\/www.europesays.com\/fr\/wp-json\/wp\/v2\/media?parent=374531"}],"wp:term":[{"taxonomy":"category","embeddable":true,"href":"https:\/\/www.europesays.com\/fr\/wp-json\/wp\/v2\/categories?post=374531"},{"taxonomy":"post_tag","embeddable":true,"href":"https:\/\/www.europesays.com\/fr\/wp-json\/wp\/v2\/tags?post=374531"}],"curies":[{"name":"wp","href":"https:\/\/api.w.org\/{rel}","templated":true}]}}