{"id":374533,"date":"2025-09-08T05:38:15","date_gmt":"2025-09-08T05:38:15","guid":{"rendered":"https:\/\/www.europesays.com\/fr\/374533\/"},"modified":"2025-09-08T05:38:15","modified_gmt":"2025-09-08T05:38:15","slug":"dans-chaque-coin-de-france-sommeille-le-genie-francais","status":"publish","type":"post","link":"https:\/\/www.europesays.com\/fr\/374533\/","title":{"rendered":"\u00ab\u00a0Dans chaque coin de France sommeille le g\u00e9nie fran\u00e7ais\u00a0\u00bb"},"content":{"rendered":"<p>Dans la grande famille des <a class=\"Link\" href=\"https:\/\/www.lepoint.fr\/politique\/quand-francois-bayrou-dynamite-son-propre-electorat-01-09-2025-2597428_20.php\" title=\"\" data-gtm=\"click:capsule\" data-capsule=\"Lien\" target=\"_blank\" rel=\"noopener\">\u00ab\u00a0boomers\u00a0\u00bb autoproclam\u00e9s<\/a>, il y a ceux\u00a0qui regrettent le bon vieux temps, et il y a Bruno Bonnell, toujours impatient d&rsquo;\u00eatre au lendemain. \u00c0 66\u00a0ans, ce pionnier de l&rsquo;informatique, en charge du plan de relance France 2030, refuse toujours de jouer les Cassandre, en d\u00e9pit d&rsquo;une situation politique et \u00e9conomique franchement d\u00e9primante. L\u00e0 o\u00f9 d&rsquo;autres voient des menaces, il voit des opportunit\u00e9s, l\u00e0 o\u00f9 d&rsquo;autres craignent le remplacement de l&rsquo;homme par la machine, il imagine la symbiose, car, pour lui, l&rsquo;avenir est forc\u00e9ment meilleur que le pr\u00e9sent. Bonne nouvelle\u00a0: la France ne serait pas irr\u00e9m\u00e9diablement condamn\u00e9e au d\u00e9classement. Interview.<\/p>\n<p><strong><strong class=\"glbl-red\">Le Point\u00a0:<\/strong> Nous sommes \u00e0 la veille d&rsquo;une nouvelle crise politique\u00a0qui menace de se transformer en crise financi\u00e8re. Trouvez&#8230;<\/strong><\/p>\n<p>Toute l\u2019actualit\u00e9 \u00e0 1\u20ac le premier mois<\/p>\n<p><a href=\"https:\/\/abo.lepoint.fr\/?provenance=21EDI020098\" class=\"btn\" title=\"S&#039;abonner\" data-gtm=\"click:abo|display:abo\" data-campaign=\"paywall_maison\" target=\"_blank\" rel=\"noopener\">S&rsquo;abonner<\/a><\/p>\n<p>ou<\/p>\n<p>Le point du soir<\/p>\n<p class=\"period\">Tous les soirs \u00e0 partir de 18h<\/p>\n<p>Recevez l\u2019information analys\u00e9e et d\u00e9crypt\u00e9e par la r\u00e9daction du Point.<\/p>\n<p>Merci !<br \/>Votre inscription a bien \u00e9t\u00e9 prise en compte avec l&rsquo;adresse email :<\/p>\n<p>Pour d\u00e9couvrir toutes nos autres newsletters, rendez-vous ici : <a href=\"https:\/\/moncompte.lepoint.fr\/\" title=\"\" target=\"_blank\" rel=\"noopener\">MonCompte<\/a><\/p>\n<p>En vous inscrivant, vous acceptez les <a href=\"https:\/\/www.lepoint.fr\/html\/cgu\/\" title=\"Conditions g\u00e9n\u00e9rales d&#039;utilisation\" target=\"_blank\" rel=\"noopener\">conditions g\u00e9n\u00e9rales d\u2019utilisations<\/a> et notre <a href=\"https:\/\/www.lepoint.fr\/html\/politique-de-protection-donnees-personnelles\/\" title=\"Politique de confidentialit\u00e9\" target=\"_blank\" rel=\"noopener\">politique de confidentialit\u00e9<\/a>.<\/p>\n","protected":false},"excerpt":{"rendered":"Dans la grande famille des \u00ab\u00a0boomers\u00a0\u00bb autoproclam\u00e9s, il y a ceux\u00a0qui regrettent le bon vieux temps, et il&hellip;\n","protected":false},"author":2,"featured_media":374534,"comment_status":"","ping_status":"","sticky":false,"template":"","format":"standard","meta":{"footnotes":""},"categories":[4],"tags":[11,50858,1011,27,142,223,12,25],"class_list":{"0":"post-374533","1":"post","2":"type-post","3":"status-publish","4":"format-standard","5":"has-post-thumbnail","7":"category-france","8":"tag-actualites","9":"tag-bruno-bonnell","10":"tag-fr","11":"tag-france","12":"tag-high-tech","13":"tag-intelligence-artificielle","14":"tag-news","15":"tag-republique-francaise"},"share_on_mastodon":{"url":"https:\/\/pubeurope.com\/@fr\/115167068346845646","error":""},"_links":{"self":[{"href":"https:\/\/www.europesays.com\/fr\/wp-json\/wp\/v2\/posts\/374533","targetHints":{"allow":["GET"]}}],"collection":[{"href":"https:\/\/www.europesays.com\/fr\/wp-json\/wp\/v2\/posts"}],"about":[{"href":"https:\/\/www.europesays.com\/fr\/wp-json\/wp\/v2\/types\/post"}],"author":[{"embeddable":true,"href":"https:\/\/www.europesays.com\/fr\/wp-json\/wp\/v2\/users\/2"}],"replies":[{"embeddable":true,"href":"https:\/\/www.europesays.com\/fr\/wp-json\/wp\/v2\/comments?post=374533"}],"version-history":[{"count":0,"href":"https:\/\/www.europesays.com\/fr\/wp-json\/wp\/v2\/posts\/374533\/revisions"}],"wp:featuredmedia":[{"embeddable":true,"href":"https:\/\/www.europesays.com\/fr\/wp-json\/wp\/v2\/media\/374534"}],"wp:attachment":[{"href":"https:\/\/www.europesays.com\/fr\/wp-json\/wp\/v2\/media?parent=374533"}],"wp:term":[{"taxonomy":"category","embeddable":true,"href":"https:\/\/www.europesays.com\/fr\/wp-json\/wp\/v2\/categories?post=374533"},{"taxonomy":"post_tag","embeddable":true,"href":"https:\/\/www.europesays.com\/fr\/wp-json\/wp\/v2\/tags?post=374533"}],"curies":[{"name":"wp","href":"https:\/\/api.w.org\/{rel}","templated":true}]}}