{"id":374535,"date":"2025-09-08T05:41:12","date_gmt":"2025-09-08T05:41:12","guid":{"rendered":"https:\/\/www.europesays.com\/fr\/374535\/"},"modified":"2025-09-08T05:41:12","modified_gmt":"2025-09-08T05:41:12","slug":"nous-avons-eu-une-bonne-reaction-se-felicite-thomas-ramos-apres-la-victoire-de-toulouse-a-clermont","status":"publish","type":"post","link":"https:\/\/www.europesays.com\/fr\/374535\/","title":{"rendered":"\u00abNous avons eu une bonne r\u00e9action\u00bb, se f\u00e9licite Thomas Ramos apr\u00e8s la victoire de Toulouse \u00e0 Clermont"},"content":{"rendered":"<p>Ce dimanche, en cl\u00f4ture de la premi\u00e8re journ\u00e9e de Top 14, le Stade Toulousain s\u2019est impos\u00e9 sur le terrain de l\u2019ASM (24-34).<\/p>\n<p class=\"fig-paragraph\"><a href=\"http:\/\/www.lefigaro.fr\/sports\/rugby\/top-14\/top-14-toulouse-etrenne-son-titre-de-champion-par-une-victoire-a-clermont-20250907\" data-fig-type=\"NewsFlash\" data-gtm-custom-categorie=\"navigation\" data-gtm-custom-action=\"crossclick\" data-gtm-custom-label=\"Contextuel\" data-gtm-event=\"customEventSPE\" data-fig-domain=\"LEFIGARO\" target=\"_blank\" rel=\"noopener\">Toulouse s\u2019est impos\u00e9 sur le terrain de Clermont<\/a>\u00a0(<a href=\"https:\/\/www.lefigaro.fr\/sports\/rugby\/live\/top-14\/2026\/947924\/clermont-toulouse\" data-fig-type=\"Live\" data-gtm-custom-categorie=\"navigation\" data-gtm-custom-action=\"crossclick\" data-gtm-custom-label=\"Contextuel\" data-gtm-event=\"customEventSPE\" data-fig-domain=\"LEFIGARO\" target=\"_blank\" rel=\"noopener\">34-24<\/a>) dimanche en match de cl\u00f4ture de la premi\u00e8re journ\u00e9e de Top 14 affichant d\u2019ores et d\u00e9j\u00e0 ses pr\u00e9tentions pour aller chercher un quatri\u00e8me titre cons\u00e9cutif de champion de France. \u00c0 l\u2019issue de cette victoire, l\u2019arri\u00e8re international Thomas Ramos s\u2019est exprim\u00e9 au micro de Canal +. \u00abC\u2019est la reprise du Top 14. Pour un premier match de championnat, on s\u2019attendait \u00e0 une grosse intensit\u00e9 de la part des Clermontois. Je crois qu\u2019ils ont r\u00e9pondu pr\u00e9sent dans ce secteur, notamment en d\u00e9but de match o\u00f9 on a cafouill\u00e9 quelques ballons dans leur zone de marque.\u00bb<\/p>\n<p class=\"fig-paragraph\">Et le num\u00e9ro 15 des Bleus d\u2019ajouter\u00a0: \u00abOn a pris de gros plaquages offensifs de leur part. On s\u2019y \u00e9tait un peu pr\u00e9par\u00e9 mais nous avons \u00e9t\u00e9 surpris en d\u00e9but de match. On rectifie vite le tir car \u00e0 8-0 ils auraient pu vite se d\u00e9coller de nous. Mais nous avons eu une bonne r\u00e9action et dans l\u2019ensemble on fait une bonne partie.\u00bb<\/p>\n<p>                                    <a class=\"fig-a11y-skip a11y-hidden\" href=\"#fig-a11y-skip-main-inarticle\"><br \/>\n        Passer la publicit\u00e9<br \/>\n    <\/a><\/p>\n<p class=\"fig-paragraph\">Son co\u00e9quipier, le troisi\u00e8me-ligne Anthony Jelonch, a ajout\u00e9, toujours aupr\u00e8s de nos confr\u00e8res\u00a0: \u00abOn s\u2019est senti bien devant m\u00eame en premi\u00e8re mi-temps et que nous avons fait beaucoup d\u2019erreurs. J\u2019ai trouv\u00e9 que nous avons eu beaucoup de possession. Ugo Mola nous dit \u00e0 la mi-temps que nous avons eu treize ballons en zone de marque contre seulement deux c\u00f4t\u00e9 Clermontois et ils \u00e9taient juste trois points derri\u00e8re nous. Il fallait r\u00e9gler quelques d\u00e9tails en seconde mi-temps et on l\u2019a tr\u00e8s bien fait. Je suis tr\u00e8s content de l\u2019\u00e9tat d\u2019esprit. (Sur sa perc\u00e9e d\u00e9cisive) J\u2019ai le vent en poupe en ce moment. J\u2019\u00e9tais content, je me sentais bien ce (dimanche) soir. J\u2019esp\u00e8re que \u00e7a va continuer.\u00bb<\/p>\n","protected":false},"excerpt":{"rendered":"Ce dimanche, en cl\u00f4ture de la premi\u00e8re journ\u00e9e de Top 14, le Stade Toulousain s\u2019est impos\u00e9 sur le&hellip;\n","protected":false},"author":2,"featured_media":374536,"comment_status":"","ping_status":"","sticky":false,"template":"","format":"standard","meta":{"footnotes":""},"categories":[1416],"tags":[50859,1011,27,479,1468,60,476,8541],"class_list":{"0":"post-374535","1":"post","2":"type-post","3":"status-publish","4":"format-standard","5":"has-post-thumbnail","7":"category-rugby","8":"tag-anthony-jelonch","9":"tag-fr","10":"tag-france","11":"tag-rugby","12":"tag-rugby-football","13":"tag-sports","14":"tag-stade-toulousain","15":"tag-thomas-ramos"},"share_on_mastodon":{"url":"https:\/\/pubeurope.com\/@fr\/115167080124802374","error":""},"_links":{"self":[{"href":"https:\/\/www.europesays.com\/fr\/wp-json\/wp\/v2\/posts\/374535","targetHints":{"allow":["GET"]}}],"collection":[{"href":"https:\/\/www.europesays.com\/fr\/wp-json\/wp\/v2\/posts"}],"about":[{"href":"https:\/\/www.europesays.com\/fr\/wp-json\/wp\/v2\/types\/post"}],"author":[{"embeddable":true,"href":"https:\/\/www.europesays.com\/fr\/wp-json\/wp\/v2\/users\/2"}],"replies":[{"embeddable":true,"href":"https:\/\/www.europesays.com\/fr\/wp-json\/wp\/v2\/comments?post=374535"}],"version-history":[{"count":0,"href":"https:\/\/www.europesays.com\/fr\/wp-json\/wp\/v2\/posts\/374535\/revisions"}],"wp:featuredmedia":[{"embeddable":true,"href":"https:\/\/www.europesays.com\/fr\/wp-json\/wp\/v2\/media\/374536"}],"wp:attachment":[{"href":"https:\/\/www.europesays.com\/fr\/wp-json\/wp\/v2\/media?parent=374535"}],"wp:term":[{"taxonomy":"category","embeddable":true,"href":"https:\/\/www.europesays.com\/fr\/wp-json\/wp\/v2\/categories?post=374535"},{"taxonomy":"post_tag","embeddable":true,"href":"https:\/\/www.europesays.com\/fr\/wp-json\/wp\/v2\/tags?post=374535"}],"curies":[{"name":"wp","href":"https:\/\/api.w.org\/{rel}","templated":true}]}}