{"id":374537,"date":"2025-09-08T05:44:10","date_gmt":"2025-09-08T05:44:10","guid":{"rendered":"https:\/\/www.europesays.com\/fr\/374537\/"},"modified":"2025-09-08T05:44:10","modified_gmt":"2025-09-08T05:44:10","slug":"marc-marquez-peut-etre-champion-au-japon","status":"publish","type":"post","link":"https:\/\/www.europesays.com\/fr\/374537\/","title":{"rendered":"Marc Marquez peut \u00eatre champion au Japon"},"content":{"rendered":"<p>AKARTA &#8211; MotoGP 2025 vient de terminer le Grand Prix de Jakarta le week-end dernier. Marc Marquez est rest\u00e9 \u00e0 l\u2019aise en haut du classement m\u00eame s\u2019il n\u2019a pas r\u00e9ussi \u00e0 gagner.<\/p>\n<p>an a eu lieu le dimanche 7 septembre 2025. Marquez s\u2019est termin\u00e9 \u00e0 la deuxi\u00e8me place, derri\u00e8re sa s\u0153ur, Alex Marquez, suivi d\u2019Enea Bastianini en troisi\u00e8me place.<\/p>\n<p>el \u00e0 la deuxi\u00e8me place a permis \u00e0 Marquez de r\u00e9colter 487 points au classement. Il a surmont\u00e9 182 points sur la s\u0153ur d\u2019Alex qui r\u00e9sidait \u00e0 la deuxi\u00e8me place.<\/p>\n<p>: Une d\u00e9faillance finale \u00e0 la premi\u00e8re place a emp\u00each\u00e9 \u00e0 Marquez de ne pas \u00eatre en mesure de cl\u00f4turer le titre \u00e0 San Marino la semaine prochaine. Il aurait d\u00fb marquer une diff\u00e9rence de 185 points pour conserver cette chance.<\/p>\n<p>ero, bien qu\u2019il n\u2019ait pas \u00e9t\u00e9 en mesure de obtenir son titre \u00e0 San Marino, l\u2019opportunit\u00e9 de Marquez de devenir champion du monde a \u00e9t\u00e9 difficile \u00e0 arr\u00eater. Il a pu obtenir le champion du monde de cette saison en motoGP au Japon le 28 septembre 2025.<\/p>\n<p>Marquez est automatiquement devenu champion du monde s\u2019il a une diff\u00e9rence de 185 points apr\u00e8s le MotoGP du Japon sur le circuit Twin Ring Mo Azad. L\u2019opportunit\u00e9 est tr\u00e8s ouverte pour le coureur surnomm\u00e9 The Baby Alien.<\/p>\n<p>le champion du monde de cette saison est le septi\u00e8me de la carri\u00e8re de Marquez dans l\u2019ar\u00e8ne des courses MotoGP. Ce nombre corresponde automatiquement \u00e0 un record de son rival, Valentino Rossi, qui est \u00e9galement sept fois champion en MotoGP.<\/p>\n<p>quez a remport\u00e9 pour la derni\u00e8re fois le MotoGP en 2019 avant d\u2019entrer dans une p\u00e9riode difficile. Il a ensuite augment\u00e9 la saison derni\u00e8re avec l\u2019\u00e9quipe de satellite de Ducati, Gresini Racing, et a atteint le pic de cette saison dans l\u2019\u00e9quipe fabricante.<\/p>\n<p>ezezez cette saison, marquez a obtenu un total de 10 premiers podiums. Il a m\u00eame remport\u00e9 sept fois cons\u00e9cutives avant d\u2019aider Alex \u00e0 sa domination dans le MotoGP d\u2019Astakhe.<\/p>\n<p>MotoGP 2022<\/p>\n<p>The English, Chinese, Japanese, Arabic, and French versions are automatically generated by the AI. So there may still be inaccuracies in translating, please always see Indonesian as our main language.<br \/>\n                                    (system supported by DigitalSiber.id)<\/p>\n","protected":false},"excerpt":{"rendered":"AKARTA &#8211; MotoGP 2025 vient de terminer le Grand Prix de Jakarta le week-end dernier. Marc Marquez est&hellip;\n","protected":false},"author":2,"featured_media":374538,"comment_status":"","ping_status":"","sticky":false,"template":"","format":"standard","meta":{"footnotes":""},"categories":[1413],"tags":[5436,1011,27,1461,50861,1457,1456,19713,41544,50860,60],"class_list":{"0":"post-374537","1":"post","2":"type-post","3":"status-publish","4":"format-standard","5":"has-post-thumbnail","7":"category-moto","8":"tag-ar","9":"tag-fr","10":"tag-france","11":"tag-marc-marquez","12":"tag-mo-azad","13":"tag-moto","14":"tag-motocycle","15":"tag-motogp-2025","16":"tag-motogp-japon","17":"tag-motogp-japon-2025","18":"tag-sports"},"share_on_mastodon":{"url":"https:\/\/pubeurope.com\/@fr\/115167092097027162","error":""},"_links":{"self":[{"href":"https:\/\/www.europesays.com\/fr\/wp-json\/wp\/v2\/posts\/374537","targetHints":{"allow":["GET"]}}],"collection":[{"href":"https:\/\/www.europesays.com\/fr\/wp-json\/wp\/v2\/posts"}],"about":[{"href":"https:\/\/www.europesays.com\/fr\/wp-json\/wp\/v2\/types\/post"}],"author":[{"embeddable":true,"href":"https:\/\/www.europesays.com\/fr\/wp-json\/wp\/v2\/users\/2"}],"replies":[{"embeddable":true,"href":"https:\/\/www.europesays.com\/fr\/wp-json\/wp\/v2\/comments?post=374537"}],"version-history":[{"count":0,"href":"https:\/\/www.europesays.com\/fr\/wp-json\/wp\/v2\/posts\/374537\/revisions"}],"wp:featuredmedia":[{"embeddable":true,"href":"https:\/\/www.europesays.com\/fr\/wp-json\/wp\/v2\/media\/374538"}],"wp:attachment":[{"href":"https:\/\/www.europesays.com\/fr\/wp-json\/wp\/v2\/media?parent=374537"}],"wp:term":[{"taxonomy":"category","embeddable":true,"href":"https:\/\/www.europesays.com\/fr\/wp-json\/wp\/v2\/categories?post=374537"},{"taxonomy":"post_tag","embeddable":true,"href":"https:\/\/www.europesays.com\/fr\/wp-json\/wp\/v2\/tags?post=374537"}],"curies":[{"name":"wp","href":"https:\/\/api.w.org\/{rel}","templated":true}]}}