{"id":374539,"date":"2025-09-08T05:45:11","date_gmt":"2025-09-08T05:45:11","guid":{"rendered":"https:\/\/www.europesays.com\/fr\/374539\/"},"modified":"2025-09-08T05:45:11","modified_gmt":"2025-09-08T05:45:11","slug":"realiste-russell-se-satisfait-de-la-cinquieme-place-au-gp-ditalie","status":"publish","type":"post","link":"https:\/\/www.europesays.com\/fr\/374539\/","title":{"rendered":"R\u00e9aliste, Russell se satisfait de la cinqui\u00e8me place au GP d&rsquo;Italie"},"content":{"rendered":"<p>George Russell a termin\u00e9 le Grand Prix d\u2019Italie \u00e0 la cinqui\u00e8me place, d\u2019o\u00f9 il \u00e9tait parti. Positionn\u00e9 derri\u00e8re <a href=\"https:\/\/www.autohebdo.fr\/pilote\/f1\/charles-leclerc\" data-internallinksmanager029f6b8e52c=\"5\" title=\"Charles Leclerc\" target=\"_blank\" rel=\"noopener\">Charles Leclerc<\/a> qui perdait du terrain, le Britannique esp\u00e9rait d\u00e9passer son concurrent \u2013 sans succ\u00e8s. Russell resta accroch\u00e9 \u00e0 la <a href=\"https:\/\/www.autohebdo.fr\/actualites\/ecurie\/ferrari\" data-internallinksmanager029f6b8e52c=\"74\" title=\"Ferrari\" target=\"_blank\" rel=\"noopener\">Ferrari<\/a> pour le restant de la course. C\u00e9dant ainsi de pr\u00e9cieux points aux rivaux de <a href=\"https:\/\/www.autohebdo.fr\/actualites\/ecurie\/mercedes\" data-internallinksmanager029f6b8e52c=\"80\" title=\"Ecurie Mercedes F1\" target=\"_blank\" rel=\"noopener\">Mercedes<\/a> au championnat constructeurs, l\u2019Anglais s\u2019estimait malgr\u00e9 tout heureux de ce r\u00e9sultat.<\/p>\n<p>\u00ab Nous esp\u00e9rions \u00eatre \u00e0 deux dixi\u00e8mes derri\u00e8re les Ferrari, et m\u00eame un peu plus derri\u00e8re les autres, reconnaissait Russell au micro de la <a href=\"https:\/\/www.autohebdo.fr\/actualites\/f1\" data-internallinksmanager029f6b8e52c=\"1\" title=\"F1\" target=\"_blank\" rel=\"noopener\">F1<\/a>. Donc figurer \u00e0 moins que \u00e7a, j\u2019\u00e9tais raisonnablement satisfait. Je pense que nous n\u2019aurions rien pu faire de mieux. C\u2019est dommage d\u2019avoir perdu des points sur Ferrari au classement des Constructeurs, mais je reste satisfait de la course que l\u2019on a livr\u00e9 \u00bb pr\u00e9cisait le pilote Mercedes.<\/p>\n<p>George Russell soulignait le plaisir qu\u2019il avait eu \u00e0 batailler face \u00e0 son rival Charles Leclerc et sa rapide SF-25. N\u00e9anmoins, Russell acceptait avec pragmatisme que sa Mercedes avait atteint ses limites.<\/p>\n<p>\u00ab C\u2019\u00e9tait stimulant d\u2019\u00eatre au contact avec Charles, d\u00e9clarait Russell. Ils \u00e9taient si rapides dans les lignes droites. Si j\u2019avais r\u00e9ussi \u00e0 g\u00e9rer davantage mes pneus, peut-\u00eatre que \u00e7a aurait \u00e9t\u00e9 l\u00e9g\u00e8rement diff\u00e9rent, mais \u00e7a n\u2019a pas \u00e9t\u00e9 le cas. La course a \u00e9t\u00e9 plut\u00f4t ouverte, assez d\u00e9cousue pendant quelques tours, mais la cinqui\u00e8me place est l\u00e0 o\u00f9 la voiture m\u00e9rite de finir aujourd\u2019hui \u00bb admettait le pilote Mercedes.<\/p>\n<p><strong>\u00c0 LIRE AUSSI &gt; <a href=\"https:\/\/www.autohebdo.fr\/actualites\/f1\/max-verstappen-remporte-le-grand-prix-ditalie-devant-les-mclaren.html\" target=\"_blank\" rel=\"noopener\">Max Verstappen remporte le Grand Prix d\u2019Italie devant les McLaren<\/a><\/strong><\/p>\n","protected":false},"excerpt":{"rendered":"George Russell a termin\u00e9 le Grand Prix d\u2019Italie \u00e0 la cinqui\u00e8me place, d\u2019o\u00f9 il \u00e9tait parti. Positionn\u00e9 derri\u00e8re&hellip;\n","protected":false},"author":2,"featured_media":374540,"comment_status":"","ping_status":"","sticky":false,"template":"","format":"standard","meta":{"footnotes":""},"categories":[1412],"tags":[2240,1451,1452,1453,1454,1455,1011,27,9124,50409,4320,50390,60],"class_list":{"0":"post-374539","1":"post","2":"type-post","3":"status-publish","4":"format-standard","5":"has-post-thumbnail","7":"category-f1","8":"tag-charles-leclerc","9":"tag-f1","10":"tag-formula-1","11":"tag-formula1","12":"tag-formule-1","13":"tag-formule1","14":"tag-fr","15":"tag-france","16":"tag-george-russell","17":"tag-grand-prix-ditalie","18":"tag-mercedes","19":"tag-monza","20":"tag-sports"},"share_on_mastodon":{"url":"https:\/\/pubeurope.com\/@fr\/115167095904595609","error":""},"_links":{"self":[{"href":"https:\/\/www.europesays.com\/fr\/wp-json\/wp\/v2\/posts\/374539","targetHints":{"allow":["GET"]}}],"collection":[{"href":"https:\/\/www.europesays.com\/fr\/wp-json\/wp\/v2\/posts"}],"about":[{"href":"https:\/\/www.europesays.com\/fr\/wp-json\/wp\/v2\/types\/post"}],"author":[{"embeddable":true,"href":"https:\/\/www.europesays.com\/fr\/wp-json\/wp\/v2\/users\/2"}],"replies":[{"embeddable":true,"href":"https:\/\/www.europesays.com\/fr\/wp-json\/wp\/v2\/comments?post=374539"}],"version-history":[{"count":0,"href":"https:\/\/www.europesays.com\/fr\/wp-json\/wp\/v2\/posts\/374539\/revisions"}],"wp:featuredmedia":[{"embeddable":true,"href":"https:\/\/www.europesays.com\/fr\/wp-json\/wp\/v2\/media\/374540"}],"wp:attachment":[{"href":"https:\/\/www.europesays.com\/fr\/wp-json\/wp\/v2\/media?parent=374539"}],"wp:term":[{"taxonomy":"category","embeddable":true,"href":"https:\/\/www.europesays.com\/fr\/wp-json\/wp\/v2\/categories?post=374539"},{"taxonomy":"post_tag","embeddable":true,"href":"https:\/\/www.europesays.com\/fr\/wp-json\/wp\/v2\/tags?post=374539"}],"curies":[{"name":"wp","href":"https:\/\/api.w.org\/{rel}","templated":true}]}}