{"id":37454,"date":"2025-04-19T22:34:28","date_gmt":"2025-04-19T22:34:28","guid":{"rendered":"https:\/\/www.europesays.com\/fr\/37454\/"},"modified":"2025-04-19T22:34:28","modified_gmt":"2025-04-19T22:34:28","slug":"choisissez-comment-vont-etre-utilises-35-millions-deuros","status":"publish","type":"post","link":"https:\/\/www.europesays.com\/fr\/37454\/","title":{"rendered":"choisissez comment vont \u00eatre utilis\u00e9s 3,5 millions d&rsquo;euros"},"content":{"rendered":"<p>            Par<br \/>\n        <strong><br \/>\n            <a href=\"https:\/\/actu.fr\/auteur\/brian-legoff\" title=\"Consulter tous les articles de Brian Le Goff\" rel=\"nofollow noopener\" target=\"_blank\">Brian Le Goff<\/a><br \/>\n        <\/strong><\/p>\n<p>        Publi\u00e9 le<\/p>\n<p>            24 f\u00e9vr. 2025 \u00e0 7h02        <\/p>\n<p><strong>Les Rennais ont un mois.<\/strong> Du 24 f\u00e9vrier au 23 mars 2025, des dizaines de projets vont leur \u00eatre soumis dans le cadre du <a href=\"https:\/\/actu.fr\/bretagne\/rennes_35238\/sud-gare-cleunay-bourg-l-evesque-voici-les-projets-urbains-choisis-par-les-rennais_59723056.html\" rel=\"nofollow noopener\" target=\"_blank\">budget participatif de la Ville<\/a>. Ils disposent d\u2019une <strong>enveloppe de 3,5 millions d\u2019euros<\/strong> pour financer id\u00e9es et projets pour la capitale bretonne.<\/p>\n<p class=\" wall-content\">En effet, \u00e0 l\u2019automne, \u00ab\u00a0tout citoyen a pu proposer son id\u00e9e pour <strong>am\u00e9liorer l\u2019environnement et le cadre de vie<\/strong> de Rennes et la rendre plus solidaire\u00a0\u00bb, indique la Ville.<\/p>\n<p class=\" wall-content\"><strong>\u00c0 partir de ce lundi 24 f\u00e9vrier, 8 h<\/strong>, la liste des projets soumis au <strong>vote<\/strong> est publi\u00e9e sur le site <a title=\"https:\/\/url.de.m.mimecastprotect.com\/s\/TWr2C36kVqcWZPzJhgfVTQsEGU?domain=services.hosting.augure.com\" href=\"https:\/\/url.de.m.mimecastprotect.com\/s\/TWr2C36kVqcWZPzJhgfVTQsEGU?domain=services.hosting.augure.com\" target=\"_blank\" rel=\"noopener noreferrer nofollow\" data-auth=\"NotApplicable\" data-linkindex=\"1\">https:\/\/fabriquecitoyenne.fr\/<\/a>.<\/p>\n<p>Comment voter ?<\/p>\n<p class=\" wall-content\">Toutes les Rennaises et tous les Rennais peuvent voter, <strong>sans condition d\u2019\u00e2ge, ni de nationalit\u00e9<\/strong>.<\/p>\n<p class=\" wall-content\">Le vote se d\u00e9roule selon deux\u00a0 modalit\u00e9s :<\/p>\n<ul class=\" wall-content\">\n<li>le vote num\u00e9rique sur le site <a title=\"https:\/\/url.de.m.mimecastprotect.com\/s\/TWr2C36kVqcWZPzJhgfVTQsEGU?domain=services.hosting.augure.com\" href=\"https:\/\/url.de.m.mimecastprotect.com\/s\/TWr2C36kVqcWZPzJhgfVTQsEGU?domain=services.hosting.augure.com\" target=\"_blank\" rel=\"noopener noreferrer nofollow\" data-auth=\"NotApplicable\" data-linkindex=\"0\">https:\/\/fabriquecitoyenne.fr\/<\/a> ;<\/li>\n<li>le vote papier, via des urnes d\u00e9pos\u00e9es dans diff\u00e9rents lieux ou \u00e9quipements de la Ville.<\/li>\n<\/ul>\n<p>Vid\u00e9os : en ce moment sur Actu<\/p>\n<p class=\" wall-content\">Les votants doivent choisir <strong>un projet minimum<\/strong> dans la cat\u00e9gorie <strong>\u00ab\u00a0projets de quartier\u00a0\u00bb<\/strong> et\u00a0un projet minimum dans la cat\u00e9gorie <strong>\u00ab\u00a0Grands projets pour la Ville\u00a0\u00bb<\/strong>. Les habitants peuvent choisir jusqu\u2019\u00e0 dix projets. Pour ceux qui opteront pour le vote num\u00e9rique, il sera possible de modifier ses choix pendant toute la dur\u00e9e de la phase de vote.<\/p>\n<p>Jusqu\u2019\u00e0 500 000 euros pour un seul projet<\/p>\n<p class=\" wall-content\">Si les projets ont vocation \u00e0 profiter \u00e0 toutes les Rennaises et \u00e0 tous les Rennais, ils se classent dans la cat\u00e9gorie <strong>\u00ab\u00a0grand projet pour la Ville\u00a0\u00bb<\/strong> et peuvent b\u00e9n\u00e9ficier d\u2019un financement global de <strong>500 000 euros<\/strong>. S\u2019ils profitent aux habitants d\u2019un quartier, ils se classent dans la cat\u00e9gorie des<strong> \u00ab\u00a0projets de quartier\u00a0\u00bb<\/strong> et peuvent b\u00e9n\u00e9ficier d\u2019une enveloppe totale de <strong>150 000 euros<\/strong>.<\/p>\n<p class=\" wall-content\">Les <strong>r\u00e9sultats seront annonc\u00e9s le 27 mars<\/strong> prochain.<\/p>\n<p class=\" wall-content\">Alors, votez sur <a href=\"https:\/\/fabriquecitoyenne.fr\/\" rel=\"nofollow noopener\" target=\"_blank\">fabriquecitoyenne.fr<\/a> ! Les projets laur\u00e9ats seront <strong>r\u00e9alis\u00e9s dans les meilleurs d\u00e9lais<\/strong> par les services de la Ville ou de Rennes M\u00e9tropole, en lien avec les porteurs de projets.<\/p>\n<p class=\" wall-content\">Suivez toute l\u2019actualit\u00e9 de vos villes et m\u00e9dias favoris en vous inscrivant \u00e0 <a href=\"https:\/\/moncompte.actu.fr\" title=\"D\u00e9couvez Mon Actu\" rel=\"nofollow noopener\" data-trk=\"{&quot;cta&quot;:{&quot;action&quot;:&quot;https:\\\/\\\/moncompte.actu.fr&quot;,&quot;category&quot;:&quot;mon compte&quot;,&quot;from&quot;:&quot;article footer&quot;,&quot;name&quot;:&quot;Mon actu&quot;,&quot;type&quot;:&quot;cta&quot;}}\" target=\"_blank\">Mon Actu<\/a>.<\/p>\n","protected":false},"excerpt":{"rendered":"Par Brian Le Goff Publi\u00e9 le 24 f\u00e9vr. 2025 \u00e0 7h02 Les Rennais ont un mois. Du 24&hellip;\n","protected":false},"author":2,"featured_media":37455,"comment_status":"","ping_status":"","sticky":false,"template":"","format":"standard","meta":{"footnotes":""},"categories":[2821],"tags":[1111,11,829,1003,33,1777,674,1011,27,12,584,25],"class_list":{"0":"post-37454","1":"post","2":"type-post","3":"status-publish","4":"format-standard","5":"has-post-thumbnail","7":"category-rennes","8":"tag-actu","9":"tag-actualites","10":"tag-bretagne","11":"tag-budget","12":"tag-economie","13":"tag-eu","14":"tag-europe","15":"tag-fr","16":"tag-france","17":"tag-news","18":"tag-rennes","19":"tag-republique-francaise"},"share_on_mastodon":{"url":"https:\/\/pubeurope.com\/@fr\/114367015524448236","error":""},"_links":{"self":[{"href":"https:\/\/www.europesays.com\/fr\/wp-json\/wp\/v2\/posts\/37454","targetHints":{"allow":["GET"]}}],"collection":[{"href":"https:\/\/www.europesays.com\/fr\/wp-json\/wp\/v2\/posts"}],"about":[{"href":"https:\/\/www.europesays.com\/fr\/wp-json\/wp\/v2\/types\/post"}],"author":[{"embeddable":true,"href":"https:\/\/www.europesays.com\/fr\/wp-json\/wp\/v2\/users\/2"}],"replies":[{"embeddable":true,"href":"https:\/\/www.europesays.com\/fr\/wp-json\/wp\/v2\/comments?post=37454"}],"version-history":[{"count":0,"href":"https:\/\/www.europesays.com\/fr\/wp-json\/wp\/v2\/posts\/37454\/revisions"}],"wp:featuredmedia":[{"embeddable":true,"href":"https:\/\/www.europesays.com\/fr\/wp-json\/wp\/v2\/media\/37455"}],"wp:attachment":[{"href":"https:\/\/www.europesays.com\/fr\/wp-json\/wp\/v2\/media?parent=37454"}],"wp:term":[{"taxonomy":"category","embeddable":true,"href":"https:\/\/www.europesays.com\/fr\/wp-json\/wp\/v2\/categories?post=37454"},{"taxonomy":"post_tag","embeddable":true,"href":"https:\/\/www.europesays.com\/fr\/wp-json\/wp\/v2\/tags?post=37454"}],"curies":[{"name":"wp","href":"https:\/\/api.w.org\/{rel}","templated":true}]}}