{"id":374543,"date":"2025-09-08T05:47:14","date_gmt":"2025-09-08T05:47:14","guid":{"rendered":"https:\/\/www.europesays.com\/fr\/374543\/"},"modified":"2025-09-08T05:47:14","modified_gmt":"2025-09-08T05:47:14","slug":"revue-de-presse-une-figure-historique-de-lom-a-failli-signer-au-stade-rennais","status":"publish","type":"post","link":"https:\/\/www.europesays.com\/fr\/374543\/","title":{"rendered":"Revue de presse : une figure historique de l&rsquo;OM a failli signer au Stade Rennais !"},"content":{"rendered":"<p><strong>Si But! Football Club traite en premier lieu l\u2019actualit\u00e9 de certaines \u00e9quipes de l\u2019\u00e9lite, nous avons d\u00e9cid\u00e9 de vous faire un r\u00e9sum\u00e9 de ce qu\u2019il s\u2019est pass\u00e9 aujourd\u2019hui dans l\u2019autre partie \u2013 moins m\u00e9diatique \u2013 de la France du football.<\/strong><\/p>\n<p>AS Monaco : Akliouche permet \u00e0 l\u2019ASM d\u2019assoir son leadership chez les Bleus<\/p>\n<p>Entr\u00e9 dans les arr\u00eats de jeu du match face \u00e0 l\u2019Ukraine (2-0) vendredi, Maghnes Akliouche est devenu le 54e joueur de l\u2019AS Monaco \u00e0 d\u00e9buter en \u00e9quipe de France. Le club de la Principaut\u00e9 est loin devant son dauphin, l\u2019Olympique Lyonnais (42), l\u2019AS Saint-Etienne (42), l\u2019Olympique de Marseille (37) et les Girondins de Bordeaux (36).<\/p>\n<p><a href=\"https:\/\/www.butfootballclub.fr\/617473-le-fc-nantes-atomise-le-stade-rennais-la-saison-est-lancee\/\" rel=\"noopener\" target=\"_blank\">Stade Rennais<\/a> : Nasri a failli signer !\u00a0<\/p>\n<p>Samir Nasri a bien failli signer au Stade Rennais. Si l\u2019ancien milieu de terrain de l\u2019OM a d\u00e9menti un rapprochement avec le club breton suite \u00e0 l\u2019arriv\u00e9e de Jorge Sampaoli en novembre 2024, il a bel et bien \u00e9t\u00e9 contact\u00e9 lorsque le SRC \u00e9tait dirig\u00e9 par Bruno Genesio. \u00ab\u00a0\u00c7a n\u2019a jamais \u00e9t\u00e9 vrai que je rejoigne le staff de Sampaoli. En revanche, avec Bruno Genesio, il y a eu des contacts\u2026\u00a0\u00bb, a t-il r\u00e9v\u00e9l\u00e9 dans <a href=\"https:\/\/www.foot01.com\/equipe\/rennes\/rennes-samir-nasri-contacte-il-lache-un-scoop-459768\" rel=\"noopener\" target=\"_blank\">Ouest-France<\/a>. L\u2019actuel entra\u00eeneur du LOSC a \u00e9t\u00e9 nomm\u00e9 chez les Rouge et Noir en mars 2021 au moment o\u00f9 la carri\u00e8re de Nasri \u00e9tait au point mort. Le consultant de 38 ans a rat\u00e9 une belle opportunit\u00e9 puisque le Stade Rennais a disput\u00e9 l\u2019Europe d\u00e8s la saison qui a suivi.\u00a0<\/p>\n<p>OGC Nice : pas de rapprochement pr\u00e9vu avec Manchester United<\/p>\n<p>Dans son interview \u00e0 L\u2019Equipe, hier, le nouveau pr\u00e9sident de l\u2019OGC Nice, Fabrice Bocquet, a expliqu\u00e9 que des \u00e9changes de joueurs avec Manchester United, qui partage le m\u00eame propri\u00e9taire, Ineos, n\u2019\u00e9tait pas \u00e0 l\u2019ordre du jour : \u00ab\u00a0Manchester est encore dans une saison de reconstruction. Donc, m\u00eame si la maturit\u00e9 de ce projet multi-clubs va avancer, \u00e0 l\u2019instant T, Manchester s\u2019est surtout concentr\u00e9 sur sa capacit\u00e9 \u00e0 rebondir sur le court terme. Le multi-clubs au sein de l\u2019OGC Nice et Manchester, je n\u2019ai pas de doute sur le fait qu\u2019il va se d\u00e9velopper. D\u2019ailleurs, Ineos est en train de se structurer pour renforcer le fonctionnement multiple. On aura notre propre mod\u00e8le qui doit continuer \u00e0 \u00e9voluer. On gardera l\u2019identit\u00e9 OGC Nice. Ineos va s\u2019exprimer prochainement pour qu\u2019il n\u2019y ait aucune ambigu\u00eft\u00e9 sur leur positionnement\u00a0\u00bb.<\/p>\n<p>Girondins : Irl\u00e8s toujours pas satisfait<\/p>\n<p>Le FCGB s\u2019est impos\u00e9 2-1 \u00e0 domicile contre Saumur, qu\u2019il a largement domin\u00e9 mais qui a \u00e9galis\u00e9 sur p\u00e9nalty \u00e0 un quart d\u2019heure de la fin. Apr\u00e8s la rencontre, l\u2019entra\u00eeneur aquitain, Bruno Irl\u00e8s, a expliqu\u00e9 ne pas \u00eatre satisfait de la production de son \u00e9quipe : \u00ab\u00a0Non, ce n\u2019est pas un soulagement. On ne peut pas dire qu\u2019on a \u00e9t\u00e9 bons. Il y a du positif quand on se cr\u00e9e un nombre tr\u00e8s important de grosses situations. \u00c7a, c\u2019est positif. Quand vous gagnez, effectivement, c\u2019est positif aussi. Mais quand je vois le contenu, le nombre d\u2019occasions rat\u00e9es, le fait qu\u2019on ne se mette pas \u00e0 l\u2019abri, qu\u2019il n\u2019y ait pas de ma\u00eetrise, et donc que notre adversaire puisse revenir sur la fin de rencontre\u2026 Non, je ne peux pas \u00eatre satisfait de cette rencontre\u00a0\u00bb. Apr\u00e8s ce deuxi\u00e8me succ\u00e8s en quatre journ\u00e9es, les Girondins sont 7es, \u00e0 seulement trois points de la t\u00eate.<\/p>\n<p>LOSC : Mbapp\u00e9 enfin de retour !<\/p>\n<p>Quatre mois apr\u00e8s sa blessure \u00e0 un ischio-jambier contract\u00e9e lors d\u2019un d\u00e9placement \u00e0 Angers, Ethan Mbapp\u00e9 (18 ans) a retrouv\u00e9 le groupe professionnel du LOSC. Non retenu dans le groupe lillois en Ligue Europa, le fr\u00e8re cadet de Kylian poursuit sa phase de reprise avec l\u2019objectif de retrouver la comp\u00e9tition en Ligue\u00a01 dans les prochaines semaines.<\/p>\n<p>Stade de Reims : Atangana file en Arabie Saoudite<\/p>\n<p>Fin de l\u2019aventure r\u00e9moise pour\u00a0<a href=\"https:\/\/www.footmercato.net\/a524767940535354870-valentin-atangana-quitte-reims-et-rejoint-al-ahli\" rel=\"noopener\" target=\"_blank\">Valentin Atangana<\/a>. Au club champenois depuis 2015, le milieu franco-camerounais rejoint Al-Ahli, pour les trois prochaines saisons. Le RC Strasbourg a jet\u00e9 l\u2019\u00e9ponge apr\u00e8s des semaines de n\u00e9gocations intenses. Le montant du transfert est estim\u00e9 \u00e0 25 millions d\u2019euros. Il s\u2019agit de la deuxi\u00e8me plus grosse vente de l\u2019histoire du club r\u00e9mois, apr\u00e8s celle de Hugo Ekitik\u00e9 au Paris Saint-Germain, \u00e0 l\u2019\u00e9t\u00e9 2023 (28,5 millions d\u2019euros). <\/p>\n<p>Paris FC : des abonnements multipli\u00e9s par 10 !\u00a0<\/p>\n<p>Le Paris FC r\u00e9ussi sa premi\u00e8re au Stade Jean-Bouin en s\u2019imposant contre Metz (3-2), lors de la 3e journ\u00e9e de Ligue 1. Pour ce bapt\u00eame du feu, les joueurs de St\u00e9phane Gilli ont \u00e9volu\u00e9 dans une enceinte presque pleine, avec 17 345 spectateurs sur les 19 000 places disponibles. Encore plus repr\u00e9sentatif de l\u2019engouement naissant, suscit\u00e9 \u00e0 la fois par la mont\u00e9e dans l\u2019\u00e9lite du football fran\u00e7ais et par le rachat du club par la famille Arnault : L\u2019\u00c9quipe affirme que le Paris FC a multipli\u00e9 par dix le nombre de ses abonn\u00e9s, passant de 736 la saison derni\u00e8re \u00e0 7 000 cette ann\u00e9e.<\/p>\n<p>Montpellier HSC : offre d\u00e9risoire pour Omeragic<\/p>\n<p>Selon Mohamed Toubache-Ter, le Standard de Li\u00e8ge a formul\u00e9 une offre\u00a0ridicule pour\u00a0 Becir Omeragic. Un pr\u00eat payant avec une option d\u2019achat obligatoire payable en 6 \u00e9ch\u00e9ances ! Celle-ci prenait fin hier soir \u00e0 20h et a visiblement bien fait rire dans l\u2019H\u00e9rault\u2026<\/p>\n","protected":false},"excerpt":{"rendered":"Si But! Football Club traite en premier lieu l\u2019actualit\u00e9 de certaines \u00e9quipes de l\u2019\u00e9lite, nous avons d\u00e9cid\u00e9 de&hellip;\n","protected":false},"author":2,"featured_media":374544,"comment_status":"","ping_status":"","sticky":false,"template":"","format":"standard","meta":{"footnotes":""},"categories":[1410],"tags":[11,448,63,1011,27,66,3388,12,60,10662],"class_list":{"0":"post-374543","1":"post","2":"type-post","3":"status-publish","4":"format-standard","5":"has-post-thumbnail","7":"category-football","8":"tag-actualites","9":"tag-champions-league","10":"tag-football","11":"tag-fr","12":"tag-france","13":"tag-ligue-1","14":"tag-matchs","15":"tag-news","16":"tag-sports","17":"tag-transferts"},"share_on_mastodon":{"url":"https:\/\/pubeurope.com\/@fr\/115167103826696402","error":""},"_links":{"self":[{"href":"https:\/\/www.europesays.com\/fr\/wp-json\/wp\/v2\/posts\/374543","targetHints":{"allow":["GET"]}}],"collection":[{"href":"https:\/\/www.europesays.com\/fr\/wp-json\/wp\/v2\/posts"}],"about":[{"href":"https:\/\/www.europesays.com\/fr\/wp-json\/wp\/v2\/types\/post"}],"author":[{"embeddable":true,"href":"https:\/\/www.europesays.com\/fr\/wp-json\/wp\/v2\/users\/2"}],"replies":[{"embeddable":true,"href":"https:\/\/www.europesays.com\/fr\/wp-json\/wp\/v2\/comments?post=374543"}],"version-history":[{"count":0,"href":"https:\/\/www.europesays.com\/fr\/wp-json\/wp\/v2\/posts\/374543\/revisions"}],"wp:featuredmedia":[{"embeddable":true,"href":"https:\/\/www.europesays.com\/fr\/wp-json\/wp\/v2\/media\/374544"}],"wp:attachment":[{"href":"https:\/\/www.europesays.com\/fr\/wp-json\/wp\/v2\/media?parent=374543"}],"wp:term":[{"taxonomy":"category","embeddable":true,"href":"https:\/\/www.europesays.com\/fr\/wp-json\/wp\/v2\/categories?post=374543"},{"taxonomy":"post_tag","embeddable":true,"href":"https:\/\/www.europesays.com\/fr\/wp-json\/wp\/v2\/tags?post=374543"}],"curies":[{"name":"wp","href":"https:\/\/api.w.org\/{rel}","templated":true}]}}