{"id":374551,"date":"2025-09-08T05:52:11","date_gmt":"2025-09-08T05:52:11","guid":{"rendered":"https:\/\/www.europesays.com\/fr\/374551\/"},"modified":"2025-09-08T05:52:11","modified_gmt":"2025-09-08T05:52:11","slug":"vanessa-paradis-admirative-de-son-fils-jack-depp-23-ans-des-choses-trop-belles","status":"publish","type":"post","link":"https:\/\/www.europesays.com\/fr\/374551\/","title":{"rendered":"Vanessa Paradis admirative de son fils Jack Depp, 23 ans : \u201cDes choses trop belles\u201d"},"content":{"rendered":"<p>                                    <img decoding=\"async\" src=\"https:\/\/www.europesays.com\/fr\/wp-content\/uploads\/2025\/09\/7214686739ec6dd78aaaff4eded17ecab132251988e08cad90c2a1823ad6a6e3.jpg\" alt=\"GALA VID\u00c9O - Vanessa Paradis\u00a0: ce qu'il faut conna\u00eetre\" class=\"a11y-hidden\" fetchpriority=\"high\"\/><\/p>\n<p class=\"fig-standfirst\">Ce dimanche 7 septembre, Vanessa Paradis \u00e9tait l\u2019invit\u00e9e d\u2019Anthony Martin dans Laissez-vous tenter sur RTL. Durant cet entretien, la chanteuse s\u2019est longuement \u00e9panch\u00e9e sur ses enfants, faisant par la m\u00eame occasion de belles confidences sur les talents de son fils Jack.<\/p>\n<p class=\"fig-paragraph\">Vanessa Paradis est une m\u00e8re tr\u00e8s fi\u00e8re de ses enfants. De sa pr\u00e9c\u00e9dente\u00a0<a href=\"https:\/\/www.gala.fr\/l_actu\/news_de_stars\/johnny-depp-et-vanessa-paradis-au-fait-pourquoi-se-sont-ils-separes_492169\" data-fig-type=\"Article\" data-gtm-custom-categorie=\"navigation\" data-gtm-custom-action=\"crossclick\" data-gtm-custom-label=\"Contextuel\" data-gtm-event=\"customEventSPE\" data-fig-domain=\"GALA\" rel=\"nofollow noopener\" target=\"_blank\">idylle avec l\u2019acteur am\u00e9ricain<\/a>\u00a0Johnny Depp, la chanteuse fran\u00e7aise a donn\u00e9 naissance \u00e0\u00a0<a href=\"http:\/\/www.gala.fr\/l_actu\/news_de_stars\/johnny-depp-papa-nostalgique-ses-belles-confidences-sur-lily-rose-et-jack-je-suis-atteint-du-syndrome-du-nid-vide-20250626\" data-fig-type=\"Article\" data-gtm-custom-categorie=\"navigation\" data-gtm-custom-action=\"crossclick\" data-gtm-custom-label=\"Contextuel\" data-gtm-event=\"customEventSPE\" data-fig-domain=\"GALA\" rel=\"nofollow noopener\" target=\"_blank\">Lily-Rose ainsi qu\u2019\u00e0 Jack<\/a>. Lors de son passage au micro du journaliste Anthony Martin, ce 7 septembre dans l\u2019\u00e9mission\u00a0<a href=\"https:\/\/www.rtl.fr\/programmes\/laissez-vous-tenter\/7900538581-l-emission-ses-enfants-son-couple-son-album-les-confidences-de-vanessa-paradis\" target=\"_blank\" rel=\"nofollow noopener\" data-gtm-custom-categorie=\"navigation\" data-gtm-custom-action=\"crossclick\" data-gtm-custom-label=\"Contextuel\" data-gtm-event=\"customEventSPE\">Laissez-vous tenter sur RTL<\/a>, on apprend que son cadet a collabor\u00e9 avec elle sur le titre \u00c9l\u00e9ment \u2013 tir\u00e9 de son prochain album intitul\u00e9 Le retour des beaux jours, disponible d\u00e8s le 10 octobre prochain. Non seulement\u00a0<a href=\"http:\/\/www.gala.fr\/l_actu\/news_de_stars\/vanessa-paradis-de-retour-a-la-musique-cette-belle-nouvelle-qui-va-accompagner-votre-ete-20250605\" data-fig-type=\"Article\" data-gtm-custom-categorie=\"navigation\" data-gtm-custom-action=\"crossclick\" data-gtm-custom-label=\"Contextuel\" data-gtm-event=\"customEventSPE\" data-fig-domain=\"GALA\" rel=\"nofollow noopener\" target=\"_blank\">tr\u00e8s fi\u00e8re de cette collaboration entre m\u00e8re et fils<\/a>, l\u2019artiste n\u2019a pas tari d\u2019\u00e9loges au sujet de son grand gar\u00e7on.<\/p>\n<p class=\"fig-paragraph\">\u00ab [Cette collaboration] est n\u00e9e, parce qu\u2019\u00e0 force de l\u2019entendre composer des choses trop belles, \u00e0 c\u00f4t\u00e9 de moi \u2013 et moi qui cherche \u00e0 \u00e9crire des bonnes chansons \u2013, bah je lui ai demand\u00e9 si je pouvais avoir ce morceau, parmi les autres qu\u2019il fait, et il m\u2019a beaucoup inspir\u00e9e parce que c\u2019est un super compositeur\u00a0\u00bb, a rapidement assur\u00e9 Vanessa Paradis au sujet de sa collaboration musicale avec son cadet. Des confidences, partag\u00e9es avec beaucoup d\u2019admiration, qui en disent long sur le respect qu\u2019a l\u2019artiste\u00a0<a href=\"http:\/\/www.gala.fr\/l_actu\/news_de_stars\/johnny-depp-et-vanessa-paradis-leur-fils-jack-un-jeune-homme-talentueux-et-discret-qui-trace-sa-propre-route-20250628\" data-fig-type=\"Article\" data-gtm-custom-categorie=\"navigation\" data-gtm-custom-action=\"crossclick\" data-gtm-custom-label=\"Contextuel\" data-gtm-event=\"customEventSPE\" data-fig-domain=\"GALA\" rel=\"nofollow noopener\" target=\"_blank\">pour le travail de son fils<\/a>.<\/p>\n<p>    <a href=\"#slideshow-header\"><\/p>\n<p class=\"fig-slideshow__title\">\n                    PHOTOS &#8211; Marion Cotillard et Guillaume Canet, Vanessa Paradis et Johnny Depp\u2026 D\u00e9sormais s\u00e9par\u00e9s, ces couples mythiques nous ont fait r\u00eaver\n                <\/p>\n<p>    <\/a><\/p>\n<p>                                    <a class=\"fig-a11y-skip a11y-hidden\" href=\"#fig-a11y-skip-main-inarticle\"><br \/>\n        Passer la publicit\u00e9<br \/>\n    <\/a><\/p>\n<p>Vanessa Paradis\u00a0: pour son prochain album, Lily-Rose a \u00e9galement particip\u00e9<\/p>\n<p class=\"fig-paragraph\">Si Jack Depp a eu l\u2019occasion de collaborer sur le nouvel album de sa m\u00e8re, sa\u00a0<a href=\"http:\/\/www.gala.fr\/l_actu\/news_de_stars\/lily-rose-depp-grande-soeur-comblee-ses-tendres-confidences-sur-sa-relation-avec-son-frere-jack-20241212\" data-fig-type=\"Article\" data-gtm-custom-categorie=\"navigation\" data-gtm-custom-action=\"crossclick\" data-gtm-custom-label=\"Contextuel\" data-gtm-event=\"customEventSPE\" data-fig-domain=\"GALA\" rel=\"nofollow noopener\" target=\"_blank\">grande s\u0153ur, Lily-Rose<\/a>, n\u2019a clairement pas \u00e9t\u00e9 oubli\u00e9e par l\u2019artiste. Loin de l\u00e0. Dans la suite de cet entretien, Vanessa Paradis a \u00e9galement assur\u00e9 qu\u2019un des textes \u00e9crits par sa fille a\u00een\u00e9e a \u00e9galement \u00e9t\u00e9 utilis\u00e9 pour le bien de son prochain album. \u00ab \u00c7a me pla\u00eet\u00a0! Je ne le ferais pas si ce qu\u2019ils font [ses enfants, NDLR] ne me plaisait pas. [&#8230;] Il se trouve que ce qu\u2019ils font m\u2019inspire beaucoup\u00a0\u00bb, a-t-elle poursuivi. Avant de r\u00e9agir \u00e0 la remarque du journaliste, qui lui a assur\u00e9 qu\u2019elle mettait beaucoup ses proches en avant dans ses projets\u00a0: \u00ab Je fais plein d\u2019autres choses avec eux. Il n\u2019y a pas de probl\u00e8me pour passer du temps avec eux.\u00a0\u00bb En d\u00e9finitive, Vanessa Paradis est v\u00e9ritablement une f\u00e9rue des cr\u00e9ations de ses enfants.<\/p>\n<p class=\"fig-paragraph\">Article \u00e9crit en collaboration avec 6M\u00e9dias.<\/p>\n","protected":false},"excerpt":{"rendered":"Ce dimanche 7 septembre, Vanessa Paradis \u00e9tait l\u2019invit\u00e9e d\u2019Anthony Martin dans Laissez-vous tenter sur RTL. Durant cet entretien,&hellip;\n","protected":false},"author":2,"featured_media":374552,"comment_status":"","ping_status":"","sticky":false,"template":"","format":"standard","meta":{"footnotes":""},"categories":[1355],"tags":[9260,58,59,652,1742,1011,27,2173,50862,1361,873,1095,9353,10245],"class_list":{"0":"post-374551","1":"post","2":"type-post","3":"status-publish","4":"format-standard","5":"has-post-thumbnail","7":"category-musique","8":"tag-confidences","9":"tag-divertissement","10":"tag-entertainment","11":"tag-famille","12":"tag-fils","13":"tag-fr","14":"tag-france","15":"tag-interview","16":"tag-jack-depp","17":"tag-music","18":"tag-musique","19":"tag-projet","20":"tag-revelation","21":"tag-vanessa-paradis"},"share_on_mastodon":{"url":"https:\/\/pubeurope.com\/@fr\/115167123849460287","error":""},"_links":{"self":[{"href":"https:\/\/www.europesays.com\/fr\/wp-json\/wp\/v2\/posts\/374551","targetHints":{"allow":["GET"]}}],"collection":[{"href":"https:\/\/www.europesays.com\/fr\/wp-json\/wp\/v2\/posts"}],"about":[{"href":"https:\/\/www.europesays.com\/fr\/wp-json\/wp\/v2\/types\/post"}],"author":[{"embeddable":true,"href":"https:\/\/www.europesays.com\/fr\/wp-json\/wp\/v2\/users\/2"}],"replies":[{"embeddable":true,"href":"https:\/\/www.europesays.com\/fr\/wp-json\/wp\/v2\/comments?post=374551"}],"version-history":[{"count":0,"href":"https:\/\/www.europesays.com\/fr\/wp-json\/wp\/v2\/posts\/374551\/revisions"}],"wp:featuredmedia":[{"embeddable":true,"href":"https:\/\/www.europesays.com\/fr\/wp-json\/wp\/v2\/media\/374552"}],"wp:attachment":[{"href":"https:\/\/www.europesays.com\/fr\/wp-json\/wp\/v2\/media?parent=374551"}],"wp:term":[{"taxonomy":"category","embeddable":true,"href":"https:\/\/www.europesays.com\/fr\/wp-json\/wp\/v2\/categories?post=374551"},{"taxonomy":"post_tag","embeddable":true,"href":"https:\/\/www.europesays.com\/fr\/wp-json\/wp\/v2\/tags?post=374551"}],"curies":[{"name":"wp","href":"https:\/\/api.w.org\/{rel}","templated":true}]}}