{"id":374557,"date":"2025-09-08T05:56:15","date_gmt":"2025-09-08T05:56:15","guid":{"rendered":"https:\/\/www.europesays.com\/fr\/374557\/"},"modified":"2025-09-08T05:56:15","modified_gmt":"2025-09-08T05:56:15","slug":"un-symbole-demancipation-et-dacceptation-de-soi-le-breton-leo-provost-est-champion-deurope-de-la-coupe-mulet","status":"publish","type":"post","link":"https:\/\/www.europesays.com\/fr\/374557\/","title":{"rendered":"\u00ab\u00a0Un symbole d\u2019\u00e9mancipation et d\u2019acceptation de soi\u00a0\u00bb\u00a0: le Breton L\u00e9o Provost est champion d\u2019Europe de la coupe mulet"},"content":{"rendered":"<p>Deux ans qu\u2019il se pr\u00e9parait\u00a0! Enfin, apr\u00e8s avoir tent\u00e9 sa chance une premi\u00e8re fois, en 2023, le Breton L\u00e9o Provost, 23 ans, a \u00e9t\u00e9 sacr\u00e9 champion d\u2019Europe de la coupe mulet, samedi 6 septembre,<a href=\"https:\/\/euromulet.com\/\" target=\"_blank\" rel=\"noopener\"> \u00e0 Ch\u00e9niers, dans la Creuse, o\u00f9 le concours \u00ab\u00a0Euromulet\u00a0\u00bb se d\u00e9roule une ann\u00e9e sur deux, en alternance avec la Belgique<\/a>.<\/p>\n<p>\u00ab\u00a0\u00c7a fait deux ans et demi que je laisse pousser mes cheveux\u00a0\u00bb, confie celui qui est install\u00e9 \u00e0 Carantec (29), depuis 2024, o\u00f9 il travaille dans la brasserie artisanale Brasserie Graphique. Et qui tient \u00e0 souligner le talent de sa coiffeuse, Lady June, de Morlaix (29), \u00ab\u00a0qui m\u2019a soutenu depuis que je lui parle du concours. C\u2019est elle qui a donn\u00e9 sa structure \u00e0 la coupe, il y a sa signature\u00a0\u00bb.<\/p>\n<p><img decoding=\"async\" src=\"https:\/\/www.europesays.com\/fr\/wp-content\/uploads\/2025\/09\/68bdb46385de3db273021f2a.1.jpeg\" width=\"480\" height=\"300\" class=\"web_golden_m\" loading=\"lazy\" alt=\"L\u00e9o Provost apr\u00e8s l\u2019annonce de sa victoire comme champion d\u2019Europe de la coupe mulet.\"\/>L\u00e9o Provost apr\u00e8s l\u2019annonce de sa victoire comme champion d\u2019Europe de la coupe mulet. (Photo Eline Lefeunten)Quatorze sur sc\u00e8ne<\/p>\n<p>Mais sa victoire ne tient pas qu\u2019\u00e0 cette coupe embl\u00e9matique des ann\u00e9es 1970 et 1980, avec les cheveux courts sur le devant et longs dans le cou. Pour se d\u00e9marquer parmi tous les candidats, il faut \u00ab\u00a0surprendre\u00a0\u00bb le jury et susciter le maximum d\u2019applaudissements. Alors, quitte \u00e0 y aller, L\u00e9o Provost n\u2019a pas fait les choses \u00e0 moiti\u00e9. Il a pu compter sur ses acolytes de la Battle Acad\u00e9mie, une association de jeux de r\u00f4les rennaise.<\/p>\n<blockquote><p>La coupe mulet, c\u2019\u00e9tait un d\u00e9fi que je me suis lanc\u00e9 au d\u00e9part, comme beaucoup, mais c\u2019est aussi une fa\u00e7on de dire qu\u2019on s\u2019assume<\/p><\/blockquote>\n<p>Quatorze personnes sont mont\u00e9es sur sc\u00e8ne. \u00ab\u00a0\u00c7a fait des mois qu\u2019on pr\u00e9pare tout un sc\u00e9nario autour de mon personnage\u00a0: le chevalier de la coupe mulet. On est tous passionn\u00e9s par la p\u00e9riode m\u00e9di\u00e9vale. On avait les tenues et les accessoires. Les copains avaient fait des banni\u00e8res et j\u2019avais m\u00eame une cape sigl\u00e9e Euromulet 2025\u00a0!\u00a0\u00bb, raconte le jeune homme. Les Rennais ont aussi install\u00e9 un camp m\u00e9di\u00e9val sur le site du festival, ils proposaient des verres d\u2019hypocras, des pi\u00e8ces de monnaie \u00e0 l\u2019effigie du chevalier de la coupe mulet ont \u00e9t\u00e9 imprim\u00e9es en 3D et ils ont simul\u00e9 des combats\u2026 \u00ab\u00a0C\u2019\u00e9tait un grand d\u00e9lire, une blague dans ce festival qui est aussi une immense blague\u00a0!\u00a0\u00bb<\/p>\n<p><img decoding=\"async\" src=\"https:\/\/www.europesays.com\/fr\/wp-content\/uploads\/2025\/09\/68bdb46340a950074a007293.1.jpeg\" width=\"480\" height=\"300\" class=\"web_golden_m\" loading=\"lazy\" alt=\"Pour se pr\u00e9senter au concours, L\u00e9o Provost a imagin\u00e9 un personnage de Chevalier de la coupe mulet, avec une v\u00e9ritable mise en sc\u00e8ne pour l\u2019incarner, aid\u00e9 de ses amis de l\u2019association de jeux de r\u00f4les rennaise Battle Acad\u00e9mie.\"\/>Pour se pr\u00e9senter au concours, L\u00e9o Provost a imagin\u00e9 un personnage de Chevalier de la coupe mulet, avec une v\u00e9ritable mise en sc\u00e8ne pour l\u2019incarner, aid\u00e9 de ses amis de l\u2019association de jeux de r\u00f4les rennaise Battle Acad\u00e9mie. (Photo L\u00e9o Provost)\u00ab\u00a0Une fa\u00e7on de dire qu\u2019on s\u2019assume\u00a0\u00bb<\/p>\n<p>Une blague, certes, mais qui promeut aussi un \u00e9tat d\u2019esprit. \u00ab\u00a0La coupe mulet, c\u2019\u00e9tait un d\u00e9fi que je me suis lanc\u00e9 au d\u00e9part, comme beaucoup, mais c\u2019est aussi une fa\u00e7on de dire qu\u2019on s\u2019assume. C\u2019est un symbole d\u2019acceptation et d\u2019\u00e9mancipation face au conformisme. Elle a perdu de son apparence ringarde\u00a0\u00bb, assure le champion d\u2019Europe qui doit conserver son look au moins jusqu\u2019en 2026, pour le prochain championnat d\u2019Europe. Et apr\u00e8s\u00a0? \u00ab\u00a0Tant que je m\u2019y retrouverai dans les valeurs que \u00e7a pr\u00f4ne, je garderai mon mulet\u00a0!\u00a0\u00bb<\/p>\n","protected":false},"excerpt":{"rendered":"Deux ans qu\u2019il se pr\u00e9parait\u00a0! Enfin, apr\u00e8s avoir tent\u00e9 sa chance une premi\u00e8re fois, en 2023, le Breton&hellip;\n","protected":false},"author":2,"featured_media":374558,"comment_status":"","ping_status":"","sticky":false,"template":"","format":"standard","meta":{"footnotes":""},"categories":[8],"tags":[11,829,20248,58,765,59,3321,1011,27,2131,584],"class_list":{"0":"post-374557","1":"post","2":"type-post","3":"status-publish","4":"format-standard","5":"has-post-thumbnail","7":"category-divertissement","8":"tag-actualites","9":"tag-bretagne","10":"tag-carantec","11":"tag-divertissement","12":"tag-en-continu","13":"tag-entertainment","14":"tag-finistere","15":"tag-fr","16":"tag-france","17":"tag-morlaix","18":"tag-rennes"},"share_on_mastodon":{"url":"https:\/\/pubeurope.com\/@fr\/115167139272378056","error":""},"_links":{"self":[{"href":"https:\/\/www.europesays.com\/fr\/wp-json\/wp\/v2\/posts\/374557","targetHints":{"allow":["GET"]}}],"collection":[{"href":"https:\/\/www.europesays.com\/fr\/wp-json\/wp\/v2\/posts"}],"about":[{"href":"https:\/\/www.europesays.com\/fr\/wp-json\/wp\/v2\/types\/post"}],"author":[{"embeddable":true,"href":"https:\/\/www.europesays.com\/fr\/wp-json\/wp\/v2\/users\/2"}],"replies":[{"embeddable":true,"href":"https:\/\/www.europesays.com\/fr\/wp-json\/wp\/v2\/comments?post=374557"}],"version-history":[{"count":0,"href":"https:\/\/www.europesays.com\/fr\/wp-json\/wp\/v2\/posts\/374557\/revisions"}],"wp:featuredmedia":[{"embeddable":true,"href":"https:\/\/www.europesays.com\/fr\/wp-json\/wp\/v2\/media\/374558"}],"wp:attachment":[{"href":"https:\/\/www.europesays.com\/fr\/wp-json\/wp\/v2\/media?parent=374557"}],"wp:term":[{"taxonomy":"category","embeddable":true,"href":"https:\/\/www.europesays.com\/fr\/wp-json\/wp\/v2\/categories?post=374557"},{"taxonomy":"post_tag","embeddable":true,"href":"https:\/\/www.europesays.com\/fr\/wp-json\/wp\/v2\/tags?post=374557"}],"curies":[{"name":"wp","href":"https:\/\/api.w.org\/{rel}","templated":true}]}}