{"id":374567,"date":"2025-09-08T06:01:22","date_gmt":"2025-09-08T06:01:22","guid":{"rendered":"https:\/\/www.europesays.com\/fr\/374567\/"},"modified":"2025-09-08T06:01:22","modified_gmt":"2025-09-08T06:01:22","slug":"voici-lagenda-des-manifestations-et-des-blocages-prevus-le-8-et-le-10-septembre","status":"publish","type":"post","link":"https:\/\/www.europesays.com\/fr\/374567\/","title":{"rendered":"voici l&rsquo;agenda des manifestations et des blocages pr\u00e9vus le 8 et le 10 septembre"},"content":{"rendered":"<p melodystyle=\"texte\">Est-ce que Fran\u00e7ois Bayrou sera toujours en poste lundi 8\u00a0septembre ? <a href=\"https:\/\/www.lamanchelibre.fr\/actualite-1187832-politique-si-bayrou-tombe-la-cible-suivante-sera-macron\" target=\"_blank\" rel=\"nofollow noopener\">Le Premier ministre devrait se soumettre vers 15h \u00e0 un vote de confiance<\/a>, apr\u00e8s son discours de politique g\u00e9n\u00e9rale. S&rsquo;il ne rassemble pas assez de suffrages en sa faveur, il devra pr\u00e9senter sa d\u00e9mission \u00e0 Emmanuel Macron. Le Rassemblement national, La France insoumise et les \u00e9cologistes ont d\u00e9j\u00e0 annonc\u00e9 qu&rsquo;ils voteraient contre le gouvernement. Les R\u00e9publicains et les socialistes restent divis\u00e9s. La survie politique de Fran\u00e7ois Bayrou est donc plus qu&rsquo;incertaine.\u00a0<\/p>\n<p>L&rsquo;agenda des \u00ab\u00a0pots de d\u00e9parts\u00a0\u00bb<\/p>\n<p melodystyle=\"texte\">Certains anticipent d\u00e9j\u00e0 son d\u00e9part.\u00a0Lanc\u00e9 \u00e0 la mi-ao\u00fbt sur les r\u00e9seaux sociaux, <a href=\"https:\/\/www.lamanchelibre.fr\/actualite-1187864-normandie-les-gilets-jaunes-de-retour-dans-une-semaine\" target=\"_blank\" rel=\"nofollow noopener\">le mouvement \u00ab\u00a0Bloquons-tout\u00a0\u00bb<\/a>\u00a0souhaite mener des actions de blocage dans tout l&rsquo;Hexagone. Dans la Manche, le collectif \u00ab\u00a0Indignons-nous Saint-L\u00f4\u00a0\u00bb veut organiser \u00ab\u00a0un pot de d\u00e9part\u00a0\u00bb de Fran\u00e7ois Bayrou lundi 8\u00a0septembre \u00e0 20h devant la mairie. Les premiers participants se donnent rendez-vous sur l&rsquo;ile Mosselman, \u00e0 deux pas du cin\u00e9ma de Saint-L\u00f4, \u00e0 19h. Un pot similaire est organis\u00e9 \u00e0 20h devant <a href=\"https:\/\/www.lamanchelibre.fr\/actualite-1188588-vire-la-colere-du-mouvement-bloquons-tout-se-structure-avec-la-rentree\" target=\"_blank\" rel=\"nofollow noopener\">la mairie de Vire<\/a>. Un \u00ab\u00a0pot de d\u00e9part\u00a0\u00bb devrait avoir aussi lieu\u00a0devant la mairie d&rsquo;Avranches. A Cherbourg, les manifestants se donnent rendez-vous \u00e0 19h devant la mairie pour le d\u00e9part potentiel du Premier ministre.<\/p>\n<p>Le programme du 10 septembre<\/p>\n<p melodystyle=\"texte\">L&rsquo;essentiel des manifestations devrait avoir lieu mercredi 10 septembre. Le mouvement de protestation \u00e9tant r\u00e9cent, certaines actions restent \u00e0 pr\u00e9ciser. Voici les principales relev\u00e9es sur les messageries locales\u00a0des r\u00e9seaux T\u00e9l\u00e9gram et Signal.\u00a0<\/p>\n<p melodystyle=\"texte\">\u2022 Saint-L\u00f4 : Rendez-vous du collectif \u00ab\u00a0Indignons-nous\u00a0\u00bb \u00e0 7h sur la plage verte, suivie d&rsquo;une manifestation intersyndical \u00e0 11h \u00e0 la pr\u00e9fecture. Manifestation\u00a0d\u00e8s\u00a08h de la CFDT\u00a0au rond-point de la Maison du d\u00e9partement.<\/p>\n<p melodystyle=\"texte\">\u2022 Coutances : <a href=\"https:\/\/www.lamanchelibre.fr\/actualite-1188557-coutances-bloquons-tout-les-syndicats-appellent-a-un-rassemblement\" target=\"_blank\" rel=\"nofollow noopener\">manifestation syndicale<\/a> \u00e0 10h30 sur la place de l&rsquo;h\u00f4tel de Ville.<\/p>\n<p melodystyle=\"texte\">\u2022 Cherbourg : Selon une carte du collectif \u00ab\u00a0Bloquons tous\u00a0\u00bb, certains manifestants seront pr\u00e9sents sur le port de Cherbourg \u00e0 8h. Des actions auront potentiellement lieu sur l&rsquo;esplanade de la gare SNCF.<\/p>\n<p melodystyle=\"texte\">\u2022 Caen :\u00a0Les manifestants de \u00ab\u00a0Caen10septembre\u00a0\u00bb se donnent rendez-vous \u00e0 4h du matin au rond-point du Castorama, route de Ouistreham et au centre routier, 14, rue des fr\u00e8res Lumi\u00e8re. Une action est pr\u00e9vue devant le d\u00e9p\u00f4t p\u00e9trolier Cotiers \u00e0 Mondeville \u00e0 8h. Une manifestation est aussi organis\u00e9e \u00e0 18h, place Saint-Pierre en centre-ville.<\/p>\n<p melodystyle=\"texte\">\u2022 Vire : manifestation \u00e0 10h devant la Porte-Horloge.<\/p>\n<p melodystyle=\"texte\">\u2022 Bayeux : manifestation \u00e0 15h sur la place de la mairie.<\/p>\n","protected":false},"excerpt":{"rendered":"Est-ce que Fran\u00e7ois Bayrou sera toujours en poste lundi 8\u00a0septembre ? Le Premier ministre devrait se soumettre vers&hellip;\n","protected":false},"author":2,"featured_media":374568,"comment_status":"","ping_status":"","sticky":false,"template":"","format":"standard","meta":{"footnotes":""},"categories":[2],"tags":[11,1011,27,12],"class_list":{"0":"post-374567","1":"post","2":"type-post","3":"status-publish","4":"format-standard","5":"has-post-thumbnail","7":"category-actualites","8":"tag-actualites","9":"tag-fr","10":"tag-france","11":"tag-news"},"share_on_mastodon":{"url":"https:\/\/pubeurope.com\/@fr\/115167159203966714","error":""},"_links":{"self":[{"href":"https:\/\/www.europesays.com\/fr\/wp-json\/wp\/v2\/posts\/374567","targetHints":{"allow":["GET"]}}],"collection":[{"href":"https:\/\/www.europesays.com\/fr\/wp-json\/wp\/v2\/posts"}],"about":[{"href":"https:\/\/www.europesays.com\/fr\/wp-json\/wp\/v2\/types\/post"}],"author":[{"embeddable":true,"href":"https:\/\/www.europesays.com\/fr\/wp-json\/wp\/v2\/users\/2"}],"replies":[{"embeddable":true,"href":"https:\/\/www.europesays.com\/fr\/wp-json\/wp\/v2\/comments?post=374567"}],"version-history":[{"count":0,"href":"https:\/\/www.europesays.com\/fr\/wp-json\/wp\/v2\/posts\/374567\/revisions"}],"wp:featuredmedia":[{"embeddable":true,"href":"https:\/\/www.europesays.com\/fr\/wp-json\/wp\/v2\/media\/374568"}],"wp:attachment":[{"href":"https:\/\/www.europesays.com\/fr\/wp-json\/wp\/v2\/media?parent=374567"}],"wp:term":[{"taxonomy":"category","embeddable":true,"href":"https:\/\/www.europesays.com\/fr\/wp-json\/wp\/v2\/categories?post=374567"},{"taxonomy":"post_tag","embeddable":true,"href":"https:\/\/www.europesays.com\/fr\/wp-json\/wp\/v2\/tags?post=374567"}],"curies":[{"name":"wp","href":"https:\/\/api.w.org\/{rel}","templated":true}]}}