{"id":374569,"date":"2025-09-08T06:02:16","date_gmt":"2025-09-08T06:02:16","guid":{"rendered":"https:\/\/www.europesays.com\/fr\/374569\/"},"modified":"2025-09-08T06:02:16","modified_gmt":"2025-09-08T06:02:16","slug":"journees-europeennes-du-patrimoine-2025-que-faire-dans-la-loire","status":"publish","type":"post","link":"https:\/\/www.europesays.com\/fr\/374569\/","title":{"rendered":"Journ\u00e9es europ\u00e9ennes\u00a0du patrimoine 2025\u00a0: que faire dans la Loire\u00a0?"},"content":{"rendered":"<p class=\"is-style-chapo\">La 42\u00e8me \u00e9dition des Journ\u00e9es europ\u00e9enne du patrimoine aura lieu les vendredi 19, samedi 20 et dimanche 21 septembre. L\u2019occasion de visiter des sites prestigieux ou insolites, pour la plupart traditionnellement ferm\u00e9s au public. De nombreuses initiatives sont prises dans la Loire, et nous ne pourrons malheureusement pas toutes les relayer. N\u00e9anmoins, la r\u00e9daction de If Saint-Etienne a r\u00e9alis\u00e9 une liste non exhaustive des sites \u00e0 visiter.<\/p>\n<p><img loading=\"lazy\" decoding=\"async\" width=\"1024\" height=\"576\" src=\"https:\/\/www.europesays.com\/fr\/wp-content\/uploads\/2025\/09\/IMG_8549-1-1024x576.jpg\" alt=\"Journ\u00e9es patrimoine\" class=\"wp-image-80351\"  \/>La Maison sans escalier, \u00e0 Saint-Etienne. \u00a9JT\/ If Saint-Etienne.<\/p>\n<p>1 \u2013 La pr\u00e9fecture et la r\u00e9sidence de Cizeron<\/p>\n<p>Vous souhaitez d\u00e9couvrir la pr\u00e9fecture ? Une visite est organis\u00e9e samedi \u00e0 14h, pour d\u00e9couvrir la salle des f\u00eates et les petits salons. Dimanche, \u00e0 10h, il sera \u00e9galement possible de visiter la r\u00e9sidence pr\u00e9fectorale de Cizeron, \u00e0 Saint-Genest-Lerpt. Pour s\u2019inscrire, vous devez envoyer vos nom, pr\u00e9nom, e-mail et num\u00e9ro de t\u00e9l\u00e9phone \u00e0 <a href=\"http:\/\/www.if-saint-etienne.fr\/cdn-cgi\/l\/email-protection#7a0a1b080e1f141b08131b0e093a161513081f541d150f0c541c08\" target=\"_blank\" rel=\"noopener\">[email\u00a0protected]<\/a>. Le nombre de places est limit\u00e9.<\/p>\n<p>2 \u2013 La Cit\u00e9 du design<\/p>\n<p>La <a href=\"https:\/\/www.if-saint-etienne.fr\/culture-loisirs\/la-biennale-du-design-renoue-avec-ses-premieres-amours\" target=\"_blank\" rel=\"noreferrer noopener\">Cit\u00e9 du Design<\/a> ouvre ses portes samedi et dimanche \u00e0 l\u2019occasion des Journ\u00e9es europ\u00e9ennes du patrimoine. L\u2019occasion de d\u00e9couvrir diff\u00e9rentes animations, des expositions, des visites guid\u00e9es, des ateliers et jeux, mais aussi de pouvoir monter au sommet de la Tour observatoire pour b\u00e9n\u00e9ficier d\u2019une vue \u00e0 360\u00b0 sur la ville.<\/p>\n<p>3 \u2013 Banque de France<\/p>\n<p>\u00c0 l\u2019occasion des JEP, la Banque de France de Saint-Etienne ouvrira ses portes au public pour la derni\u00e8re fois dans ses locaux historiques, vendredi 19 et samedi 20, \u00e0 14h. L\u2019occasion de d\u00e9couvrir, le temps d\u2019une visite comment\u00e9e, les locaux de cette succursale d\u00e9partementale datant de 1836. Uniquement sur <a href=\"https:\/\/my.weezevent.com\/derniere-visite-des-locaux-historiques-de-la-banque-de-france?_gl=1*13uwxc8*_gcl_au*NTEyNzUyNjA5LjE3NTE1Mjc1NzYuMjMyMDY4ODUzLjE3NTIyMjQ4MDIuMTc1MjIyNDgyOA..*_ga*MTYyNzE2NjM2MS4xNzI2MTI1OTY3*_ga_39H9VBFX7G*czE3NTIyMjQ3NzIkbzIyJGcxJHQxNzUyMjI1MDcwJGoxMSRsMCRoMTI1NDcyNjc5Nw..\" target=\"_blank\" rel=\"noreferrer noopener\">r\u00e9servation<\/a>.<\/p>\n<p>4 \u2013 La Maison sans escalier<\/p>\n<p>Samedi et dimanche, de 10h30 \u00e0 11h30, puis de 14h30 \u00e0 15h30, d\u00e9couvrez la Maison sans escalier, au 54 boulevard Daguerre \u00e0 Saint-Etienne. Con\u00e7ue par l\u2019architecte Auguste Bossu dans les ann\u00e9es 30, il s\u2019agit d\u2019un lieu insolite avec sa pente douce \u00e0 la place du traditionnel escalier. Sur <a href=\"https:\/\/www.helloasso.com\/associations\/maison-ligerienne-de-l-architecture-et-des-territoires\/evenements\/visite-de-la-maison-sans-escalier-n-54\" target=\"_blank\" rel=\"noreferrer noopener\">r\u00e9servation<\/a>.<\/p>\n<p>5 \u2013 Le Mus\u00e9e de la mine<\/p>\n<p>Samedi et dimanche, de 10 h \u00e0 18 h, venez d\u00e9couvrir ou red\u00e9couvrir le Mus\u00e9e de la mine \u00e0 travers des visites guid\u00e9es, des jeux, des expositions, pour petits et grands. En revanche, pas de descente en galerie sur ces deux jours. <a href=\"https:\/\/musee-mine.saint-etienne.fr\/journ%C3%A9es-europ%C3%A9ennes-du-patrimoine-2025\" target=\"_blank\" rel=\"noreferrer noopener\">Renseignements ici<\/a>.<\/p>\n<p><img loading=\"lazy\" decoding=\"async\" width=\"1024\" height=\"576\" src=\"https:\/\/www.europesays.com\/fr\/wp-content\/uploads\/2025\/09\/IMG_4013-scaled-e1657725263667-1024x576.jpg\" alt=\"\" class=\"wp-image-35787\"  \/>\u00a9JT\/ If Saint-Etienne<\/p>\n<p>6 \u2013 Site Le Corbusier<\/p>\n<p>A Firminy, l\u2019ensemble des b\u00e2timents du site <a href=\"https:\/\/www.if-saint-etienne.fr\/breves\/le-rappeur-georgio-investit-le-corbusier\" target=\"_blank\" rel=\"noreferrer noopener\">Le Corbusier<\/a> ouvre ses portes samedi et dimanche \u00e0 l\u2019occasion des Journ\u00e9es europ\u00e9ennes du patrimoine. Samedi \u00e0 10h30, une visite guid\u00e9e de la Maison de la culture et de l\u2019Eglise Saint-Pierre est propos\u00e9e sur <a href=\"https:\/\/sitelecorbusier.com\/actualites\/evenements\/\" target=\"_blank\" rel=\"noreferrer noopener\">r\u00e9servation<\/a> au 04 77 61 08. 72.<\/p>\n<p>7 \u2013 Saint-Just Saint-Rambert<\/p>\n<p>Samedi et dimanche, d\u00e9couvrez le patrimoine rambertois \u00e0 travers des visites de la mairie, du quartier m\u00e9di\u00e9val de Saint-Rambert, ou diff\u00e9rentes expositions comme \u00ab\u00a0Des bateaux et des hommes\u00a0\u00bb. <a href=\"https:\/\/www.stjust-strambert.fr\/evenement\/journees-europeennes-du-patrimoine-a-saint-just-saint-rambert\/\" target=\"_blank\" rel=\"noreferrer noopener\">Renseignements ici<\/a>.<\/p>\n<p>8 \u2013 Au cin\u00e9ma<\/p>\n<p>A Saint-Chamond, le cin\u00e9ma <a href=\"https:\/\/saint-chamond.veocinemas.fr\/evenements\/47345-cetait-mieux-avant-and-visite-des-cabines-du-cinema\/\" target=\"_blank\" rel=\"noreferrer noopener\">V\u00e9o Grand Lumi\u00e8re<\/a> organise des visites guid\u00e9es des cabines du cin\u00e9ma samedi et dimanche apr\u00e8s-midi. L\u2019occasion de plonger dans les coulisses des projectionnistes, l\u00e0 o\u00f9 la magie op\u00e8re. Inscription obligatoire au 04 77 22 12 18.<\/p>\n<p>9 \u2013 Le Mus\u00e9e Joseph D\u00e9chelette<\/p>\n<p>A Roanne, le <a href=\"https:\/\/www.museederoanne.fr\/visites-activites\/visites-activites\/manifestations-nationales\/journees-europeennes-du-patrimoine-2025.html\" target=\"_blank\" rel=\"noreferrer noopener\">Mus\u00e9e Joseph D\u00e9chelette<\/a> organise des animations tout le week-end, \u00e0 l\u2019occasion des Journ\u00e9es europ\u00e9ennes du patrimoine. Au programme, un jeu enqu\u00eate, des visites guid\u00e9es, des ateliers cr\u00e9atifs, ou encore des concerts et d\u00e9ambulations musicales.<\/p>\n<p>10 \u2013 Th\u00e9\u00e2tre de Roanne<\/p>\n<p>Samedi et dimanche, \u00e0 partir de 10h, il sera possible d\u2019assister \u00e0 une visite guid\u00e9e du <a href=\"https:\/\/www.theatrederoanne.fr\/la-saison-en-cours\/tous-les-spectacles-de-la-saison-705\/2025\/9\/20\/journees-europeennes-du-patrimoine-14938.html?cHash=9df14edfd581a8f5c39b52e4a45c221f\" target=\"_blank\" rel=\"noreferrer noopener\">th\u00e9\u00e2tre de Roanne<\/a> pendant 1h. Le d\u00e9part des visites aura lieu toutes les 30 minutes et permettra de d\u00e9ambuler \u00e0 travers les \u00e9tages de cet \u00e9difice de 1885. Des anecdotes viendront ponctuer l\u2019exp\u00e9rience. A noter qu\u2019une visite en langue des signes fran\u00e7aise sera dispens\u00e9e le samedi \u00e0 10h30. Les apr\u00e8s-midis seront r\u00e9serv\u00e9s aux visites libres.<\/p>\n<p><img loading=\"lazy\" decoding=\"async\" width=\"1024\" height=\"576\" src=\"https:\/\/www.europesays.com\/fr\/wp-content\/uploads\/2025\/09\/1280720-4-1024x576.png\" alt=\"\" class=\"wp-image-10971\"  \/><\/p>\n<p>11 \u2013 La Maison des avocats<\/p>\n<p>Samedi, de 9h30 \u00e0 12h30, l\u2019ancienne chambre de commerce, devenue Maison des avocats ouvre ses portes au public sur r\u00e9servation. L\u2019occasion, notamment, de d\u00e9couvrir le plafond de la salle d\u2019honneur r\u00e9alis\u00e9 par Albert Maignan qui comporte plusieurs m\u00e9daillons ex\u00e9cut\u00e9s par Emile Noirot. Inscription au 04 77 25 74 32.<\/p>\n<p>12 \u2013 La Com\u00e9die<\/p>\n<p>Samedi 20 septembre, c\u2019est l\u2019occasion d\u2019entrer dans les coulisses de la <a href=\"https:\/\/www.lacomedie.fr\/journees-europeennes-du-patrimoine\" target=\"_blank\" rel=\"noreferrer noopener\">Com\u00e9die de Saint-Etienne<\/a>, \u00e0 travers une visite guid\u00e9e entre 13h et 17h. Un membre du personnel vous fera visiter le b\u00e2timent, avec son plateau ses loges et ses espaces techniques. A noter que la visite dont le d\u00e9part est \u00e0 15h sera traduite en lange des signes fran\u00e7ais. R\u00e9servation obligatoire.<\/p>\n<p>13 \u2013 Ecole d\u2019architecture<\/p>\n<p>Cr\u00e9\u00e9e au d\u00e9but des ann\u00e9es 70, <a href=\"https:\/\/www.st-etienne.archi.fr\/\" target=\"_blank\" rel=\"noreferrer noopener\">l\u2019\u00e9cole nationale d\u2019architecture<\/a> de Saint-Etienne est install\u00e9e dans une ancienne rubanerie, construite entre 1857 et 1864. Samedi et dimanche, elle ouvre ses portes au public pour des visites guid\u00e9es par des \u00e9l\u00e8ves de l\u2019\u00e9cole. Les visites auront lieu sur les deux jours \u00e0 9h30, 11h, et 14h.<\/p>\n<p>14 \u2013 La Chartreuse<\/p>\n<p>Samedi et dimanche, d\u00e9couvrez le site de <a href=\"https:\/\/www.if-saint-etienne.fr\/politique-societe\/la-valorisation-de-la-chartreuse-de-sainte-croix-en-jarez-franchit-une-etape-en-attendant-beaucoup-plus\" target=\"_blank\" rel=\"noreferrer noopener\">la Chartreuse<\/a> \u00e0 Sainte-Croix-en-Jarez, de 10h30 \u00e0 12h30, puis de 13h30 \u00e0 17h30. A l\u2019occasion des JEP, deux journ\u00e9es de visites libres sont propos\u00e9es, de cette chartreuse devenue village. Sur place, des guides pourront r\u00e9pondre \u00e0 vos questions.<\/p>\n<p>15 \u2013 La Diana<\/p>\n<p>Samedi et dimanche, de 9h30 \u00e0 18h30, vous pourrez d\u00e9couvrir la Diana, \u00e0 Montbrison. En acc\u00e8s libre, la salle h\u00e9raldique d\u00e9voilera sa vo\u00fbte blasonn\u00e9e du XIII\u00e8me si\u00e8cle et son d\u00e9cor n\u00e9ogothique, orn\u00e9e de plus de 1 700 blasons. Ce si\u00e8ge d\u2019une biblioth\u00e8que patrimoniale a des airs de Poudlard.<\/p>\n<p><img loading=\"lazy\" decoding=\"async\" width=\"1024\" height=\"576\" src=\"https:\/\/www.europesays.com\/fr\/wp-content\/uploads\/2025\/05\/16955250-1024x576.jpg\" alt=\"Chartreuse\" class=\"wp-image-77129\"  \/><\/p>\n<p>16 \u2013 Mus\u00e9e du tissage et de la soierie<\/p>\n<p>Samedi et dimanche, \u00e0 Bussi\u00e8res, le <a href=\"https:\/\/www.museedutissage.com\/les-animations\" target=\"_blank\" rel=\"noreferrer noopener\">Mus\u00e9e du tissage et de la soierie<\/a> propose de visiter un ancien atelier de tissage du village, l\u2019atelier Giraud, aujourd\u2019hui r\u00e9serve du mus\u00e9e. Ce dernier, lui-m\u00eame install\u00e9 au c\u0153ur d\u2019une ancienne usine de soierie, organise des d\u00e9monstrations de tissage sur d\u2019anciens m\u00e9tiers.<\/p>\n<p>17 \u2013 Rochetaill\u00e9e<\/p>\n<p>Direction Rochetaill\u00e9e samedi 20 septembre pour une visite d\u00e9taill\u00e9e de son ch\u00e2teau-fort, son \u00e9glise, sa chapelle, de 14h30 \u00e0 16h00. Le nombre de place est limit\u00e9 \u00e0 25. Inscription obligatoire \u00e0 <a href=\"http:\/\/www.if-saint-etienne.fr\/cdn-cgi\/l\/email-protection#97e4f2f4e5f2e3f6e5fef6e3b9ffe7e4f2a3a5d7f0faf6fefbb9f4f8fa\" target=\"_blank\" rel=\"noopener\">[email\u00a0protected]<\/a> ou 04 77 25 74 32.<\/p>\n<p>18 \u2013 La Maison du passementier<\/p>\n<p>Dimanche, de 14h \u00e0 18h, la Maison du passementier \u00e0 Saint-Jean-Bonnefonds organise des visites de ce patrimoine architectural typique de la r\u00e9gion. Les d\u00e9parts des visites sont pr\u00e9vus \u00e0 14h30, 15h30, et 16h30. R\u00e9servations \u00e0 <a href=\"http:\/\/www.if-saint-etienne.fr\/cdn-cgi\/l\/email-protection#96e6f7e5e5f3fbf3f8e2fff3e4d6e0fffafaf3bbe5e2bbfcf3f7f8bbf4f9f8f8f3f0f9f8f2e5b8f0e4\" target=\"_blank\" rel=\"noopener\">[email\u00a0protected]<\/a> ou au 04 77 95 07 03.<\/p>\n<p>19 \u2013 Abbaye de Charlieu<\/p>\n<p>Samedi et dimanche, l\u2019abbaye de Charlieu ouvre ses portes au public de 10h \u00e0 13h, puis de 14h \u00e0 18h. L\u2019acc\u00e8s sera possible en visite flash de 20 minutes, ou encore de l\u2019expo de st\u00e9nop\u00e9s.<\/p>\n<p>20 \u2013 Maison des Grenadi\u00e8res<\/p>\n<p>A Cervi\u00e8res, la <a href=\"https:\/\/www.if-saint-etienne.fr\/economie\/grenadieres-un-savoir-faire-de-filles-en-aiguille\" target=\"_blank\" rel=\"noreferrer noopener\">Maison des Grenadi\u00e8res<\/a> ouvre ses portes au public samedi et dimanche apr\u00e8s-midi. L\u2019occasion de rencontrer la brodeuse au fil d\u2019or Dagmar Ruffili, et d\u2019assister \u00e0 une d\u00e9monstration de son art. Un savoir-faire local perp\u00e9tu\u00e9 au sein de ce village historique.<\/p>\n<p><img loading=\"lazy\" decoding=\"async\" width=\"1024\" height=\"576\" src=\"https:\/\/www.europesays.com\/fr\/wp-content\/uploads\/2025\/09\/DD-1-1024x576.jpg\" alt=\"\" class=\"wp-image-78969\"  \/><\/p>\n<p>21 \u2013 Mausa H07<\/p>\n<p>Samedi et dimanche, et si ce n\u2019est pas d\u00e9j\u00e0 fait, visitez le <a href=\"https:\/\/www.if-saint-etienne.fr\/culture-loisirs\/a-saint-chamond-le-mausa-h07-a-recu-ses-cles-dans-les-regles-de-lart\" target=\"_blank\" rel=\"noreferrer noopener\">Mausa<\/a> 07 \u00e0 Saint-Chamond, \u00e0 11h. L\u2019occasion de d\u00e9couvrir l\u2019exposition du moment, intitul\u00e9e <a href=\"https:\/\/mausa.billetterie.museum\/detail-activite\/visite-libre\" target=\"_blank\" rel=\"noreferrer noopener\">NoMad<\/a>, \u00e0 laquelle 15 personnalit\u00e9s du street art mondiales ont particip\u00e9, pour pr\u00e9senter leurs cr\u00e9ations sur des caravanes vintage.<\/p>\n","protected":false},"excerpt":{"rendered":"La 42\u00e8me \u00e9dition des Journ\u00e9es europ\u00e9enne du patrimoine aura lieu les vendredi 19, samedi 20 et dimanche 21&hellip;\n","protected":false},"author":2,"featured_media":374570,"comment_status":"","ping_status":"","sticky":false,"template":"","format":"standard","meta":{"footnotes":""},"categories":[9653],"tags":[1111,11,50863,2430,50864,1777,674,1011,27,50865,47275,50866,12,33894,25,4001],"class_list":{"0":"post-374569","1":"post","2":"type-post","3":"status-publish","4":"format-standard","5":"has-post-thumbnail","7":"category-saint-etienne","8":"tag-actu","9":"tag-actualites","10":"tag-admiratif","11":"tag-auvergne-rhone-alpes","12":"tag-banque-de-france-loire","13":"tag-eu","14":"tag-europe","15":"tag-fr","16":"tag-france","17":"tag-jep","18":"tag-journees-europeennes-du-patrimoine","19":"tag-maison-sans-escaliers-saint-etienne","20":"tag-news","21":"tag-prefecture-de-la-loire","22":"tag-republique-francaise","23":"tag-saint-etienne"},"share_on_mastodon":{"url":"https:\/\/pubeurope.com\/@fr\/115167162981179264","error":""},"_links":{"self":[{"href":"https:\/\/www.europesays.com\/fr\/wp-json\/wp\/v2\/posts\/374569","targetHints":{"allow":["GET"]}}],"collection":[{"href":"https:\/\/www.europesays.com\/fr\/wp-json\/wp\/v2\/posts"}],"about":[{"href":"https:\/\/www.europesays.com\/fr\/wp-json\/wp\/v2\/types\/post"}],"author":[{"embeddable":true,"href":"https:\/\/www.europesays.com\/fr\/wp-json\/wp\/v2\/users\/2"}],"replies":[{"embeddable":true,"href":"https:\/\/www.europesays.com\/fr\/wp-json\/wp\/v2\/comments?post=374569"}],"version-history":[{"count":0,"href":"https:\/\/www.europesays.com\/fr\/wp-json\/wp\/v2\/posts\/374569\/revisions"}],"wp:featuredmedia":[{"embeddable":true,"href":"https:\/\/www.europesays.com\/fr\/wp-json\/wp\/v2\/media\/374570"}],"wp:attachment":[{"href":"https:\/\/www.europesays.com\/fr\/wp-json\/wp\/v2\/media?parent=374569"}],"wp:term":[{"taxonomy":"category","embeddable":true,"href":"https:\/\/www.europesays.com\/fr\/wp-json\/wp\/v2\/categories?post=374569"},{"taxonomy":"post_tag","embeddable":true,"href":"https:\/\/www.europesays.com\/fr\/wp-json\/wp\/v2\/tags?post=374569"}],"curies":[{"name":"wp","href":"https:\/\/api.w.org\/{rel}","templated":true}]}}