{"id":374571,"date":"2025-09-08T06:03:27","date_gmt":"2025-09-08T06:03:27","guid":{"rendered":"https:\/\/www.europesays.com\/fr\/374571\/"},"modified":"2025-09-08T06:03:27","modified_gmt":"2025-09-08T06:03:27","slug":"asse-3-stephanois-brillent-en-equipe-de-france-2","status":"publish","type":"post","link":"https:\/\/www.europesays.com\/fr\/374571\/","title":{"rendered":"ASSE : 3 St\u00e9phanois brillent en \u00e9quipe de France !"},"content":{"rendered":"<p><strong>Trois jeunes joueurs de l\u2019ASSE ont \u00e9t\u00e9 convoqu\u00e9s par Bernard Diom\u00e8de en <a href=\"https:\/\/www.fff.fr\/article\/15186-deux-fois-l-irlande-a-clairefontaine.html\" target=\"_blank\" rel=\"noreferrer nofollow noopener\">\u00c9quipe de France U19<\/a> pour un double affrontement amical contre l\u2019Irlande, au CNF Clairefontaine. Une nouvelle \u00e9tape importante dans leur progression.<\/strong><\/p>\n<p>Le premier rassemblement de la saison est toujours scrut\u00e9 avec attention, et du c\u00f4t\u00e9 de l\u2019ASSE, il sera suivi de pr\u00e8s. Le s\u00e9lectionneur national Bernard Diom\u00e8de a en effet retenu trois jeunes Verts dans sa liste de vingt-deux joueurs : Axel Dodote, solide d\u00e9fenseur central, Luan Gadegbeku, milieu de terrain polyvalent, et <a href=\"https:\/\/peuple-vert.fr\/asse-actualite\/%F0%9F%94%8D-portrait-nadir-el-jamali-lesthete-du-football\/\" target=\"_blank\" rel=\"noreferrer nofollow noopener\">Nadir El Jamali<\/a>, milieu offensif prometteur.<\/p>\n<p>Pour Gadegbeku et El Jamali, cette convocation vient r\u00e9compenser leurs d\u00e9buts remarqu\u00e9s avec le groupe professionnel cette saison. Dodote, de son c\u00f4t\u00e9, continue d\u2019impressionner avec la r\u00e9serve, apr\u00e8s une pr\u00e9paration estivale convaincante aupr\u00e8s des pros.<\/p>\n<p>La g\u00e9n\u00e9ration 2007, qui avait termin\u00e9 sur le podium de la Coupe de l\u2019amiti\u00e9 UEFA en juin, entame une nouvelle \u00e9tape de son d\u00e9veloppement. \u00c0 Clairefontaine, les U19 affronteront deux fois la R\u00e9publique d\u2019Irlande : vendredi 5 septembre \u00e0 16h00 puis lundi 8 septembre \u00e0 11h00.Ces deux tests amicaux doivent permettre au staff tricolore de poser les bases du travail collectif et d\u2019\u00e9valuer les joueurs avant les \u00e9ch\u00e9ances officielles. Pour les jeunes st\u00e9phanois, c\u2019est aussi l\u2019opportunit\u00e9 de confirmer leur potentiel face \u00e0 une opposition relev\u00e9e. Ce rassemblement marque le d\u00e9but d\u2019une saison cruciale pour les Bleuets. L\u2019\u00c9quipe de France U19 pr\u00e9pare activement le tour 1 de qualifications pour l\u2019Euro 2026, qui se tiendra en novembre prochain au pays de Galles (28 juin \u2013 11 juillet 2026).<\/p>\n<p>Les 3 st\u00e9phanois \u00e9taient titulaires. L\u2019\u00e9quipe de France U19 a parfaitement lanc\u00e9 sa saison en s\u2019imposant 4-1 contre la R\u00e9publique d\u2019Irlande, vendredi 5 septembre au CNF Clairefontaine. Les jeunes Tricolores ont rapidement pris l\u2019avantage gr\u00e2ce \u00e0 Enzo Molebe, auteur d\u2019un doubl\u00e9 en l\u2019espace de quatre minutes (22e et 26e). Ce d\u00e9part id\u00e9al a toutefois \u00e9t\u00e9 frein\u00e9 peu avant la pause : Alfie Lynskey a relanc\u00e9 les Irlandais d\u2019une frappe qui a r\u00e9duit l\u2019\u00e9cart (2-1, 44e). Au retour des vestiaires, les Bleuets ont poursuivi leur domination mais se sont heurt\u00e9s \u00e0 un Marcus Gill inspir\u00e9 dans les cages adverses. Finalement, la pression fran\u00e7aise a \u00e9t\u00e9 r\u00e9compens\u00e9e \u00e0 la 71e minute, lorsque Zaid Seha a inscrit le troisi\u00e8me but pour redonner de l\u2019air \u00e0 son \u00e9quipe. Entr\u00e9 en cours de jeu, Quentin Ndjantou a conclu la rencontre \u00e0 la 84e, portant le score \u00e0 4-1. Un succ\u00e8s convaincant qui lance id\u00e9alement les U19 dans leur campagne.<\/p>\n","protected":false},"excerpt":{"rendered":"Trois jeunes joueurs de l\u2019ASSE ont \u00e9t\u00e9 convoqu\u00e9s par Bernard Diom\u00e8de en \u00c9quipe de France U19 pour un&hellip;\n","protected":false},"author":2,"featured_media":374572,"comment_status":"","ping_status":"","sticky":false,"template":"","format":"standard","meta":{"footnotes":""},"categories":[9653],"tags":[1111,11,2430,1777,674,1011,27,12,25,4001],"class_list":{"0":"post-374571","1":"post","2":"type-post","3":"status-publish","4":"format-standard","5":"has-post-thumbnail","7":"category-saint-etienne","8":"tag-actu","9":"tag-actualites","10":"tag-auvergne-rhone-alpes","11":"tag-eu","12":"tag-europe","13":"tag-fr","14":"tag-france","15":"tag-news","16":"tag-republique-francaise","17":"tag-saint-etienne"},"share_on_mastodon":{"url":"https:\/\/pubeurope.com\/@fr\/115167166897365926","error":""},"_links":{"self":[{"href":"https:\/\/www.europesays.com\/fr\/wp-json\/wp\/v2\/posts\/374571","targetHints":{"allow":["GET"]}}],"collection":[{"href":"https:\/\/www.europesays.com\/fr\/wp-json\/wp\/v2\/posts"}],"about":[{"href":"https:\/\/www.europesays.com\/fr\/wp-json\/wp\/v2\/types\/post"}],"author":[{"embeddable":true,"href":"https:\/\/www.europesays.com\/fr\/wp-json\/wp\/v2\/users\/2"}],"replies":[{"embeddable":true,"href":"https:\/\/www.europesays.com\/fr\/wp-json\/wp\/v2\/comments?post=374571"}],"version-history":[{"count":0,"href":"https:\/\/www.europesays.com\/fr\/wp-json\/wp\/v2\/posts\/374571\/revisions"}],"wp:featuredmedia":[{"embeddable":true,"href":"https:\/\/www.europesays.com\/fr\/wp-json\/wp\/v2\/media\/374572"}],"wp:attachment":[{"href":"https:\/\/www.europesays.com\/fr\/wp-json\/wp\/v2\/media?parent=374571"}],"wp:term":[{"taxonomy":"category","embeddable":true,"href":"https:\/\/www.europesays.com\/fr\/wp-json\/wp\/v2\/categories?post=374571"},{"taxonomy":"post_tag","embeddable":true,"href":"https:\/\/www.europesays.com\/fr\/wp-json\/wp\/v2\/tags?post=374571"}],"curies":[{"name":"wp","href":"https:\/\/api.w.org\/{rel}","templated":true}]}}