{"id":374577,"date":"2025-09-08T06:07:10","date_gmt":"2025-09-08T06:07:10","guid":{"rendered":"https:\/\/www.europesays.com\/fr\/374577\/"},"modified":"2025-09-08T06:07:10","modified_gmt":"2025-09-08T06:07:10","slug":"grace-aux-musiciens-de-lopera-et-de-la-marine-nationale-la-rentree-se-fait-en-musique-dans-les-ecoles-de-toulon","status":"publish","type":"post","link":"https:\/\/www.europesays.com\/fr\/374577\/","title":{"rendered":"Gr\u00e2ce aux musiciens de l&rsquo;op\u00e9ra et de la Marine nationale, la rentr\u00e9e se fait en musique dans les \u00e9coles de Toulon"},"content":{"rendered":"<p>Certains \u00e9tablissements ont la chance de vivre une rentr\u00e9e scolaire en musique. \u00c0 Toulon, cela a \u00e9t\u00e9 le cas, jeudi ou vendredi, pour les \u00e9l\u00e8ves de 6e de coll\u00e8ge Pierre Puget et de CM2 de l\u2019\u00e9cole Sandro en partenariat avec le quintette \u00e0 vent de La Marine nationale.<\/p>\n<p>Quant aux \u00e9coles \u00e9l\u00e9mentaires Fran\u00e7ois Nardi et Saint-Jean-du-Var, elles ont accueilli les musiciens de l\u2019Op\u00e9ra de Toulon.<\/p>\n<p>500 \u00e9l\u00e8ves ont pu profiter de l\u2019op\u00e9ration<\/p>\n<p>Fr\u00e9d\u00e9rique Klein, directrice acad\u00e9mique adjointe des services de l\u2019\u00c9ducation nationale du Var, fait remarquer que \u00ab\u00a0gr\u00e2ce \u00e0 l\u2019initiative de chefs d\u2019\u00e9tablissement volontaires, ce temps d\u00e9di\u00e9 aux \u0153uvres et aux pratiques musicales a permis \u00e0 500 \u00e9l\u00e8ves d\u2019une vingtaine de classes de b\u00e9n\u00e9ficier d\u2019un moment privil\u00e9gi\u00e9 d\u00e9di\u00e9 \u00e0 la musique. C\u2019est un instant marqu\u00e9 par la douceur et le plaisir dont les \u00e9quipes s\u2019emparent. Avant la prestation des musiciens, une chorale d\u2019\u00e9l\u00e8ves reprend des chants appris les ann\u00e9es pr\u00e9c\u00e9dentes ce qui met en valeur l\u2019existant dans leur vie scolaire\u00a0\u00bb.<\/p>\n<p>La s\u00e9quence musicale se fait \u00e9galement p\u00e9dagogique avec les interventions d\u2019Emmanuelle This, conseill\u00e8re p\u00e9dagogique et musicale, qui pr\u00e9sente l\u2019\u0153uvre interpr\u00e9t\u00e9e et son compositeur, comme La petite musique de nuit de Mozart pour quintette \u00e0 cordes, \u00e0 l\u2019\u00e9cole de Saint-Jean-du-Var. Elle s\u2019attache ensuite \u00e0 d\u00e9tailler chacun des instruments.<\/p>\n<p>Objectif: sensibiliser le jeune public<\/p>\n<p>Pour J\u00e9r\u00f4me Bruneti\u00e8re, directeur de l\u2019Op\u00e9ra, \u00ab\u00a0la Rentr\u00e9e en musique est un moment important qui s\u2019inscrit dans la mission fondamentale que nous avons de faire d\u00e9couvrir la musique tout au long de l\u2019ann\u00e9e, notamment aupr\u00e8s des scolaires. L\u2019\u00e9quipe de l\u2019Op\u00e9ra s\u2019y investit avec gentillesse et disponibilit\u00e9. Durant la p\u00e9riode de travaux que nous vivons, nous devons faire preuve d\u2019invention pour multiplier les mani\u00e8res de diffuser la musique et les \u00e9coles en font partie\u00a0\u00bb.<\/p>\n<p>Le dispositif national \u00ab\u00a0Rentr\u00e9e en musique\u00a0\u00bb a \u00e9t\u00e9 cr\u00e9\u00e9 en 2017 avec pour objectif de faire d\u00e9buter l\u2019ann\u00e9e scolaire autour d\u2019un moment convivial, musical, collectif et cr\u00e9atif.<\/p>\n<p>Il a \u00e9galement pour but de sensibiliser les jeunes, en se rendant aupr\u00e8s d\u2019eux, \u00e0 la musique, \u00e0 ses pratiques et au plaisir qu\u2019elle peut offrir.<\/p>\n","protected":false},"excerpt":{"rendered":"Certains \u00e9tablissements ont la chance de vivre une rentr\u00e9e scolaire en musique. \u00c0 Toulon, cela a \u00e9t\u00e9 le&hellip;\n","protected":false},"author":2,"featured_media":374578,"comment_status":"","ping_status":"","sticky":false,"template":"","format":"standard","meta":{"footnotes":""},"categories":[9619],"tags":[1111,11,1057,1777,674,332,1011,27,12,882,25,2310,3366],"class_list":{"0":"post-374577","1":"post","2":"type-post","3":"status-publish","4":"format-standard","5":"has-post-thumbnail","7":"category-toulon","8":"tag-actu","9":"tag-actualites","10":"tag-education","11":"tag-eu","12":"tag-europe","13":"tag-faits-de-societe","14":"tag-fr","15":"tag-france","16":"tag-news","17":"tag-provence-alpes-cote-dazur","18":"tag-republique-francaise","19":"tag-toulon","20":"tag-vie-locale"},"share_on_mastodon":{"url":"https:\/\/pubeurope.com\/@fr\/115167182370284403","error":""},"_links":{"self":[{"href":"https:\/\/www.europesays.com\/fr\/wp-json\/wp\/v2\/posts\/374577","targetHints":{"allow":["GET"]}}],"collection":[{"href":"https:\/\/www.europesays.com\/fr\/wp-json\/wp\/v2\/posts"}],"about":[{"href":"https:\/\/www.europesays.com\/fr\/wp-json\/wp\/v2\/types\/post"}],"author":[{"embeddable":true,"href":"https:\/\/www.europesays.com\/fr\/wp-json\/wp\/v2\/users\/2"}],"replies":[{"embeddable":true,"href":"https:\/\/www.europesays.com\/fr\/wp-json\/wp\/v2\/comments?post=374577"}],"version-history":[{"count":0,"href":"https:\/\/www.europesays.com\/fr\/wp-json\/wp\/v2\/posts\/374577\/revisions"}],"wp:featuredmedia":[{"embeddable":true,"href":"https:\/\/www.europesays.com\/fr\/wp-json\/wp\/v2\/media\/374578"}],"wp:attachment":[{"href":"https:\/\/www.europesays.com\/fr\/wp-json\/wp\/v2\/media?parent=374577"}],"wp:term":[{"taxonomy":"category","embeddable":true,"href":"https:\/\/www.europesays.com\/fr\/wp-json\/wp\/v2\/categories?post=374577"},{"taxonomy":"post_tag","embeddable":true,"href":"https:\/\/www.europesays.com\/fr\/wp-json\/wp\/v2\/tags?post=374577"}],"curies":[{"name":"wp","href":"https:\/\/api.w.org\/{rel}","templated":true}]}}