{"id":374579,"date":"2025-09-08T06:08:11","date_gmt":"2025-09-08T06:08:11","guid":{"rendered":"https:\/\/www.europesays.com\/fr\/374579\/"},"modified":"2025-09-08T06:08:11","modified_gmt":"2025-09-08T06:08:11","slug":"une-rentree-a-lexterieur-reussie-pour-le-rc-toulon","status":"publish","type":"post","link":"https:\/\/www.europesays.com\/fr\/374579\/","title":{"rendered":"Une rentr\u00e9e \u00e0 l\u2019ext\u00e9rieur r\u00e9ussie pour le RC Toulon"},"content":{"rendered":"\n<p>Commencer une nouvelle saison par une victoire \u00e0 l\u2019ext\u00e9rieur est une aubaine pour n\u2019importe quelle \u00e9quipe. Une situation v\u00e9cue par le Rugby Club Toulonnais samedi soir sur la pelouse du Montpellier H\u00e9rault Rugby, \u00e0 l\u2019occasion de la premi\u00e8re journ\u00e9e de Top 14, o\u00f9 le club varois s\u2019est impos\u00e9 (17-27) gr\u00e2ce aux essais de l\u2019ailier Ga\u00ebl Dr\u00e9an (8), du troisi\u00e8me ligne Zach Mercer (27) et de l\u2019arri\u00e8re Marius Domon (33). Ils s\u2019installent ainsi, d\u2019ores et d\u00e9j\u00e0, dans le top 6 du championnat.<\/p>\n<p>\u00ab\u00a0On ne va pas faire la fine bouche. Gagner ici, c\u2019est \u00e9norme\u00a0\u00bb, insiste le demi de m\u00eal\u00e9e Baptiste Serin, qui ne boude pas son plaisir. \u00ab\u00a0\u00c7a fait deux ans qu\u2019on gagne, c\u2019est quand m\u00eame un exploit. Il faut \u00eatre meilleur \u00e0 chaque match, ce n\u2019est que le d\u00e9but de saison et il y a des enseignements \u00e0 tirer, mais c\u2019est tr\u00e8s bien de commencer comme \u00e7a\u00a0\u00bb, poursuit-il. \u00ab\u00a0Les gar\u00e7ons ont fait un bon match, pas un grand match, mais un bon match\u00a0\u00bb, surench\u00e9rit Pierre Mignoni, le manager du RCT. \u00ab\u00a0On savait que ce serait dur ici apr\u00e8s ce qu\u2019avaient montr\u00e9 les Montpelli\u00e9rains en matchs de pr\u00e9paration. Ils \u00e9taient tr\u00e8s en forme. Contre eux, ce fut dur de la 1\u00e8re \u00e0 la 80e\u00a0minute. Je retiens aussi qu\u2019on a r\u00e9ussi \u00e0 \u00e9chapper \u00e0 la remontada de nos adversaires, au cours d\u2019une deuxi\u00e8me mi-temps qui m\u2019a moins plu que la premi\u00e8re car on a perdu le contr\u00f4le des op\u00e9rations\u00a0\u00bb, ajoute-t-il, tr\u00e8s satisfait de la solidarit\u00e9 d\u00e9fensive dont ont fait preuve ses prot\u00e9g\u00e9s.<\/p>\n<p>\u00ab\u00a0Il faut garder ce qu\u2019on a bien fait, c\u2019est-\u00e0-dire d\u00e9fendre, devant, dans les mauls port\u00e9s, en conqu\u00eate. Garder un jeu simple mais structur\u00e9 et l\u2019\u00e9tat d\u2019esprit surtout\u00a0\u00bb, lance le talonneur Teddy Baubigny \u00e0 la mi-temps, o\u00f9 Toulon poss\u00e9dait 21\u00a0points d\u2019avance au score (3-24).<\/p>\n<p> Le d\u00e9mon Domon\n              <\/p>\n<p>\u00ab\u00a0J\u2019ai vu beaucoup de bonnes choses, dans ce secteur car on a cr\u00e9\u00e9 des ballons lents pour Montpellier. On a perturb\u00e9 le jeu qu\u2019ils voulaient mettre en place car ils ont des avants qui aiment prendre le ballon en avan\u00e7ant pour dominer les collisions. On a su les freiner sur \u00e7a. Mais je trouve qu\u2019en attaque, on a manqu\u00e9 d\u2019efficacit\u00e9 dans la zone de marque, on a loup\u00e9 des occasions, on a perdu des ballons en touche\u00a0\u00bb, remarque Mignoni.<\/p>\n<p>Ce dernier a pourtant pu compter sur un Marius Domon diablement efficace dans de nombreux secteurs de jeu. Au-del\u00e0 d\u2019avoir inscrit le dernier essai de la partie, l\u2019arri\u00e8re, form\u00e9 dans la rade varoise, a \u00e9t\u00e9 imperturbable lors des transformations et a m\u00eame permis au RCT de garder une avance solide en deuxi\u00e8me partie de match en inscrivant deux p\u00e9nalit\u00e9s. \u00ab\u00a0Il y a bien eu une ou deux scories. Mais il a fait un bon match en effet\u00a0\u00bb, juge l\u2019entra\u00eeneur toulonnais. \u00ab\u00a0On disait que si Melvyn Jaminet ne jouait pas, on ne pourrait pas gagner. Il faut sortir de \u00e7a. Non, si on veut aller loin, il faut que tout le monde joue et que tout le monde se donne.\u00a0\u00bb<\/p>\n<p>Mais de mani\u00e8re g\u00e9n\u00e9rale, l\u2019attaque des Rouge et Noir a \u00e9t\u00e9 performante dans le secteur offensif, notamment sur les actions en premi\u00e8re main. \u00ab\u00a0Nous avons d\u00e9sormais une certaine animation offensive avec nos deux centres et cette saison, on va se servir de nos points forts avec Nacho (Brex) et Oliver (Cowie), ils n\u2019avaient fait que deux matchs en ensemble, donc \u00e7a devrait encore s\u2019am\u00e9liorer\u00a0\u00bb, ajoute Pierre Mignoni. Le seul point noir au tableau, finalement, reste le manque de ma\u00eetrise en deuxi\u00e8me p\u00e9riode, qui a permis aux Cistes de revenir progressivement dans la rencontre. Les essais du troisi\u00e8me ligne Lenni Nouchi et de l\u2019arri\u00e8re Tom Banks ont relanc\u00e9 la machine h\u00e9raultaise, mais n\u2019ont pas permis au MHR d\u2019inverser la tendance. Toulon commence id\u00e9alement sa saison et aura \u00e0 c\u0153ur de continuer sur cette lanc\u00e9e, d\u00e8s samedi 13 contre Castres (21h), pour f\u00eater dignement ses retrouvailles avec Mayol.<\/p>\n","protected":false},"excerpt":{"rendered":"Commencer une nouvelle saison par une victoire \u00e0 l\u2019ext\u00e9rieur est une aubaine pour n\u2019importe quelle \u00e9quipe. Une situation&hellip;\n","protected":false},"author":2,"featured_media":374580,"comment_status":"","ping_status":"","sticky":false,"template":"","format":"standard","meta":{"footnotes":""},"categories":[9619],"tags":[1111,11,1777,674,1011,27,2208,12,882,25,2310],"class_list":{"0":"post-374579","1":"post","2":"type-post","3":"status-publish","4":"format-standard","5":"has-post-thumbnail","7":"category-toulon","8":"tag-actu","9":"tag-actualites","10":"tag-eu","11":"tag-europe","12":"tag-fr","13":"tag-france","14":"tag-montpellier","15":"tag-news","16":"tag-provence-alpes-cote-dazur","17":"tag-republique-francaise","18":"tag-toulon"},"share_on_mastodon":{"url":"https:\/\/pubeurope.com\/@fr\/115167186335671528","error":""},"_links":{"self":[{"href":"https:\/\/www.europesays.com\/fr\/wp-json\/wp\/v2\/posts\/374579","targetHints":{"allow":["GET"]}}],"collection":[{"href":"https:\/\/www.europesays.com\/fr\/wp-json\/wp\/v2\/posts"}],"about":[{"href":"https:\/\/www.europesays.com\/fr\/wp-json\/wp\/v2\/types\/post"}],"author":[{"embeddable":true,"href":"https:\/\/www.europesays.com\/fr\/wp-json\/wp\/v2\/users\/2"}],"replies":[{"embeddable":true,"href":"https:\/\/www.europesays.com\/fr\/wp-json\/wp\/v2\/comments?post=374579"}],"version-history":[{"count":0,"href":"https:\/\/www.europesays.com\/fr\/wp-json\/wp\/v2\/posts\/374579\/revisions"}],"wp:featuredmedia":[{"embeddable":true,"href":"https:\/\/www.europesays.com\/fr\/wp-json\/wp\/v2\/media\/374580"}],"wp:attachment":[{"href":"https:\/\/www.europesays.com\/fr\/wp-json\/wp\/v2\/media?parent=374579"}],"wp:term":[{"taxonomy":"category","embeddable":true,"href":"https:\/\/www.europesays.com\/fr\/wp-json\/wp\/v2\/categories?post=374579"},{"taxonomy":"post_tag","embeddable":true,"href":"https:\/\/www.europesays.com\/fr\/wp-json\/wp\/v2\/tags?post=374579"}],"curies":[{"name":"wp","href":"https:\/\/api.w.org\/{rel}","templated":true}]}}