{"id":374581,"date":"2025-09-08T06:09:09","date_gmt":"2025-09-08T06:09:09","guid":{"rendered":"https:\/\/www.europesays.com\/fr\/374581\/"},"modified":"2025-09-08T06:09:09","modified_gmt":"2025-09-08T06:09:09","slug":"le-zevent-2025-bat-son-record-a-montpellier-avec-16m-de-recoltes","status":"publish","type":"post","link":"https:\/\/www.europesays.com\/fr\/374581\/","title":{"rendered":"Le ZEvent 2025 bat son record \u00e0 Montpellier avec 16M d&rsquo;\u20ac r\u00e9colt\u00e9s"},"content":{"rendered":"<p>\t\t\t\t\t\t\t\t50 h de marathon en ligne et \u00e0 Montpellier<\/p>\n<p>Ce marathon caritatif des streamers, a une nouvelle fois battu son propre record de dons \u00e0 Montpellier. L\u2019\u00e9v\u00e9nement a r\u00e9colt\u00e9 plus de <b>16 millions d\u2019euros<\/b> au profit d\u2019associations \u0153uvrant pour les patients et les aidants, dont <b>La ligue contre le cancer<\/b>.<\/p>\n<p>Cette \u00e9dition s\u2019est d\u00e9roul\u00e9e au<strong> Corum<\/strong> de Montpellier, rassemblant une cinquantaine de streamers pendant plus de 50 heures de direct. Apr\u00e8s avoir collect\u00e9 plus de 10 millions d\u2019euros pour la lutte contre la pr\u00e9carit\u00e9 l\u2019an dernier, la communaut\u00e9 du ZEvent prouve une fois de plus son immense g\u00e9n\u00e9rosit\u00e9.<\/p>\n<p>Cette ann\u00e9e, pour la premi\u00e8re fois, ils \u00e9taient rejoints par plus de 250 streamers en ligne.<\/p>\n<p>En\u00a02024, la pr\u00e9c\u00e9dente \u00e9dition avait permis de r\u00e9colter plus de 10M d\u2019\u20ac <strong>pour 5 associations<\/strong> luttant contre la pr\u00e9carit\u00e9.<\/p>\n","protected":false},"excerpt":{"rendered":"50 h de marathon en ligne et \u00e0 Montpellier Ce marathon caritatif des streamers, a une nouvelle fois&hellip;\n","protected":false},"author":2,"featured_media":374582,"comment_status":"","ping_status":"","sticky":false,"template":"","format":"standard","meta":{"footnotes":""},"categories":[9599],"tags":[1111,11,1777,674,1011,27,2208,12,2680,25],"class_list":{"0":"post-374581","1":"post","2":"type-post","3":"status-publish","4":"format-standard","5":"has-post-thumbnail","7":"category-montpellier","8":"tag-actu","9":"tag-actualites","10":"tag-eu","11":"tag-europe","12":"tag-fr","13":"tag-france","14":"tag-montpellier","15":"tag-news","16":"tag-occitanie","17":"tag-republique-francaise"},"share_on_mastodon":{"url":"https:\/\/pubeurope.com\/@fr\/115167190293000698","error":""},"_links":{"self":[{"href":"https:\/\/www.europesays.com\/fr\/wp-json\/wp\/v2\/posts\/374581","targetHints":{"allow":["GET"]}}],"collection":[{"href":"https:\/\/www.europesays.com\/fr\/wp-json\/wp\/v2\/posts"}],"about":[{"href":"https:\/\/www.europesays.com\/fr\/wp-json\/wp\/v2\/types\/post"}],"author":[{"embeddable":true,"href":"https:\/\/www.europesays.com\/fr\/wp-json\/wp\/v2\/users\/2"}],"replies":[{"embeddable":true,"href":"https:\/\/www.europesays.com\/fr\/wp-json\/wp\/v2\/comments?post=374581"}],"version-history":[{"count":0,"href":"https:\/\/www.europesays.com\/fr\/wp-json\/wp\/v2\/posts\/374581\/revisions"}],"wp:featuredmedia":[{"embeddable":true,"href":"https:\/\/www.europesays.com\/fr\/wp-json\/wp\/v2\/media\/374582"}],"wp:attachment":[{"href":"https:\/\/www.europesays.com\/fr\/wp-json\/wp\/v2\/media?parent=374581"}],"wp:term":[{"taxonomy":"category","embeddable":true,"href":"https:\/\/www.europesays.com\/fr\/wp-json\/wp\/v2\/categories?post=374581"},{"taxonomy":"post_tag","embeddable":true,"href":"https:\/\/www.europesays.com\/fr\/wp-json\/wp\/v2\/tags?post=374581"}],"curies":[{"name":"wp","href":"https:\/\/api.w.org\/{rel}","templated":true}]}}