{"id":374583,"date":"2025-09-08T06:10:10","date_gmt":"2025-09-08T06:10:10","guid":{"rendered":"https:\/\/www.europesays.com\/fr\/374583\/"},"modified":"2025-09-08T06:10:10","modified_gmt":"2025-09-08T06:10:10","slug":"les-distributions-alimentaires-pour-les-etudiants-precaires-continuent-lete-a-montpellier","status":"publish","type":"post","link":"https:\/\/www.europesays.com\/fr\/374583\/","title":{"rendered":"Les distributions alimentaires pour les \u00e9tudiants pr\u00e9caires continuent l&rsquo;\u00e9t\u00e9 \u00e0 Montpellier"},"content":{"rendered":"<p>En ao\u00fbt 2025, l&rsquo;association Linkee a distribu\u00e9 1.700 colis alimentaires pour des \u00e9tudiants \u00e0 Montpellier, contre 790 en ao\u00fbt 2024. Les b\u00e9n\u00e9voles poursuivent les distributions m\u00eame l&rsquo;\u00e9t\u00e9, p\u00e9riode encore plus difficile \u00e0 g\u00e9rer pour les plus pr\u00e9caires.\n<\/p>\n<p>A la Halle Tropisme, les distributions de colis alimentaires de l&rsquo;association Linkee ont continu\u00e9 tous les mercredis de l&rsquo;\u00e9t\u00e9. D\u00e8s 17h30, <strong>une vingtaine de b\u00e9n\u00e9voles trient et mettent en place les aliments distribu\u00e9s aux b\u00e9n\u00e9ficiaires<\/strong> : fruits, l\u00e9gumes, p\u00e2tes et autres invendus donn\u00e9s \u00e0 l&rsquo;association par des partenaires &#8211; commer\u00e7ants ou supermarch\u00e9s.<\/p>\n<p>\u00ab\u00a0Je ressens la diff\u00e9rence\u00a0\u00bb<\/p>\n<p>\u00ab\u00a0Cela peut \u00eatre des abricots, des p\u00eaches, des past\u00e8ques, de la pomme de terre, de l&rsquo;oignon, de la tomate, des courgette, des carottes&#8230;\u00a0\u00bb, \u00e9num\u00e8re Elyas, 18 ans, b\u00e9n\u00e9vole et b\u00e9n\u00e9ficiaire. Comme lui, Ihsane est ravie de la multitude de produits frais propos\u00e9s\u00a0: \u00ab\u00a0Je n&rsquo;achetais pas trop tout ce qui est frais, c&rsquo;\u00e9tait tr\u00e8s rare. <strong>Avant, j&rsquo;avais tendance \u00e0 me sentir plus fatigu\u00e9e, mais maintenant je me sens beaucoup mieux. Je ressens la diff\u00e9rence.\u00a0\u00bb<\/strong><br \/>Cette \u00e9tudiante de 26 ans n&rsquo;a pas trouv\u00e9 de travail cet \u00e9t\u00e9, et s&rsquo;est donc tourn\u00e9e vers les distributions par manque de moyens financiers\u00a0: \u00ab\u00a0On touche la bourse de septembre \u00e0 juin. On doit quand m\u00eame trouver des alternatives, comment s&rsquo;en sortir pendant l&rsquo;\u00e9t\u00e9.\u00a0\u00bb<\/p>\n<p>Un soulagement<\/p>\n<p>Ce dispositif permet de retrouver une alimentation plus \u00e9quilibr\u00e9e, mais aussi d&rsquo;avoir une charge mentale all\u00e9g\u00e9e. Car la pr\u00e9carit\u00e9 n&rsquo;est pas qu&rsquo;alimentaire, comme en t\u00e9moigne Marie-Jeanne\u00a0: \u00ab\u00a0Ca m&rsquo;angoisse beaucoup, surtout pour mon loyer\u00a0! J&rsquo;ai peur de ne pas avoir les moyens de le payer. C&rsquo;est mon premier soucis.\u00a0\u00bb<\/p>\n<p>A Montpellier, la demande ne cesse d&rsquo;augmenter\u00a0: <strong>en ao\u00fbt 2025, Linkee a distribu\u00e9 1.700 colis alimentaires dans la ville, contre 790 en ao\u00fbt 2024<\/strong>, un chiffre qui a plus que doubl\u00e9. Et selon l&rsquo;\u00e9tude sociologique 2025 de l&rsquo;association, 66% des b\u00e9n\u00e9ficiaires de l&rsquo;aide alimentaire sont des femmes.<\/p>\n","protected":false},"excerpt":{"rendered":"En ao\u00fbt 2025, l&rsquo;association Linkee a distribu\u00e9 1.700 colis alimentaires pour des \u00e9tudiants \u00e0 Montpellier, contre 790 en&hellip;\n","protected":false},"author":2,"featured_media":374584,"comment_status":"","ping_status":"","sticky":false,"template":"","format":"standard","meta":{"footnotes":""},"categories":[9599],"tags":[1111,11,1777,674,1011,27,2208,12,2680,25],"class_list":{"0":"post-374583","1":"post","2":"type-post","3":"status-publish","4":"format-standard","5":"has-post-thumbnail","7":"category-montpellier","8":"tag-actu","9":"tag-actualites","10":"tag-eu","11":"tag-europe","12":"tag-fr","13":"tag-france","14":"tag-montpellier","15":"tag-news","16":"tag-occitanie","17":"tag-republique-francaise"},"share_on_mastodon":{"url":"https:\/\/pubeurope.com\/@fr\/115167194218094329","error":""},"_links":{"self":[{"href":"https:\/\/www.europesays.com\/fr\/wp-json\/wp\/v2\/posts\/374583","targetHints":{"allow":["GET"]}}],"collection":[{"href":"https:\/\/www.europesays.com\/fr\/wp-json\/wp\/v2\/posts"}],"about":[{"href":"https:\/\/www.europesays.com\/fr\/wp-json\/wp\/v2\/types\/post"}],"author":[{"embeddable":true,"href":"https:\/\/www.europesays.com\/fr\/wp-json\/wp\/v2\/users\/2"}],"replies":[{"embeddable":true,"href":"https:\/\/www.europesays.com\/fr\/wp-json\/wp\/v2\/comments?post=374583"}],"version-history":[{"count":0,"href":"https:\/\/www.europesays.com\/fr\/wp-json\/wp\/v2\/posts\/374583\/revisions"}],"wp:featuredmedia":[{"embeddable":true,"href":"https:\/\/www.europesays.com\/fr\/wp-json\/wp\/v2\/media\/374584"}],"wp:attachment":[{"href":"https:\/\/www.europesays.com\/fr\/wp-json\/wp\/v2\/media?parent=374583"}],"wp:term":[{"taxonomy":"category","embeddable":true,"href":"https:\/\/www.europesays.com\/fr\/wp-json\/wp\/v2\/categories?post=374583"},{"taxonomy":"post_tag","embeddable":true,"href":"https:\/\/www.europesays.com\/fr\/wp-json\/wp\/v2\/tags?post=374583"}],"curies":[{"name":"wp","href":"https:\/\/api.w.org\/{rel}","templated":true}]}}