{"id":374587,"date":"2025-09-08T06:12:17","date_gmt":"2025-09-08T06:12:17","guid":{"rendered":"https:\/\/www.europesays.com\/fr\/374587\/"},"modified":"2025-09-08T06:12:17","modified_gmt":"2025-09-08T06:12:17","slug":"comment-le-cirque-pinder-a-ete-sauve-par-un-entrepreneur-de-28-ans","status":"publish","type":"post","link":"https:\/\/www.europesays.com\/fr\/374587\/","title":{"rendered":"comment le cirque Pinder a \u00e9t\u00e9 sauv\u00e9 par un entrepreneur de 28 ans"},"content":{"rendered":"<p class=\"article__intro\">Sept ans apr\u00e8s sa liquidation judiciaire, le mythique cirque Pinder rena\u00eet de ses cendres et fait escale \u00e0 Rouen (Seine-Maritime) jusqu\u2019au 14 septembre. Le public r\u00e9pond pr\u00e9sent !<\/p>\n<p>\n      L\u2019actu des r\u00e9gions\n    <\/p>\n<p>\n      Chaque jour, un tour d\u2019horizon des principales infos de toutes les r\u00e9gions.\n    <\/p>\n<p>    France T\u00e9l\u00e9visions utilise votre adresse e-mail afin de vous envoyer la newsletter \u00ab\u00a0L\u2019actu des r\u00e9gions\u00a0\u00bb. Vous pouvez vous d\u00e9sinscrire \u00e0 tout moment via le lien en bas de cette newsletter. <a target=\"_blank\" href=\"https:\/\/www.francetelevisions.fr\/groupe\/confidentialite\/politique-de-confidentialite\/politique-de-confidentialite-de-france-televisions-6503\" rel=\"nofollow noopener\">Notre politique de confidentialit\u00e9<\/a><\/p>\n<p>Cela faisait 22 ans que le cirque Pinder n\u2019avait pas dress\u00e9 son chapiteau \u00e0 Rouen. Depuis le d\u00e9but du mois de septembre, les spectateurs affluent sur l\u2019esplanade Saint-Gervais pour d\u00e9couvrir le nouveau spectacle, sans animaux, mais riche en num\u00e9ros de haute voltige.<\/p>\n<p>Fond\u00e9 il y a plus de 170 ans, le cirque Pinder avait connu une descente aux enfers : fr\u00e9quentation en chute libre, pol\u00e9mique autour des animaux sauvages et liquidation judiciaire en 2018. Le rideau semblait d\u00e9finitivement tomb\u00e9 sur cette institution.<\/p>\n<p>Mais en 2025, Alexandre Edelstein, petit-fils du fondateur, a choisi de relancer l\u2019aventure. Pour r\u00e9ussir ce pari, il s\u2019est associ\u00e9 \u00e0 Xavier Martin, entrepreneur de 28 ans, n\u00e9 \u00e0 Rouen et d\u00e9j\u00e0 propri\u00e9taire du cirque de No\u00ebl de Toulouse.<\/p>\n<p>Ensemble, ils ont r\u00e9uni pr\u00e8s de 1,5 million d\u2019euros d\u2019investissement pour racheter du mat\u00e9riel, reconstituer une troupe et relancer la marque Pinder en location pour quatre ans.<\/p>\n<p>D\u00e9sormais, plus aucun tigre, lion ou \u00e9l\u00e9phant sur la piste : la loi de 2021 interdisant les animaux sauvages sous chapiteau d&rsquo;ici 2028 a marqu\u00e9 une rupture d\u00e9finitive. Le cirque mise donc sur les performances humaines : jongleurs, trap\u00e9zistes et clowns se succ\u00e8dent pour redonner \u00e0 Pinder son statut de \u201cplus grande piste aux \u00e9toiles de France\u201d.<\/p>\n<p><a data-article-figure=\"\" href=\"https:\/\/france3-regions.franceinfo.fr\/image\/B27BgdEFwPrjUbrkPNif9dc6e5w\/5343x3554\/regions\/2025\/09\/07\/maxnewsspecialtwo287531-68bd9facc27e5082586407.jpg\" data-pswp-width=\"5343\" data-pswp-height=\"3554\" target=\"_blank\" rel=\"nofollow noopener\"><\/p>\n<p>          <img width=\"600\" height=\"400\" class=\"article-image lazy\" data-src=\"https:\/\/www.europesays.com\/fr\/wp-content\/uploads\/2025\/09\/maxnewsspecialtwo287531-68bd9facc27e5082586407.jpg\" alt=\"Le cirque mise sur les performances humaines : jongleurs, trap\u00e9zistes et clowns se succ\u00e8dent.\" fetchpriority=\"high\" as=\"image\"\/><\/p>\n<p>\n            Le cirque mise sur les performances humaines : jongleurs, trap\u00e9zistes et clowns se succ\u00e8dent.<br \/>\n                           \u2022<br \/>\n                                      \u00a9 CEDRIC JACQUOT \/ MAXPPP\n                      <\/p>\n<p><\/a><\/p>\n<p>\u00ab\u00a0Il a fallu repartir de z\u00e9ro, racheter un chapiteau, des semi-remorques. C\u2019est colossal. Apr\u00e8s le Tour de France, c\u2019est la deuxi\u00e8me plus grande tourn\u00e9e itin\u00e9rante de France\u00a0\u00bb, confiait Xavier Martin \u00e0 nos confr\u00e8res de <a href=\"https:\/\/france3-regions.franceinfo.fr\/occitanie\/haute-garonne\/toulouse\/on-repart-de-zero-c-est-colossal-apres-sa-liquidation-judiciaire-le-cirque-pinder-relance-une-tournee-sept-apres-3113749.html\" target=\"_blank\" rel=\"noopener nofollow\">France 3 Toulouse <\/a>en d\u00e9but d&rsquo;ann\u00e9e.<\/p>\n<p>Sous le chapiteau rouennais, l\u2019enthousiasme est palpable. Pour Corentyn Collin, \u201cMonsieur Loyal\u201d du cirque, cette renaissance d\u00e9montre l\u2019attachement des spectateurs \u00e0 ce nom mythique : \u00ab\u00a0On voit que le public est friand du cirque Pinder. Cette ann\u00e9e, on repart de z\u00e9ro, c\u2019est un nouveau cirque, un nouveau spectacle. Pinder, c\u2019est le grand nom du cirque en France, le public y est attach\u00e9.\u00a0\u00bb<\/p>\n<p><strong>VID\u00c9O. Le reportage de Sylvie Callier et Maud Querru<\/strong><\/p>\n<p>    dur\u00e9e de la vid\u00e9o : 00h01mn49s<\/p>\n<p>        <img decoding=\"async\" width=\"640\" height=\"426\" class=\"article-image not-lazy\" src=\"https:\/\/france3-regions.franceinfo.fr\/assets\/img\/logos\/fallbackFr3_16_9.webp\" alt=\"\" fetchpriority=\"high\"\/><\/p>\n<p>              Voir la video\u00a0(1 minutes 49 secondes).\u00a0<br \/>\n                  1 min 49 s<\/p>\n<p>\n          Cirque Pinder \u00e0 Rouen : apr\u00e8s 22 ans d\u2019absence, le chapiteau retrouve son public<\/p>\n<p>        \u2022<\/p>\n<p>              \u00a9France t\u00e9l\u00e9visions\n      <\/p>\n<p>Et le public semble r\u00e9pondre pr\u00e9sent : les s\u00e9ances programm\u00e9es jusqu\u2019au 14 septembre affichent d\u00e9j\u00e0 une belle fr\u00e9quentation.<\/p>\n<p>Depuis la reprise de leur tourn\u00e9e, ils auraient accueilli plus de 500.000 spectateurs.<\/p>\n","protected":false},"excerpt":{"rendered":"Sept ans apr\u00e8s sa liquidation judiciaire, le mythique cirque Pinder rena\u00eet de ses cendres et fait escale \u00e0&hellip;\n","protected":false},"author":2,"featured_media":374588,"comment_status":"","ping_status":"","sticky":false,"template":"","format":"standard","meta":{"footnotes":""},"categories":[9587],"tags":[1111,11,1777,674,1011,27,12,5161,25,9590],"class_list":{"0":"post-374587","1":"post","2":"type-post","3":"status-publish","4":"format-standard","5":"has-post-thumbnail","7":"category-rouen","8":"tag-actu","9":"tag-actualites","10":"tag-eu","11":"tag-europe","12":"tag-fr","13":"tag-france","14":"tag-news","15":"tag-normandie","16":"tag-republique-francaise","17":"tag-rouen"},"share_on_mastodon":{"url":"https:\/\/pubeurope.com\/@fr\/115167202063995327","error":""},"_links":{"self":[{"href":"https:\/\/www.europesays.com\/fr\/wp-json\/wp\/v2\/posts\/374587","targetHints":{"allow":["GET"]}}],"collection":[{"href":"https:\/\/www.europesays.com\/fr\/wp-json\/wp\/v2\/posts"}],"about":[{"href":"https:\/\/www.europesays.com\/fr\/wp-json\/wp\/v2\/types\/post"}],"author":[{"embeddable":true,"href":"https:\/\/www.europesays.com\/fr\/wp-json\/wp\/v2\/users\/2"}],"replies":[{"embeddable":true,"href":"https:\/\/www.europesays.com\/fr\/wp-json\/wp\/v2\/comments?post=374587"}],"version-history":[{"count":0,"href":"https:\/\/www.europesays.com\/fr\/wp-json\/wp\/v2\/posts\/374587\/revisions"}],"wp:featuredmedia":[{"embeddable":true,"href":"https:\/\/www.europesays.com\/fr\/wp-json\/wp\/v2\/media\/374588"}],"wp:attachment":[{"href":"https:\/\/www.europesays.com\/fr\/wp-json\/wp\/v2\/media?parent=374587"}],"wp:term":[{"taxonomy":"category","embeddable":true,"href":"https:\/\/www.europesays.com\/fr\/wp-json\/wp\/v2\/categories?post=374587"},{"taxonomy":"post_tag","embeddable":true,"href":"https:\/\/www.europesays.com\/fr\/wp-json\/wp\/v2\/tags?post=374587"}],"curies":[{"name":"wp","href":"https:\/\/api.w.org\/{rel}","templated":true}]}}