{"id":374589,"date":"2025-09-08T06:14:11","date_gmt":"2025-09-08T06:14:11","guid":{"rendered":"https:\/\/www.europesays.com\/fr\/374589\/"},"modified":"2025-09-08T06:14:11","modified_gmt":"2025-09-08T06:14:11","slug":"pro-d2-on-doit-etre-acteurs-de-notre-saison-deja-un-premier-tournant-pour-le-su-agen-contre-le-fc-grenoble","status":"publish","type":"post","link":"https:\/\/www.europesays.com\/fr\/374589\/","title":{"rendered":"Pro D2\u00a0: \u00ab\u00a0On doit \u00eatre acteurs de notre saison\u2026\u00a0\u00bb D\u00e9j\u00e0 un premier tournant pour le SU Agen contre le FC Grenoble\u00a0?"},"content":{"rendered":"<p>\n                                                                    l&rsquo;essentiel<br \/>\n                                                                Apr\u00e8s le carton des Agenais contre Mont-de-Marsan, l\u2019accent va certainement \u00eatre mis sur le fait d\u2019\u00e9viter le moindre rel\u00e2chement en vue de la r\u00e9ception de Grenoble.\n                            <\/p>\n<p>Apr\u00e8s ces deux premiers matchs de la saison, difficile de situer le SUA dans ce championnat de Pro D2. Tel docteur Jekyll et Mister Hyde, il a montr\u00e9 la meilleure et la pire facette de son visage \u00e0 l\u2019occasion de ses deux premiers matchs. La pire, \u00e0 Nevers, o\u00f9 il s\u2019est litt\u00e9ralement fait marcher dessus, encaissant huit essais, dont un tripl\u00e9 du talonneur Ma\u2019afu.<\/p>\n<p class=\"std-elt__inline\">\n        <strong>\u00c0 lire aussi :<\/strong><br \/>\n        <a href=\"https:\/\/www.ladepeche.fr\/2025\/09\/07\/entretien-pro-d2-maintenant-on-veut-grandir-assene-remi-vaquin-apres-le-large-succes-du-su-agen-contre-mont-de-marsan-12915865.php\" rel=\"nofollow noopener\" target=\"_blank\">ENTRETIEN. Pro D2\u00a0: \u00ab\u00a0Maintenant, on veut grandir\u00a0\u00bb, ass\u00e8ne R\u00e9mi Vaquin, apr\u00e8s le large succ\u00e8s du SU Agen contre Mont-de-Marsan<\/a>\n    <\/p>\n<p>La meilleure, o\u00f9 il a \u00e9teint des Montois litt\u00e9ralement d\u00e9pass\u00e9s vendredi, inscrivant sept essais, dont un doubl\u00e9 de Valentin Gayraud. Alors, forc\u00e9ment, une question se pose. O\u00f9 situer le Sporting dans ce championnat cette ann\u00e9e\u00a0? Certainement entre les deux visages aper\u00e7us jusque-l\u00e0.<\/p>\n<p class=\"std-elt__inline\">\n        <strong>\u00c0 lire aussi :<\/strong><br \/>\n        <a href=\"https:\/\/www.ladepeche.fr\/2025\/09\/07\/pro-d2-il-etait-tres-impatient-le-pere-de-mathias-jean-revient-sur-les-debuts-reussis-de-son-fils-avec-le-su-agen-12915996.php\" rel=\"nofollow noopener\" target=\"_blank\">Pro D2\u00a0: \u00ab\u00a0Il \u00e9tait tr\u00e8s impatient\u2026\u00a0\u00bb Le p\u00e8re de Mathias Jean revient sur les d\u00e9buts r\u00e9ussis de son fils avec le SU Agen<\/a>\n    <\/p>\n<p>Mais on en saura certainement un petit peu plus apr\u00e8s la rencontre contre Grenoble, l\u2019un des grands favoris de ce championnat, restant sur trois finales de Pro D2 perdues, mais aussi trois matchs d\u2019accession perdus, soit six occasions laiss\u00e9es en route de monter en Top 14.<\/p>\n<p class=\"std-elt__inline\">\n        <strong>\u00c0 lire aussi :<\/strong><br \/>\n        <a href=\"https:\/\/www.ladepeche.fr\/2025\/09\/08\/pro-d2-lors-du-derby-contre-mont-de-marsan-valentin-gayraud-a-ete-au-four-et-au-moulin-pour-porter-le-su-agen-12916415.php\" rel=\"nofollow noopener\" target=\"_blank\">Pro D2\u00a0: lors du derby contre Mont-de-Marsan, Valentin Gayraud a \u00e9t\u00e9 au four et au moulin pour porter le SU Agen<\/a>\n    <\/p>\n<p>\u00ab\u00a0Grandir, ce n\u2019est plus \u00eatre \u00e0 r\u00e9action\u00a0\u00bb<\/p>\n<p>Les Agenais semblent \u00eatre conscients de ce qui les attend, tant leurs discours et leurs attitudes se sont montr\u00e9s prudents depuis cette victoire dans le derby. Au coup de sifflet final, il n\u2019y a pas eu d\u2019euphorie, mais des images de satisfaction et de soulagement. Car le plus dur arrive sans doute maintenant. Grenoble arrive \u00e0 Armandie.<\/p>\n<p class=\"std-elt__inline\">\n        <strong>\u00c0 lire aussi :<\/strong><br \/>\n        <a href=\"https:\/\/www.ladepeche.fr\/2025\/09\/07\/decryptage-pro-d2-une-belle-reaction-dans-le-derby-le-su-agen-a-montre-quil-pouvait-lui-aussi-faire-de-belles-choses-12914750.php\" rel=\"nofollow noopener\" target=\"_blank\">D\u00c9CRYPTAGE. Pro D2\u00a0: \u00ab\u00a0Une belle r\u00e9action\u2026\u00a0\u00bb Dans le derby, le SU Agen a montr\u00e9 qu\u2019il pouvait lui aussi faire de belles choses<\/a>\n    <\/p>\n<p>L\u2019une des interrogations concerne bien \u00e9videmment les intentions grenobloises. Apr\u00e8s deux victoires, dont une \u00e0 Oyonnax, les Is\u00e9rois pourraient effectuer des rotations en vue de la fin de ce long bloc. Ou alors aligner leur \u00e9quipe type pour trouver des rep\u00e8res, car la prestation livr\u00e9e face \u00e0 Aurillac vendredi n\u2019a pas forc\u00e9ment convaincu.<\/p>\n<p class=\"std-elt__inline\">\n        <strong>\u00c0 lire aussi :<\/strong><br \/>\n        <a href=\"https:\/\/www.ladepeche.fr\/2025\/09\/06\/pro-d2-il-ny-a-pas-eu-de-debat-jean-michel-parent-revient-sur-le-succes-du-su-agen-contre-mont-de-marsan-a-armandie-12914748.php\" rel=\"nofollow noopener\" target=\"_blank\">Pro D2\u00a0: \u00ab\u00a0Il n\u2019y a pas eu de d\u00e9bat\u00a0!\u00a0\u00bb Jean-Michel Parent revient sur le succ\u00e8s du SU Agen contre Mont-de-Marsan \u00e0 Armandie<\/a>\n    <\/p>\n<p>Mais, outre cela, c\u2019est surtout les Agenais qui vont devoir monter en r\u00e9gime. Ces derni\u00e8res ann\u00e9es, les joueurs du Sporting se sont souvent emball\u00e9s, avant de redescendre tr\u00e8s rapidement sur Terre. On peut donc imaginer Mauricio Reggiardo serrer la vis \u00e0 l\u2019entra\u00eenement pour \u00e9viter tout comportement en dilettante.<\/p>\n<p class=\"std-elt__inline\">\n        <strong>\u00c0 lire aussi :<\/strong><br \/>\n        <a href=\"https:\/\/www.ladepeche.fr\/2025\/09\/07\/pro-d2-le-georgien-mamuka-mstoiani-absent-plusieurs-semaines-le-su-agen-se-retrouve-sous-tension-au-niveau-de-ses-piliers-12914727.php\" rel=\"nofollow noopener\" target=\"_blank\">Pro D2\u00a0: le G\u00e9orgien Mamuka Mstoiani absent plusieurs semaines, le SU Agen se retrouve sous tension au niveau de ses piliers<\/a>\n    <\/p>\n<p>Ce sera sans doute aussi le cas de R\u00e9mi Vaquin. \u00ab\u00a0On veut grandir. Grandir, c\u2019est d\u00e9j\u00e0 ne plus \u00eatre \u00e0 r\u00e9action\u2026\u00a0\u00bb, explique l\u2019entra\u00eeneur de la touche agenaise. L\u2019objectif de la semaine est donc d\u00e9j\u00e0 tout trouv\u00e9\u00a0: \u00ab\u00a0On doit \u00eatre acteurs de notre saison. C\u2019est l\u00e0, o\u00f9, justement, on va attendre l\u2019\u00e9quipe la semaine prochaine.\u00a0\u00bb<\/p>\n<p class=\"std-elt__inline\">\n        <strong>\u00c0 lire aussi :<\/strong><br \/>\n        <a href=\"https:\/\/www.ladepeche.fr\/2025\/09\/06\/pro-d2-pourvu-que-cela-dure-la-parole-aux-supporters-apres-le-succes-du-su-agen-dans-le-derby-contre-mont-de-marsan-12914560.php\" rel=\"nofollow noopener\" target=\"_blank\">Pro D2\u00a0: \u00ab\u00a0Pourvu que cela dure\u00a0!\u00a0\u00bb La parole aux supporters apr\u00e8s le succ\u00e8s du SU Agen dans le derby contre Mont-de-Marsan<\/a>\n    <\/p>\n<p>L\u2019ancien troisi\u00e8me ligne pr\u00e9vient tout de suite. Il ne veut pas diriger \u00ab\u00a0une \u00e9quipe \u00e0 r\u00e9action\u00a0\u00bb. \u00ab\u00a0Il faut que ce soit une \u00e9quipe actrice, et moteur. L\u00e0, on va voir si on arrive \u00e0 passer ce cap.\u00a0\u00bb S\u2019ils ont retenu les le\u00e7ons du pass\u00e9, les partenaires de Valentin Gayraud seront vigilants. C\u2019est ce qu\u2019esp\u00e8re tout le monde.<\/p>\n<p class=\"std-elt__inline\">\n        <strong>\u00c0 lire aussi :<\/strong><br \/>\n        <a href=\"https:\/\/www.ladepeche.fr\/2025\/09\/06\/le-su-agen-et-le-fcpa-47-a-la-relance-12914182.php\" rel=\"nofollow noopener\" target=\"_blank\">Le SU Agen  et le FCPA 47 \u00e0 la relance<\/a>\n    <\/p>\n<p>En gagnant un deuxi\u00e8me succ\u00e8s \u00e0 domicile, le Sporting pourrait se d\u00e9placer \u00e0 Carcassonne avec de vraies certitudes et l\u2019intention de ramener des points de l\u2019Aude pour regarder plus haut. Mais si Grenoble venait \u00e0 s\u2019imposer \u00e0 Armandie, Agen se retrouverait \u00e0 nouveau sous pression avant de se rendre dans l\u2019antre des hommes de Bernard Goutta. Autant dire que la r\u00e9ception des Grenoblois est d\u00e9j\u00e0 peut-\u00eatre le premier tournant de la saison des \u00ab\u00a0bleu et blanc\u00a0\u00bb\u2026<\/p>\n","protected":false},"excerpt":{"rendered":"l&rsquo;essentiel Apr\u00e8s le carton des Agenais contre Mont-de-Marsan, l\u2019accent va certainement \u00eatre mis sur le fait d\u2019\u00e9viter le&hellip;\n","protected":false},"author":2,"featured_media":374590,"comment_status":"","ping_status":"","sticky":false,"template":"","format":"standard","meta":{"footnotes":""},"categories":[9566],"tags":[1111,11,2430,1777,674,1011,27,2731,12,25],"class_list":{"0":"post-374589","1":"post","2":"type-post","3":"status-publish","4":"format-standard","5":"has-post-thumbnail","7":"category-grenoble","8":"tag-actu","9":"tag-actualites","10":"tag-auvergne-rhone-alpes","11":"tag-eu","12":"tag-europe","13":"tag-fr","14":"tag-france","15":"tag-grenoble","16":"tag-news","17":"tag-republique-francaise"},"share_on_mastodon":{"url":"https:\/\/pubeurope.com\/@fr\/115167209910210746","error":""},"_links":{"self":[{"href":"https:\/\/www.europesays.com\/fr\/wp-json\/wp\/v2\/posts\/374589","targetHints":{"allow":["GET"]}}],"collection":[{"href":"https:\/\/www.europesays.com\/fr\/wp-json\/wp\/v2\/posts"}],"about":[{"href":"https:\/\/www.europesays.com\/fr\/wp-json\/wp\/v2\/types\/post"}],"author":[{"embeddable":true,"href":"https:\/\/www.europesays.com\/fr\/wp-json\/wp\/v2\/users\/2"}],"replies":[{"embeddable":true,"href":"https:\/\/www.europesays.com\/fr\/wp-json\/wp\/v2\/comments?post=374589"}],"version-history":[{"count":0,"href":"https:\/\/www.europesays.com\/fr\/wp-json\/wp\/v2\/posts\/374589\/revisions"}],"wp:featuredmedia":[{"embeddable":true,"href":"https:\/\/www.europesays.com\/fr\/wp-json\/wp\/v2\/media\/374590"}],"wp:attachment":[{"href":"https:\/\/www.europesays.com\/fr\/wp-json\/wp\/v2\/media?parent=374589"}],"wp:term":[{"taxonomy":"category","embeddable":true,"href":"https:\/\/www.europesays.com\/fr\/wp-json\/wp\/v2\/categories?post=374589"},{"taxonomy":"post_tag","embeddable":true,"href":"https:\/\/www.europesays.com\/fr\/wp-json\/wp\/v2\/tags?post=374589"}],"curies":[{"name":"wp","href":"https:\/\/api.w.org\/{rel}","templated":true}]}}