{"id":374595,"date":"2025-09-08T06:18:11","date_gmt":"2025-09-08T06:18:11","guid":{"rendered":"https:\/\/www.europesays.com\/fr\/374595\/"},"modified":"2025-09-08T06:18:11","modified_gmt":"2025-09-08T06:18:11","slug":"strasbourg-un-oratorio-de-haendel-a-lopera-national-du-rhin-le-14-septembre","status":"publish","type":"post","link":"https:\/\/www.europesays.com\/fr\/374595\/","title":{"rendered":"Strasbourg. Un oratorio de Haendel \u00e0 l\u2019Op\u00e9ra national du Rhin le 14\u00a0septembre"},"content":{"rendered":"<p>Le Triomphe du Temps et de la D\u00e9sillusion , de Georg Friedrich Haendel, est donn\u00e9 en version concert \u00e0 l\u2019Op\u00e9ra national du Rhin \u00e0 Strasbourg, dimanche 14\u00a0septembre.<\/p>\n<p>L\u2019ensemble Les Accents, dirig\u00e9 par le violoniste Thibault Noally, accompagne les quatre chanteurs. M\u00e9lissa Petit est Beaut\u00e9, Julia Lezhneva, Plaisir, Carlo Vistoli, D\u00e9sillusion, et Krystian Adam, Temps.<\/p>\n<p>Il s\u2019agit du premier oratorio de Haendel, \u00e9crit en 1707 \u00e0 Rome. Dans cette vanit\u00e9, la Beaut\u00e9 jure fid\u00e9lit\u00e9 \u00e0 Plaisir, tandis que Temps et D\u00e9sillusion s\u2019efforcent de lui dessiller les yeux pour lui faire prendre conscience que toute chose est \u00e9ph\u00e9m\u00e8re. En italien, surtitr\u00e9 en fran\u00e7ais et en allemand.<\/p>\n<p class=\"note\">Op\u00e9ra du Rhin, place Broglie, \u00e0 Strasbourg, dimanche 14\u00a0septembre \u00e0 17\u00a0h. Tarifs\u00a0: de 6 \u00e0 65\u00a0\u20ac. \u00c0 partir de 12 ans. <a href=\"https:\/\/www.operanationaldurhin.eu\/fr\" target=\"_blank\" rel=\"nofollow noopener\">www.operanationaldurhin.eu<\/a><\/p>\n","protected":false},"excerpt":{"rendered":"Le Triomphe du Temps et de la D\u00e9sillusion , de Georg Friedrich Haendel, est donn\u00e9 en version concert&hellip;\n","protected":false},"author":2,"featured_media":374596,"comment_status":"","ping_status":"","sticky":false,"template":"","format":"standard","meta":{"footnotes":""},"categories":[2820],"tags":[1111,11,2389,1687,2880,1777,674,107,1011,27,775,873,12,25,640,2879],"class_list":{"0":"post-374595","1":"post","2":"type-post","3":"status-publish","4":"format-standard","5":"has-post-thumbnail","7":"category-strasbourg","8":"tag-actu","9":"tag-actualites","10":"tag-alsace","11":"tag-culture-loisirs","12":"tag-edition-strasbourg","13":"tag-eu","14":"tag-europe","15":"tag-fil-info","16":"tag-fr","17":"tag-france","18":"tag-grand-est","19":"tag-musique","20":"tag-news","21":"tag-republique-francaise","22":"tag-strasbourg","23":"tag-strasbourg-ville"},"share_on_mastodon":{"url":"https:\/\/pubeurope.com\/@fr\/115167225867779302","error":""},"_links":{"self":[{"href":"https:\/\/www.europesays.com\/fr\/wp-json\/wp\/v2\/posts\/374595","targetHints":{"allow":["GET"]}}],"collection":[{"href":"https:\/\/www.europesays.com\/fr\/wp-json\/wp\/v2\/posts"}],"about":[{"href":"https:\/\/www.europesays.com\/fr\/wp-json\/wp\/v2\/types\/post"}],"author":[{"embeddable":true,"href":"https:\/\/www.europesays.com\/fr\/wp-json\/wp\/v2\/users\/2"}],"replies":[{"embeddable":true,"href":"https:\/\/www.europesays.com\/fr\/wp-json\/wp\/v2\/comments?post=374595"}],"version-history":[{"count":0,"href":"https:\/\/www.europesays.com\/fr\/wp-json\/wp\/v2\/posts\/374595\/revisions"}],"wp:featuredmedia":[{"embeddable":true,"href":"https:\/\/www.europesays.com\/fr\/wp-json\/wp\/v2\/media\/374596"}],"wp:attachment":[{"href":"https:\/\/www.europesays.com\/fr\/wp-json\/wp\/v2\/media?parent=374595"}],"wp:term":[{"taxonomy":"category","embeddable":true,"href":"https:\/\/www.europesays.com\/fr\/wp-json\/wp\/v2\/categories?post=374595"},{"taxonomy":"post_tag","embeddable":true,"href":"https:\/\/www.europesays.com\/fr\/wp-json\/wp\/v2\/tags?post=374595"}],"curies":[{"name":"wp","href":"https:\/\/api.w.org\/{rel}","templated":true}]}}