{"id":374597,"date":"2025-09-08T06:19:12","date_gmt":"2025-09-08T06:19:12","guid":{"rendered":"https:\/\/www.europesays.com\/fr\/374597\/"},"modified":"2025-09-08T06:19:12","modified_gmt":"2025-09-08T06:19:12","slug":"on-ne-vous-dit-pas-tout-sur-strasbourg-et-cest-pourtant-une-info-capitale","status":"publish","type":"post","link":"https:\/\/www.europesays.com\/fr\/374597\/","title":{"rendered":"On ne vous dit pas tout sur Strasbourg \u2014 et c\u2019est pourtant une info capitale"},"content":{"rendered":"<p><strong>Tu crois tout savoir sur Strasbourg ? Cette ville alsacienne cache pourtant des secrets que m\u00eame les guides touristiques oublient de mentionner. Entre patrimoine m\u00e9connu et anecdotes surprenantes, je vais te r\u00e9v\u00e9ler ce qu\u2019on ne te dit jamais sur cette capitale europ\u00e9enne. Pr\u00e9pare-toi \u00e0 d\u00e9couvrir une facette in\u00e9dite de Strasbourg.<\/strong><\/p>\n<p>Je dois te l\u2019avouer : Strasbourg m\u2019a longtemps laiss\u00e9 perplexe. Cette ville que tout le monde associe au Parlement europ\u00e9en et \u00e0 sa cath\u00e9drale gothique poss\u00e8de une identit\u00e9 bien plus complexe qu\u2019il n\u2019y para\u00eet. Derri\u00e8re son image polic\u00e9e de capitale institutionnelle se cache une m\u00e9tropole aux mille visages, forg\u00e9e par une histoire tumultueuse qui a fa\u00e7onn\u00e9 son caract\u00e8re unique.<\/p>\n<p>Contrairement aux id\u00e9es re\u00e7ues, Strasbourg ne se r\u00e9sume pas \u00e0 ses institutions europ\u00e9ennes ni \u00e0 son march\u00e9 de No\u00ebl mondialement c\u00e9l\u00e8bre. La r\u00e9alit\u00e9 d\u00e9passe largement ces clich\u00e9s touristiques. Cette cit\u00e9 rh\u00e9nane rec\u00e8le des tr\u00e9sors architecturaux, des traditions s\u00e9culaires et des particularit\u00e9s culturelles que peu de visiteurs soup\u00e7onnent.<\/p>\n<p>Une architecture secr\u00e8te au c\u0153ur de l\u2019Alsace<\/p>\n<p>La plupart des touristes se contentent d\u2019admirer la cath\u00e9drale Notre-Dame et ses fameux automates. Grave erreur ! Je t\u2019encourage vivement \u00e0 lever les yeux vers les fa\u00e7ades des immeubles haussmanniens du quartier allemand. Ces b\u00e2timents, construits entre 1871 et 1918, t\u00e9moignent d\u2019une \u00e9poque o\u00f9 Strasbourg \u00e9tait devenue Stra\u00dfburg, capitale du Reichsland.<\/p>\n<p>L\u2019architecture wilhelmienne transforme radicalement le visage de la ville. Les Allemands dessinent alors un nouveau quartier autour de la place de la R\u00e9publique, ancienne Kaiserplatz. Ce secteur r\u00e9v\u00e8le un patrimoine architectural exceptionnel, m\u00ealant styles n\u00e9o-gothique, n\u00e9o-renaissance et Art nouveau. Le palais du Rhin, ancienne r\u00e9sidence imp\u00e9riale, illustre parfaitement cette ambition monumentale allemande.<\/p>\n<p>Tu d\u00e9couvriras \u00e9galement des d\u00e9tails fascinants sur les fa\u00e7ades : aigles imp\u00e9riaux d\u00e9capit\u00e9s \u00e0 la Lib\u00e9ration, inscriptions bilingues effac\u00e9es puis restaur\u00e9es, symboles r\u00e9publicains fran\u00e7ais ajout\u00e9s apr\u00e8s 1918. Cette palimpseste architectural raconte l\u2019histoire mouvement\u00e9e de l\u2019Alsace mieux qu\u2019aucun manuel scolaire.<\/p>\n<p>Les amateurs d\u2019architecture appr\u00e9cieront particuli\u00e8rement la biblioth\u00e8que nationale et universitaire, joyau du style wilhelmien. Son d\u00f4me de verre et sa structure m\u00e9tallique anticipent l\u2019architecture moderne du XXe si\u00e8cle. <a href=\"https:\/\/www.newsofmarseille.com\/endroit-que-vous-devez-voir-fois-votre-vie-alsace-0081302024.html\" rel=\"nofollow noopener\" target=\"_blank\">Un endroit que tu dois absolument voir<\/a> lors de ton passage en Alsace.<\/p>\n<p>Des traditions culinaires m\u00e9connues du Bas-Rhin<\/p>\n<p>On associe spontan\u00e9ment Strasbourg \u00e0 la choucroute et aux saucisses de Strasbourg. Pourtant, la gastronomie locale r\u00e9serve bien d\u2019autres surprises. Je te r\u00e9v\u00e8le des sp\u00e9cialit\u00e9s que m\u00eame les restaurants touristiques ignorent parfois.<\/p>\n<p>Le Schiffele, cette \u00e9paule de porc fum\u00e9e, constitue le v\u00e9ritable plat identitaire strasbourgeois. Cette viande fum\u00e9e au bois de h\u00eatre accompagne traditionnellement les sp\u00e4tzle maison et la choucroute nouvelle. Les vrais connaisseurs la d\u00e9gustent chez les winstubs authentiques de la Petite France, loin des pi\u00e8ges \u00e0 touristes du centre-ville.<\/p>\n<p>Plus surprenant encore : Strasbourg poss\u00e8de sa propre tradition brassicole. La brasserie Meteor, fond\u00e9e en 1640, produit toujours ses bi\u00e8res selon des recettes alsaciennes ancestrales. La Meteor Pils accompagne parfaitement les sp\u00e9cialit\u00e9s locales comme le Baeckeoffe ou les tartes flamb\u00e9es authentiques.<\/p>\n<p>Les p\u00e2tisseries strasbourgeoises m\u00e9ritent \u00e9galement le d\u00e9tour. Le Kugelhopf, ce cake brioch\u00e9 aux raisins secs, se d\u00e9guste traditionnellement le dimanche matin avec un caf\u00e9 au lait. Les vrais gourmets le savourent encore ti\u00e8de, sortant du four de l\u2019une des boulangeries familiales du quartier de la Krutenau.<\/p>\n<p>La face cach\u00e9e de la \u00ab\u00a0capitale europ\u00e9enne\u00a0\u00bb<\/p>\n<p>Strasbourg cultive son image de capitale europ\u00e9enne depuis l\u2019installation du Conseil de l\u2019Europe en 1949. Cette vocation internationale masque pourtant une r\u00e9alit\u00e9 plus nuanc\u00e9e que les discours officiels ne le laissent entendre.<\/p>\n<p>Le quartier europ\u00e9en, construit ex nihilo dans les ann\u00e9es 1990, fonctionne comme une enclave d\u00e9connect\u00e9e du reste de la ville. Les milliers de fonctionnaires, d\u00e9put\u00e9s et lobbyistes qui y travaillent gravitent dans un microcosme cosmopolite sans v\u00e9ritable interaction avec la population locale. Cette situation cr\u00e9e parfois des tensions, notamment concernant l\u2019immobilier et le co\u00fbt de la vie.<\/p>\n<p>Paradoxalement, cette pr\u00e9sence europ\u00e9enne enrichit consid\u00e9rablement l\u2019offre culturelle strasbourgeoise. Les nombreux consulats, centres culturels \u00e9trangers et \u00e9coles internationales dynamisent la sc\u00e8ne artistique locale. Le festival Musica, consacr\u00e9 \u00e0 la musique contemporaine, ou les Rencontres europ\u00e9ennes de litt\u00e9rature b\u00e9n\u00e9ficient directement de cette effervescence internationale.<\/p>\n<p>La vraie richesse de Strasbourg r\u00e9side dans cette capacit\u00e9 \u00e0 concilier identit\u00e9 alsacienne et ouverture europ\u00e9enne. <a href=\"https:\/\/www.newsofmarseille.com\/petite-venise-francaise-joyau-alsacien-meconnu-qui-vaut-detour-00100142024.html\" rel=\"nofollow noopener\" target=\"_blank\">Cette \u00ab\u00a0Petite Venise\u00a0\u00bb fran\u00e7aise<\/a> qu\u2019est Colmar t\u00e9moigne d\u2019ailleurs de cette sp\u00e9cificit\u00e9 alsacienne, m\u00ealant patrimoine local et rayonnement international.<\/p>\n<p>Strasbourg r\u00e9v\u00e8le enfin ses myst\u00e8res<\/p>\n<p>Au terme de cette exploration, je peux te confier que Strasbourg d\u00e9passe largement son image de carte postale. Cette ville-fronti\u00e8re assume pleinement son h\u00e9ritage franco-allemand tout en construisant son avenir europ\u00e9en. Ses contradictions apparentes constituent en r\u00e9alit\u00e9 sa plus grande richesse.<\/p>\n<p>Les Strasbourgeois eux-m\u00eames cultivent cette complexit\u00e9 identitaire. Ils parlent alsacien en famille, fran\u00e7ais au travail et allemand avec leurs voisins d\u2019mis \u00e0 part-Rhin. Cette multilinguisme naturel refl\u00e8te une adaptabilit\u00e9 culturelle unique en France.<\/p>\n<p>La v\u00e9ritable sp\u00e9cificit\u00e9 strasbourgeoise r\u00e9side dans cette capacit\u00e9 \u00e0 pr\u00e9server son authenticit\u00e9 tout en s\u2019adaptant aux mutations contemporaines. Le tramway ultramoderne c\u00f4toie les maisons \u00e0 colombages, les startups s\u2019installent dans d\u2019anciens b\u00e2timents industriels, la gastronomie traditionnelle se r\u00e9invente sans perdre son \u00e2me.<\/p>\n<p>Strasbourg, dans le Bas-Rhin, m\u00e9rite d\u00e9cid\u00e9ment qu\u2019on s\u2019y attarde plus longuement que ne le sugg\u00e8rent les circuits touristiques classiques. Cette capitale alsacienne r\u00e9v\u00e8le ses secrets aux voyageurs curieux qui acceptent de sortir des sentiers battus.<\/p>\n<p>As-tu d\u00e9j\u00e0 visit\u00e9 Strasbourg ? Partage en commentaire tes d\u00e9couvertes inattendues ou contacte-moi pour \u00e9changer sur ces aspects m\u00e9connus de la capitale alsacienne !<\/p>\n<p><img loading=\"lazy\" decoding=\"async\" width=\"150\" height=\"150\" src=\"data:image\/svg+xml,%3Csvg%20xmlns=\" http:=\"\" class=\"attachment-150x150 size-150x150\" alt=\"\" itemprop=\"image\" data-lazy- data-lazy- data-lazy-src=\"https:\/\/www.europesays.com\/fr\/wp-content\/uploads\/2025\/04\/im6-150x150.png\"\/><\/p>\n<p>Salut \u00e0 tous, je suis Eglantine. D\u00e9couvrez mes articles sur le voyage \u00e0 travers mes conseils, astuces et lieux pr\u00e9f\u00e9r\u00e9s en exclusivit\u00e9 sur News Of Marseille.<br \/>R\u00e9dactrice de coeur, je vous guide \u00e0 travers mes \u00e9crits pour vous transmettre mon expertise sur l&rsquo;aventure du voyage. Et \u00e9videmment, allez l&rsquo;OM \ud83d\ude09<\/p>\n<p>Partagez l&rsquo;article ou suivez nous !<\/p>\n<p>\n\tNos images sont \u00e0 but illustratif et peuvent ne pas repr\u00e9senter la r\u00e9alit\u00e9<\/p>\n","protected":false},"excerpt":{"rendered":"Tu crois tout savoir sur Strasbourg ? Cette ville alsacienne cache pourtant des secrets que m\u00eame les guides&hellip;\n","protected":false},"author":2,"featured_media":374598,"comment_status":"","ping_status":"","sticky":false,"template":"","format":"standard","meta":{"footnotes":""},"categories":[2820],"tags":[1111,11,1777,674,1011,27,775,50869,50870,12,50871,50872,25,640],"class_list":{"0":"post-374597","1":"post","2":"type-post","3":"status-publish","4":"format-standard","5":"has-post-thumbnail","7":"category-strasbourg","8":"tag-actu","9":"tag-actualites","10":"tag-eu","11":"tag-europe","12":"tag-fr","13":"tag-france","14":"tag-grand-est","15":"tag-histoire-de-strasbourg","16":"tag-histoire-meconnue-de-strasbourg","17":"tag-news","18":"tag-patrimoine-architectural-cache","19":"tag-patrimoine-meconnu","20":"tag-republique-francaise","21":"tag-strasbourg"},"share_on_mastodon":{"url":"https:\/\/pubeurope.com\/@fr\/115167229576381875","error":""},"_links":{"self":[{"href":"https:\/\/www.europesays.com\/fr\/wp-json\/wp\/v2\/posts\/374597","targetHints":{"allow":["GET"]}}],"collection":[{"href":"https:\/\/www.europesays.com\/fr\/wp-json\/wp\/v2\/posts"}],"about":[{"href":"https:\/\/www.europesays.com\/fr\/wp-json\/wp\/v2\/types\/post"}],"author":[{"embeddable":true,"href":"https:\/\/www.europesays.com\/fr\/wp-json\/wp\/v2\/users\/2"}],"replies":[{"embeddable":true,"href":"https:\/\/www.europesays.com\/fr\/wp-json\/wp\/v2\/comments?post=374597"}],"version-history":[{"count":0,"href":"https:\/\/www.europesays.com\/fr\/wp-json\/wp\/v2\/posts\/374597\/revisions"}],"wp:featuredmedia":[{"embeddable":true,"href":"https:\/\/www.europesays.com\/fr\/wp-json\/wp\/v2\/media\/374598"}],"wp:attachment":[{"href":"https:\/\/www.europesays.com\/fr\/wp-json\/wp\/v2\/media?parent=374597"}],"wp:term":[{"taxonomy":"category","embeddable":true,"href":"https:\/\/www.europesays.com\/fr\/wp-json\/wp\/v2\/categories?post=374597"},{"taxonomy":"post_tag","embeddable":true,"href":"https:\/\/www.europesays.com\/fr\/wp-json\/wp\/v2\/tags?post=374597"}],"curies":[{"name":"wp","href":"https:\/\/api.w.org\/{rel}","templated":true}]}}