{"id":374599,"date":"2025-09-08T06:20:25","date_gmt":"2025-09-08T06:20:25","guid":{"rendered":"https:\/\/www.europesays.com\/fr\/374599\/"},"modified":"2025-09-08T06:20:25","modified_gmt":"2025-09-08T06:20:25","slug":"une-semaine-du-commerce-pour-trouver-un-emploi-se-former-et-decouvrir-les-metiers-qui-recrutent-pres-de-chez-vous","status":"publish","type":"post","link":"https:\/\/www.europesays.com\/fr\/374599\/","title":{"rendered":"une semaine du commerce pour trouver un emploi, se former et d\u00e9couvrir les m\u00e9tiers qui recrutent pr\u00e8s de chez vous"},"content":{"rendered":"<p><strong>Avec pr\u00e8s d\u2019un salari\u00e9 sur cinq qui y\u00a0travaille, le commerce occupe une place centrale dans l\u2019\u00e9conomie r\u00e9gionale. Du 29 septembre au 3\u00a0octobre 2025, Provence-\u200bAlpes-\u200bC\u00f4te d\u2019Azur vivra au rythme de la \u00ab\u00a0Semaine des m\u00e9tiers du commerce\u00a0\u00bb, un rendez-\u200bvous destin\u00e9 \u00e0\u00a0promouvoir les nombreuses oppor\u00adtu\u00adnit\u00e9s d\u2019emploi, \u00e0\u00a0valoriser les savoir-\u200bfaire et \u00e0\u00a0encou\u00adrager les vocations.<\/strong><\/p>\n<p><strong>En bref &#8211; <\/strong>Cette semaine th\u00e9ma\u00adtique offrira aux entre\u00adprises un moment privi\u00adl\u00e9gi\u00e9 pour rencontrer direc\u00adtement les candidats.\u00a0<\/p>\n<p>\u00ab\u00a0Job datings\u00a0\u00bb, forums, immer\u00adsions en situation de travail ou recru\u00adte\u00adments fond\u00e9s sur la d\u00e9tection de comp\u00e9\u00adtences pratiques viendront illustrer la diversit\u00e9 des m\u00e9thodes utilis\u00e9es. \u00c0\u00a0Nice et dans toute la r\u00e9gion, les \u00e9quipes de France Travail et leurs parte\u00adnaires \u2013 Missions Locales, Apec, Cap Emploi \u2013 se mobili\u00adseront pour rapprocher les employeurs des profils qu\u2019ils recherchent. L\u2019objectif est double\u00a0: acc\u00e9l\u00e9rer les recru\u00adte\u00adments et redonner de l\u2019attractivit\u00e9 \u00e0\u00a0un secteur trop souvent m\u00e9connu.<\/p>\n<p>Des fili\u00e8res o\u00f9 prendre rapidement du\u00a0galon<\/p>\n<p>Au-\u200bdel\u00e0 du volet emploi, cette op\u00e9ration constitue une vitrine pour l\u2019ensemble de la fili\u00e8re. Branches profes\u00adsion\u00adnelles, op\u00e9ra\u00adteurs de comp\u00e9\u00adtences et grandes enseignes se joindront \u00e0\u00a0l\u2019\u00e9v\u00e9nement afin d\u2019ouvrir leurs portes, pr\u00e9senter leurs m\u00e9tiers et montrer qu\u2019une carri\u00e8re dans le commerce peut \u00e9voluer rapidement.\u00a0<\/p>\n<p>Une fa\u00e7on de rappeler que ce secteur dynamique ne se r\u00e9sume pas \u00e0\u00a0des postes de premi\u00e8re ligne mais offre, au contraire, des perspec\u00adtives d\u2019\u00e9volution \u00e0\u00a0long terme.<\/p>\n<p>La trans\u00adfor\u00admation num\u00e9rique sera \u00e9galement \u00e0\u00a0l\u2019honneur. Confront\u00e9es aux d\u00e9fis de l\u2019e-commerce, de la visibilit\u00e9 sur les r\u00e9seaux sociaux ou encore de la cyber\u00ads\u00e9\u00adcurit\u00e9, les petites et moyennes entre\u00adprises pourront b\u00e9n\u00e9ficier de l\u2019expertise des Ateliers num\u00e9riques de Google. De la strat\u00e9gie marketing \u00e0\u00a0l\u2019intelligence artifi\u00adcielle, en passant par l\u2019analyse de donn\u00e9es et la protection des syst\u00e8mes, les dirigeants recevront des outils concrets pour franchir un cap et rester comp\u00e9titifs.<\/p>\n<p>En savoir +<\/p>\n<ul class=\"wp-block-list\">\n<li>Rendez-\u200bvous \u00e0\u00a0Nice, La Trinit\u00e9, Grasse\u2026 <a href=\"https:\/\/mesevenementsemploi.francetravail.fr\/mes-evenements-emploi\/\" target=\"_blank\" rel=\"noopener nofollow\">Via cette page web d\u00e9di\u00e9e<\/a> (inscrip\u00adtions requises, dans la limite des places r\u00e9serv\u00e9es)<\/li>\n<\/ul>\n","protected":false},"excerpt":{"rendered":"Avec pr\u00e8s d\u2019un salari\u00e9 sur cinq qui y\u00a0travaille, le commerce occupe une place centrale dans l\u2019\u00e9conomie r\u00e9gionale. Du&hellip;\n","protected":false},"author":2,"featured_media":374600,"comment_status":"","ping_status":"","sticky":false,"template":"","format":"standard","meta":{"footnotes":""},"categories":[2819],"tags":[1111,11,1777,674,1011,27,12,2401,882,25],"class_list":{"0":"post-374599","1":"post","2":"type-post","3":"status-publish","4":"format-standard","5":"has-post-thumbnail","7":"category-nice","8":"tag-actu","9":"tag-actualites","10":"tag-eu","11":"tag-europe","12":"tag-fr","13":"tag-france","14":"tag-news","15":"tag-nice","16":"tag-provence-alpes-cote-dazur","17":"tag-republique-francaise"},"share_on_mastodon":{"url":"https:\/\/pubeurope.com\/@fr\/115167233551312224","error":""},"_links":{"self":[{"href":"https:\/\/www.europesays.com\/fr\/wp-json\/wp\/v2\/posts\/374599","targetHints":{"allow":["GET"]}}],"collection":[{"href":"https:\/\/www.europesays.com\/fr\/wp-json\/wp\/v2\/posts"}],"about":[{"href":"https:\/\/www.europesays.com\/fr\/wp-json\/wp\/v2\/types\/post"}],"author":[{"embeddable":true,"href":"https:\/\/www.europesays.com\/fr\/wp-json\/wp\/v2\/users\/2"}],"replies":[{"embeddable":true,"href":"https:\/\/www.europesays.com\/fr\/wp-json\/wp\/v2\/comments?post=374599"}],"version-history":[{"count":0,"href":"https:\/\/www.europesays.com\/fr\/wp-json\/wp\/v2\/posts\/374599\/revisions"}],"wp:featuredmedia":[{"embeddable":true,"href":"https:\/\/www.europesays.com\/fr\/wp-json\/wp\/v2\/media\/374600"}],"wp:attachment":[{"href":"https:\/\/www.europesays.com\/fr\/wp-json\/wp\/v2\/media?parent=374599"}],"wp:term":[{"taxonomy":"category","embeddable":true,"href":"https:\/\/www.europesays.com\/fr\/wp-json\/wp\/v2\/categories?post=374599"},{"taxonomy":"post_tag","embeddable":true,"href":"https:\/\/www.europesays.com\/fr\/wp-json\/wp\/v2\/tags?post=374599"}],"curies":[{"name":"wp","href":"https:\/\/api.w.org\/{rel}","templated":true}]}}