{"id":374603,"date":"2025-09-08T06:22:12","date_gmt":"2025-09-08T06:22:12","guid":{"rendered":"https:\/\/www.europesays.com\/fr\/374603\/"},"modified":"2025-09-08T06:22:12","modified_gmt":"2025-09-08T06:22:12","slug":"les-commercants-du-centre-ville-vont-organiser-un-grand-bingo","status":"publish","type":"post","link":"https:\/\/www.europesays.com\/fr\/374603\/","title":{"rendered":"les commer\u00e7ants du centre-ville vont organiser un \u00ab\u00a0grand bingo\u00a0\u00bb"},"content":{"rendered":"<p>            Par<br \/>\n        <strong><br \/>\n            <a href=\"https:\/\/actu.fr\/auteur\/redaction-nantes\" title=\"Consulter tous les articles de R\u00e9daction Nantes\" rel=\"nofollow noopener\" target=\"_blank\">R\u00e9daction Nantes<\/a><br \/>\n        <\/strong><\/p>\n<p>        Publi\u00e9 le<\/p>\n<p>            8 sept. 2025 \u00e0 7h48        <\/p>\n<p>\u00ab\u2009Jouez, riez, gagnez\u2009!\u2009\u00bb C\u2019est le but de l\u2019association de commer\u00e7ants <a href=\"https:\/\/actu.fr\/pays-de-la-loire\/nantes_44109\/commerce-a-nantes-une-nouvelle-presidente-elue-a-la-tete-de-plein-centre_62798581.html\" rel=\"nofollow noopener\" target=\"_blank\">Plein Centre<\/a> qui organise, le samedi 4\u00a0octobre \u00e0 partir de 16\u2009h, <strong>un grand bingo dans le centre-ville de Nantes<\/strong>. Rendez-vous est donn\u00e9 sur la place du Commerce.<\/p>\n<p>DJ set et animation Drag<\/p>\n<p class=\" wall-content\">Le 4\u00a0octobre, pr\u00e8s de <strong>4000 euros de lots<\/strong>, offerts par des commer\u00e7ants nantais, seront \u00e0 gagner. Les participants (aucune r\u00e9servation n\u2019est n\u00e9cessaire, nombre de places limit\u00e9es) sont invit\u00e9s \u00e0 venir sur place d\u00e8s 14\u2009h, avant le d\u00e9but du jeu pr\u00e9vu \u00e0 16\u2009h.<\/p>\n<p class=\" wall-content\">Un DJ set sera organis\u00e9 de 14\u2009h \u00e0 16\u2009h. Comme le rapporte Plein Centre, le bingo sera anim\u00e9 par les Drag-Queens Jodye Coaster et Anne-Marie Kondom.<\/p>\n<p>    <a href=\"https:\/\/www.facebook.com\/plugins\/post.php?href=https%3A%2F%2Fwww.facebook.com%2Fpleincentrenantes%2Fposts%2Fpfbid0nyzU2wYmohexCA6vBMRUm2uYWU8PneJvLhZS7PCFQxXBtKnnbCsKKpEPCd3AgqZql&amp;show_text=true&amp;width=350\" title=\"Ouvrie le lien\" rel=\"nofollow noopener\" target=\"_blank\">Cliquez ici pour visualiser le contenu<\/a><\/p>\n<p class=\" wall-content\">\u00ab\u2009Venez vivre un apr\u00e8s-midi plein de rires, de musique et de bonne humeur. Soutenir vos commerces n\u2019a jamais \u00e9t\u00e9 aussi fun\u2009\u00bb, \u00e9crit l\u2019association <a href=\"https:\/\/www.facebook.com\/pleincentrenantes?__tn__=-UC*F\" rel=\"nofollow noopener\" target=\"_blank\">Plein Centre sur sa page Facebook<\/a>.<\/p>\n<p>Infos pratiques\u2009:<br \/>Grand bingo des commer\u00e7ants, samedi 4\u00a0octobre 2025, Place du Commerce.<br \/>Ouverture des portes \u00e0 14\u2009h, lancement du jeu \u00e0 16\u2009h.<br \/>Tarif\u2009: 4\u00a0euros le carton (paiement par carte bancaire et esp\u00e8ces).<br \/>Sans r\u00e9servation \u2013 nombre de places limit\u00e9es.<\/p>\n<p class=\" wall-content\">Personnalisez votre actualit\u00e9 en ajoutant vos villes et m\u00e9dias en favori avec <a href=\"https:\/\/moncompte.actu.fr\" title=\"D\u00e9couvez Mon Actu\" rel=\"nofollow noopener\" data-trk=\"{&quot;cta&quot;:{&quot;action&quot;:&quot;https:\\\/\\\/moncompte.actu.fr&quot;,&quot;category&quot;:&quot;mon compte&quot;,&quot;from&quot;:&quot;article footer&quot;,&quot;name&quot;:&quot;Mon actu&quot;,&quot;type&quot;:&quot;cta&quot;}}\" target=\"_blank\">Mon Actu<\/a>.<\/p>\n","protected":false},"excerpt":{"rendered":"Par R\u00e9daction Nantes Publi\u00e9 le 8 sept. 2025 \u00e0 7h48 \u00ab\u2009Jouez, riez, gagnez\u2009!\u2009\u00bb C\u2019est le but de l\u2019association&hellip;\n","protected":false},"author":2,"featured_media":374604,"comment_status":"","ping_status":"","sticky":false,"template":"","format":"standard","meta":{"footnotes":""},"categories":[2818],"tags":[1111,11,215,1777,674,1011,27,1652,766,12,2636,25],"class_list":{"0":"post-374603","1":"post","2":"type-post","3":"status-publish","4":"format-standard","5":"has-post-thumbnail","7":"category-nantes","8":"tag-actu","9":"tag-actualites","10":"tag-commerce","11":"tag-eu","12":"tag-europe","13":"tag-fr","14":"tag-france","15":"tag-loisirs-culture","16":"tag-nantes","17":"tag-news","18":"tag-pays-de-la-loire","19":"tag-republique-francaise"},"share_on_mastodon":{"url":"https:\/\/pubeurope.com\/@fr\/115167241467534967","error":""},"_links":{"self":[{"href":"https:\/\/www.europesays.com\/fr\/wp-json\/wp\/v2\/posts\/374603","targetHints":{"allow":["GET"]}}],"collection":[{"href":"https:\/\/www.europesays.com\/fr\/wp-json\/wp\/v2\/posts"}],"about":[{"href":"https:\/\/www.europesays.com\/fr\/wp-json\/wp\/v2\/types\/post"}],"author":[{"embeddable":true,"href":"https:\/\/www.europesays.com\/fr\/wp-json\/wp\/v2\/users\/2"}],"replies":[{"embeddable":true,"href":"https:\/\/www.europesays.com\/fr\/wp-json\/wp\/v2\/comments?post=374603"}],"version-history":[{"count":0,"href":"https:\/\/www.europesays.com\/fr\/wp-json\/wp\/v2\/posts\/374603\/revisions"}],"wp:featuredmedia":[{"embeddable":true,"href":"https:\/\/www.europesays.com\/fr\/wp-json\/wp\/v2\/media\/374604"}],"wp:attachment":[{"href":"https:\/\/www.europesays.com\/fr\/wp-json\/wp\/v2\/media?parent=374603"}],"wp:term":[{"taxonomy":"category","embeddable":true,"href":"https:\/\/www.europesays.com\/fr\/wp-json\/wp\/v2\/categories?post=374603"},{"taxonomy":"post_tag","embeddable":true,"href":"https:\/\/www.europesays.com\/fr\/wp-json\/wp\/v2\/tags?post=374603"}],"curies":[{"name":"wp","href":"https:\/\/api.w.org\/{rel}","templated":true}]}}