{"id":374605,"date":"2025-09-08T06:23:20","date_gmt":"2025-09-08T06:23:20","guid":{"rendered":"https:\/\/www.europesays.com\/fr\/374605\/"},"modified":"2025-09-08T06:23:20","modified_gmt":"2025-09-08T06:23:20","slug":"a-nantes-dans-les-coulisses-de-la-cellule-qui-traque-les-profs-manquants","status":"publish","type":"post","link":"https:\/\/www.europesays.com\/fr\/374605\/","title":{"rendered":"\u00e0 Nantes, dans les coulisses de la cellule qui traque les profs manquants"},"content":{"rendered":"<p>Elle en a les yeux qui p\u00e9tillent\u00a0! \u00ab\u00a0Mission accomplie\u00a0\u00bb, exulte Nicole Lestarquit en raccrochant le combin\u00e9. Quelques secondes plus t\u00f4t, cette ancienne directrice \u00e0 la retraite venait d&rsquo;annoncer \u00e0 la principale d&rsquo;un coll\u00e8ge que, d\u00e8s lundi, une nouvelle professeure sera bien pr\u00e9sente pour assurer les cours de lettres modernes, en remplacement de la pr\u00e9c\u00e9dente, partie en cong\u00e9\u00a0longue maladie juste avant la rentr\u00e9e.<\/p>\n<p>Le point du soir<\/p>\n<p class=\"period\">Tous les soirs \u00e0 partir de 18h<\/p>\n<p>Recevez l\u2019information analys\u00e9e et d\u00e9crypt\u00e9e par la r\u00e9daction du Point.<\/p>\n<p>Merci !<br \/>Votre inscription a bien \u00e9t\u00e9 prise en compte avec l&rsquo;adresse email :<\/p>\n<p>Pour d\u00e9couvrir toutes nos autres newsletters, rendez-vous ici : <a href=\"https:\/\/moncompte.lepoint.fr\/\" title=\"\" rel=\"nofollow noopener\" target=\"_blank\">MonCompte<\/a><\/p>\n<p>En vous inscrivant, vous acceptez les <a href=\"https:\/\/www.lepoint.fr\/html\/cgu\/\" title=\"Conditions g\u00e9n\u00e9rales d&#039;utilisation\" rel=\"nofollow noopener\" target=\"_blank\">conditions g\u00e9n\u00e9rales d\u2019utilisations<\/a> et notre <a href=\"https:\/\/www.lepoint.fr\/html\/politique-de-protection-donnees-personnelles\/\" title=\"Politique de confidentialit\u00e9\" rel=\"nofollow noopener\" target=\"_blank\">politique de confidentialit\u00e9<\/a>.<\/p>\n<p>Et le soulagement, ici, est plus que de rigueur. S&rsquo;agissant d&rsquo;un \u00e9tablissement situ\u00e9 en pleine zone rurale, dans une petite commune sarthoise d&rsquo;\u00e0 peine 2\u00a0000 habitants, d\u00e9gotter une suppl\u00e9ante relevait de la gageure\u00a0! \u00ab\u00a0On regarde beaucoup Mappy, pour ne pas envoyer les gens \u00e0 deux heures de route\u00a0\u00bb, pr\u00e9cise Nicole Lestarquit. Or l\u00e0, miracle, la jeune dipl\u00f4m\u00e9e qui venait de d\u00e9poser sa candidature sur la plateforme de l&rsquo;acad\u00e9mie n&rsquo;habite qu&rsquo;\u00ab\u00a0\u00e0\u00a019\u00a0minutes\u00a0\u00bb de sa premi\u00e8re affectation\u00a0! Ne restait alors plus qu&rsquo;\u00e0 faire \u00ab\u00a0matcher\u00a0\u00bb l&rsquo;offre et la demande.<\/p>\n<p>C&rsquo;est tout l&rsquo;objet de ce dispositif, lanc\u00e9 comme chaque ann\u00e9e durant\u00a0la deuxi\u00e8me quinzaine d&rsquo;ao\u00fbt et qui, jusqu&rsquo;au 26\u00a0septembre, va se charger de combler les manques constat\u00e9s dans les \u00e9quipes p\u00e9dagogiques des coll\u00e8ges, lyc\u00e9es, classes pr\u00e9paratoires et BTS de la r\u00e9gion, que ce soit pour une poign\u00e9e d&rsquo;heures de cours dans une mati\u00e8re pr\u00e9cise pendant quelques semaines ou pour un temps complet \u00e0 l&rsquo;ann\u00e9e. De fait, la cellule (il y en a dans tous les rectorats) constitue un barom\u00e8tre plut\u00f4t pr\u00e9cis du taux d&rsquo;abstention.<\/p>\n<p>\u00ab\u00a0Seulement\u00a026\u00a0postes vacants\u00a0\u00bb<\/p>\n<p>Et \u00e0 cet effet, l&rsquo;acad\u00e9mie de Nantes, qui couvre les cinq d\u00e9partements des Pays de la Loire (Loire-Atlantique, Maine-et-Loire, Vend\u00e9e, Mayenne et Sarthe), est relativement privil\u00e9gi\u00e9e puisqu&rsquo;elle est la deuxi\u00e8me la plus attractive de France\u00a0la Bretagne, avec quelque 18\u00a0000 titulaires et contractuels. \u00ab\u00a0Nous avons tr\u00e8s peu de postes vacants, seulement 26\u00a0\u00bb, se f\u00e9licite Fr\u00e9d\u00e9rique Simon, responsable de la division des personnels enseignants du second degr\u00e9\u00a0dans le public pour la r\u00e9gion. On est loin, ici, des chiffres publi\u00e9s jeudi 4\u00a0septembre par le syndicat majoritaire Snes-FSU faisant appara\u00eetre au moins un prof manquant dans 55\u00a0% des \u00e9tablissements publics en France.<\/p>\n<p>Il faut dire qu&rsquo;au t\u00e9l\u00e9phone, \u00e0 l&rsquo;instar de Nicole Lestarquit, les directeurs retrait\u00e9s se plient en quatre pour trouver des solutions \u00e0 leurs anciens coll\u00e8gues chez qui ils cernent parfaitement les inqui\u00e9tudes pour les avoir d\u00e9j\u00e0 v\u00e9cues. \u00ab\u00a0Il m&rsquo;est, moi aussi, arriv\u00e9e d&rsquo;appeler cette cellule, on avait des r\u00e9ponses, pas toujours imm\u00e9diatement, mais on savait qu&rsquo;on \u00e9tait\u00a0entendu. Quand on est sur le terrain, c&rsquo;est rassurant\u00a0\u00bb, confirme Dominique Bellanger, ancienne cheffe d&rsquo;\u00e9tablissement.<\/p>\n<p>Surtout, tous parlent le m\u00eame langage, voire se connaissent tr\u00e8s bien. \u00ab\u00a0Je comprends leur stress, poursuit Christophe Tellier, qui a exerc\u00e9 en Loire-Atlantique. Certains sortent d&rsquo;une r\u00e9union parents-professeurs o\u00f9 ils ont pu avoir des questions un peu d\u00e9rangeantes.\u00a0\u00bb Parfois, l&rsquo;impatience met les nerfs \u00e0 rude \u00e9preuve, comme cette proviseure qui raconte avoir \u00ab\u00a0re\u00e7u un mail d&rsquo;une maman disant qu&rsquo;elle cherchait elle-m\u00eame de son c\u00f4t\u00e9 un prof\u00a0\u00bb, pensant que le coll\u00e8ge n&rsquo;\u00e9tait pas assez actif sur le dossier. Heureusement, la situation a \u00e9t\u00e9 g\u00e9r\u00e9e par le rectorat lui-m\u00eame comme la majorit\u00e9 des cas. \u00ab\u00a0Notre objectif est de r\u00e9gler la situation\u00a0le plus vite possible, \u00e7a peut m\u00eame se faire dans l&rsquo;heure\u00a0\u00bb, affirme\u00a0Fr\u00e9d\u00e9rique Simon.<\/p>\n<p>201 suppl\u00e9ants trouv\u00e9s durant la premi\u00e8re semaine<\/p>\n<p>Une fois le profil identifi\u00e9, la mission\u00a0n&rsquo;est pas finie pour autant. Le travail peut s&rsquo;apparenter \u00e0 de la dentelle, notamment lorsqu&rsquo;il s&rsquo;agit d&rsquo;un candidat effectuant d\u00e9j\u00e0 des remplacements dans d&rsquo;autres structures. \u00ab\u00a0J&rsquo;ai eu le cas d&rsquo;un coll\u00e8ge o\u00f9 il manquait quelqu&rsquo;un pour 3\u00a0heures d&rsquo;histoire-g\u00e9ographie par semaine et, en face, j&rsquo;avais un contractuel pressenti qui donnait d\u00e9j\u00e0 9\u00a0heures de cours ailleurs, reprend Christophe Tellier. Nous avons donc mis en lien les deux directeurs qui se sont accord\u00e9s pour faire co\u00efncider leurs emplois du temps. Nous sommes des facilitateurs.\u00a0\u00bb<\/p>\n<p>\n\u00c0 D\u00e9couvrir<br \/>\n<strong class=\"discover-kangourou__line\"><br \/>\n<img decoding=\"async\" class=\"discover-kangourou__img\" src=\"https:\/\/static.lpnt.fr\/static\/img\/kangourou\/kangourou_filled.svg\"\/><br \/>\n<strong class=\"discover-kangourou__txt\"><br \/>\n<strong>Le Kangourou du jour<\/strong><br \/>\n<a href=\"https:\/\/kangourou.lepoint.fr\" title=\"kangourou\" data-gtm-cta=\"kangourou_article\" class=\"discover-kangourou__lnk\" rel=\"nofollow noopener\" target=\"_blank\"><br \/>\nR\u00e9pondre<br \/>\n<\/a><br \/>\n<\/strong><br \/>\n<\/strong><br \/>\nIls sont surtout des interm\u00e9diaires qui travaillent en direct avec les gestionnaires du rectorat, charg\u00e9s de traduire ces requ\u00eates en contrats, mais aussi avec d&rsquo;autres intervenants\u00a0qui, eux, r\u00e9ceptionnent les appels des professeurs tout juste nomm\u00e9s ou en attente de poste. \u00ab\u00a0On s&rsquo;occupe de r\u00e9pondre aux questions de ceux qui viennent d&rsquo;avoir le concours par exemple et ne connaissent pas encore leur affectation, ou pour avoir des informations sur le d\u00e9fraiement des frais kilom\u00e9triques, r\u00e9capitule Pauline Aschard, en reconversion professionnelle se destinant \u00e0 l&rsquo;enseignement. Et quand on entend qu&rsquo;il y a un besoin dans une discipline et qu&rsquo;on a \u00e9chang\u00e9 avec un contractuel encore disponible, on peut faire l&rsquo;interface comme \u00e7a.\u00a0\u00bb<\/p>\n<p>Le rectorat de Nantes, qui peut s&rsquo;appuyer sur un vivier d&rsquo;environ 2\u00a0000 enseignants encore sans classe, a r\u00e9ussi \u00e0 honorer\u00a0201\u00a0demandes de rempla\u00e7ants sur la premi\u00e8re semaine de rentr\u00e9e. Une donn\u00e9e stable par rapport \u00e0 l&rsquo;an dernier.<\/p>\n<p>Toute l\u2019actualit\u00e9 \u00e0 1\u20ac le premier mois<\/p>\n<p><a href=\"https:\/\/abo.lepoint.fr\/?provenance=21EDI020098\" class=\"btn\" title=\"S&#039;abonner\" data-gtm=\"click:abo|display:abo\" data-campaign=\"paywall_maison\" rel=\"nofollow noopener\" target=\"_blank\">S&rsquo;abonner<\/a><\/p>\n<p>ou<\/p>\n","protected":false},"excerpt":{"rendered":"Elle en a les yeux qui p\u00e9tillent\u00a0! \u00ab\u00a0Mission accomplie\u00a0\u00bb, exulte Nicole Lestarquit en raccrochant le combin\u00e9. Quelques secondes&hellip;\n","protected":false},"author":2,"featured_media":374606,"comment_status":"","ping_status":"","sticky":false,"template":"","format":"standard","meta":{"footnotes":""},"categories":[2818],"tags":[1111,11,1057,1777,674,1011,27,766,12,2636,25],"class_list":{"0":"post-374605","1":"post","2":"type-post","3":"status-publish","4":"format-standard","5":"has-post-thumbnail","7":"category-nantes","8":"tag-actu","9":"tag-actualites","10":"tag-education","11":"tag-eu","12":"tag-europe","13":"tag-fr","14":"tag-france","15":"tag-nantes","16":"tag-news","17":"tag-pays-de-la-loire","18":"tag-republique-francaise"},"share_on_mastodon":{"url":"https:\/\/pubeurope.com\/@fr\/115167245414891094","error":""},"_links":{"self":[{"href":"https:\/\/www.europesays.com\/fr\/wp-json\/wp\/v2\/posts\/374605","targetHints":{"allow":["GET"]}}],"collection":[{"href":"https:\/\/www.europesays.com\/fr\/wp-json\/wp\/v2\/posts"}],"about":[{"href":"https:\/\/www.europesays.com\/fr\/wp-json\/wp\/v2\/types\/post"}],"author":[{"embeddable":true,"href":"https:\/\/www.europesays.com\/fr\/wp-json\/wp\/v2\/users\/2"}],"replies":[{"embeddable":true,"href":"https:\/\/www.europesays.com\/fr\/wp-json\/wp\/v2\/comments?post=374605"}],"version-history":[{"count":0,"href":"https:\/\/www.europesays.com\/fr\/wp-json\/wp\/v2\/posts\/374605\/revisions"}],"wp:featuredmedia":[{"embeddable":true,"href":"https:\/\/www.europesays.com\/fr\/wp-json\/wp\/v2\/media\/374606"}],"wp:attachment":[{"href":"https:\/\/www.europesays.com\/fr\/wp-json\/wp\/v2\/media?parent=374605"}],"wp:term":[{"taxonomy":"category","embeddable":true,"href":"https:\/\/www.europesays.com\/fr\/wp-json\/wp\/v2\/categories?post=374605"},{"taxonomy":"post_tag","embeddable":true,"href":"https:\/\/www.europesays.com\/fr\/wp-json\/wp\/v2\/tags?post=374605"}],"curies":[{"name":"wp","href":"https:\/\/api.w.org\/{rel}","templated":true}]}}