{"id":374617,"date":"2025-09-08T06:30:11","date_gmt":"2025-09-08T06:30:11","guid":{"rendered":"https:\/\/www.europesays.com\/fr\/374617\/"},"modified":"2025-09-08T06:30:11","modified_gmt":"2025-09-08T06:30:11","slug":"marseille-concerts-a-lorigine-dune-saison-eclectique","status":"publish","type":"post","link":"https:\/\/www.europesays.com\/fr\/374617\/","title":{"rendered":"Marseille Concerts \u00e0 l\u2019origine d\u2019une saison \u00e9clectique"},"content":{"rendered":"\n<p>Cette ann\u00e9e encore, Marseille Concerts mise sur la qualit\u00e9 des interpr\u00e8tes que cette association invite tout au long de sa saison et sur la grande diversit\u00e9 des programmes propos\u00e9s\u00a0: de Haydn \u00e0 Barbara, de Mozart \u00e0 la com\u00e9die musicale am\u00e9ricaine, tous les styles et toutes les \u00e9poques se succ\u00e9deront sur diff\u00e9rentes sc\u00e8nes de la ville. Charge au remarquable clarinettiste marseillais Pierre G\u00e9nisson d\u2019ouvrir la saison avec le pianiste ni\u00e7ois David Kadouch, autour des r\u00e9pertoires de Schumann, Brahms, Saint-Sa\u00ebns et de Falla, le 20\u00a0septembre au Palais du Pharo.<\/p>\n<p> De Plan\u00e8s \u00e0 Dessay-Naouri\n              <\/p>\n<p>Association \u0153uvrant depuis 1986, Marseille Concerts permettra \u00e9galement d\u2019\u00e9couter toutes les sensibilit\u00e9s et subtilit\u00e9s musicales, en invoquant notamment l\u2019\u00e9l\u00e9gance sobre d\u2019Alain Plan\u00e8s pour jouer Joseph Haydn (le 29\u00a0mars dans le foyer Ernest-Reyer de l\u2019Op\u00e9ra), ou l\u2019exub\u00e9rance calcul\u00e9e de Khatia Buniatishvili pour un r\u00e9cital le 5\u00a0novembre dans la Grande salle de l\u2019Op\u00e9ra de Marseille. Pour faire dire aux pianos tout ce qu\u2019ils peuvent exprimer. En famille, entre amis ou en solistes, les artistes viennent de tous horizons. On notera par exemple l\u2019hommage aux com\u00e9dies musicales am\u00e9ricaines, le 28\u00a0janvier au Th\u00e9\u00e2tre de l\u2019Od\u00e9on, assur\u00e9 par les familles de musiciens de la soprano Natalie Dessay et du baryton-basse Laurent Naouri, ou encore le r\u00e9cital de piano d\u2019Alexandre Kantorow, le 16\u00a0f\u00e9vrier \u00e0 la Cri\u00e9e.<\/p>\n<p> Gis\u00e8le Laval\n              <\/p>\n<p> www.marseilleconcerts.com\n              <\/p>\n","protected":false},"excerpt":{"rendered":"Cette ann\u00e9e encore, Marseille Concerts mise sur la qualit\u00e9 des interpr\u00e8tes que cette association invite tout au long&hellip;\n","protected":false},"author":2,"featured_media":374618,"comment_status":"","ping_status":"","sticky":false,"template":"","format":"standard","meta":{"footnotes":""},"categories":[2814],"tags":[1111,11,4156,1777,674,1011,27,884,12,882,25],"class_list":{"0":"post-374617","1":"post","2":"type-post","3":"status-publish","4":"format-standard","5":"has-post-thumbnail","7":"category-marseille","8":"tag-actu","9":"tag-actualites","10":"tag-concerts","11":"tag-eu","12":"tag-europe","13":"tag-fr","14":"tag-france","15":"tag-marseille","16":"tag-news","17":"tag-provence-alpes-cote-dazur","18":"tag-republique-francaise"},"share_on_mastodon":{"url":"https:\/\/pubeurope.com\/@fr\/115167273025833442","error":""},"_links":{"self":[{"href":"https:\/\/www.europesays.com\/fr\/wp-json\/wp\/v2\/posts\/374617","targetHints":{"allow":["GET"]}}],"collection":[{"href":"https:\/\/www.europesays.com\/fr\/wp-json\/wp\/v2\/posts"}],"about":[{"href":"https:\/\/www.europesays.com\/fr\/wp-json\/wp\/v2\/types\/post"}],"author":[{"embeddable":true,"href":"https:\/\/www.europesays.com\/fr\/wp-json\/wp\/v2\/users\/2"}],"replies":[{"embeddable":true,"href":"https:\/\/www.europesays.com\/fr\/wp-json\/wp\/v2\/comments?post=374617"}],"version-history":[{"count":0,"href":"https:\/\/www.europesays.com\/fr\/wp-json\/wp\/v2\/posts\/374617\/revisions"}],"wp:featuredmedia":[{"embeddable":true,"href":"https:\/\/www.europesays.com\/fr\/wp-json\/wp\/v2\/media\/374618"}],"wp:attachment":[{"href":"https:\/\/www.europesays.com\/fr\/wp-json\/wp\/v2\/media?parent=374617"}],"wp:term":[{"taxonomy":"category","embeddable":true,"href":"https:\/\/www.europesays.com\/fr\/wp-json\/wp\/v2\/categories?post=374617"},{"taxonomy":"post_tag","embeddable":true,"href":"https:\/\/www.europesays.com\/fr\/wp-json\/wp\/v2\/tags?post=374617"}],"curies":[{"name":"wp","href":"https:\/\/api.w.org\/{rel}","templated":true}]}}