{"id":374619,"date":"2025-09-08T06:31:11","date_gmt":"2025-09-08T06:31:11","guid":{"rendered":"https:\/\/www.europesays.com\/fr\/374619\/"},"modified":"2025-09-08T06:31:11","modified_gmt":"2025-09-08T06:31:11","slug":"benoit-payan-maire-de-marseille-menace-de-mort-pour-avoir-partage-un-couscous-avec-les-marseillais-lfi-lui-apporte-son-soutien","status":"publish","type":"post","link":"https:\/\/www.europesays.com\/fr\/374619\/","title":{"rendered":"Beno\u00eet Payan, maire de Marseille, menac\u00e9 de mort pour avoir partag\u00e9 un couscous avec les marseillais, LFI lui apporte son soutien"},"content":{"rendered":"<p class=\"article__intro\">\u00c0 l&rsquo;occasion d&rsquo;un festival culinaire Kouskous de Marseille, ce week-end du 6 et 7 septembre, le maire de Marseille (DVG) Beno\u00eet Payan, a partag\u00e9 un couscous avec les Marseillais, en centre-ville. Une vid\u00e9o de menace montrant des images violentes circule depuis sur les r\u00e9seaux sociaux. L&rsquo;\u00e9dile r\u00e9agit soutenu par la France Insoumise.<\/p>\n<p>\n      La Quotidienne Soci\u00e9t\u00e9\n    <\/p>\n<p>\n      De la vie quotidienne aux grands enjeux, recevez tous les jours les sujets qui font la soci\u00e9t\u00e9 locale, comme la justice, l\u2019\u00e9ducation, la sant\u00e9 et la famille.\n    <\/p>\n<p>    France T\u00e9l\u00e9visions utilise votre adresse e-mail afin de vous envoyer la newsletter \u00ab\u00a0La Quotidienne Soci\u00e9t\u00e9\u00a0\u00bb. Vous pouvez vous d\u00e9sinscrire \u00e0 tout moment via le lien en bas de cette newsletter. <a target=\"_blank\" href=\"https:\/\/www.francetelevisions.fr\/groupe\/confidentialite\/politique-de-confidentialite\/politique-de-confidentialite-de-france-televisions-6503\" rel=\"nofollow noopener\">Notre politique de confidentialit\u00e9<\/a><\/p>\n<p>\u00ab\u00a0Pauvre con Payan!! L&rsquo;idiot utile des Fr\u00e8res Musulmans!! Et il sera dans les premiers quand il leur aura servi de marchepied!!! Quelle merde!!!\u00a0\u00bb, publie Anonyme, @Alfie07165, sur le r\u00e9seau social X., accompagn\u00e9 d&rsquo;une image o\u00f9 l&rsquo;on peut voir un homme les yeux band\u00e9s, pr\u00eat \u00e0 \u00eatre pendu, encadr\u00e9 par deux hommes tout de noir v\u00eatu et encagoul\u00e9 avec des rames de guerre.<\/p>\n<p>Cette publication a tout de suite fait r\u00e9agir le premier \u00c9dile, qui affirme ne pas se laisser menacer impun\u00e9ment :<\/p>\n<p>\u00ab\u00a0Menac\u00e9 de mort pour avoir mang\u00e9 un couscous dans le cadre d\u2019un festival marseillais de cuisine, je ne c\u00e9derai \u00e9videmment rien et jamais. Marseille est une ville du vivre-ensemble et nous ferons tout pour que cela continue, malgr\u00e9 les intimidations, extr\u00eame droite ou pas\u00a0\u00bb.<\/p>\n<blockquote class=\"twitter-tweet\">\n<p dir=\"ltr\" lang=\"fr\">Menac\u00e9 de mort pour avoir mang\u00e9 un couscous dans le cadre d\u2019un festival marseillais de cuisine, je ne c\u00e9derai \u00e9videmment rien et jamais. <br \/>Marseille est une ville du vivre-ensemble et nous ferons tout pour que cela continue, malgr\u00e9 les intimidations, extr\u00eame droite ou pas. <a href=\"https:\/\/t.co\/Hy9XqyvluD\" rel=\"nofollow\">pic.twitter.com\/Hy9XqyvluD<\/a><\/p>\n<p>\u2014 Beno\u00eet Payan (@BenoitPayan) <a href=\"https:\/\/twitter.com\/BenoitPayan\/status\/1964732628273332644?ref_src=twsrc%5Etfw\" rel=\"nofollow noopener\" target=\"_blank\">September 7, 2025<\/a><\/p><\/blockquote>\n<p>Si la gauche marseillaise condamne cette publication, la droite reste bien silencieuse.<\/p>\n<p>De son c\u00f4t\u00e9, la France Insoumise a apport\u00e9 son soutien au maire de Marseille.\u00a0<\/p>\n<p>\u00ab\u00a0Aucun de nos d\u00e9saccords politiques ne doit surpasser la n\u00e9cessit\u00e9 de faire bloc face aux attaques des racistes, des pro g\u00e9nocide et de l&rsquo;extr\u00eame droite. Tu as mon soutien et celui des insoumis face \u00e0 ces menaces ignobles.\u00a0\u00bb\u00a0, \u00e9crit S\u00e9bastien Delogu, d\u00e9put\u00e9 insoumis \u00e0 Marseille.<\/p>\n<blockquote class=\"twitter-tweet\">\n<p dir=\"ltr\" lang=\"fr\">Menac\u00e9 de mort pour un couscous.<a href=\"https:\/\/twitter.com\/bpayan?ref_src=twsrc%5Etfw\" rel=\"nofollow noopener\" target=\"_blank\">@bpayan<\/a>, aucun de nos d\u00e9saccords politiques ne doit surpasser la n\u00e9cessit\u00e9 de faire bloc face aux attaques des racistes, des pro-g\u00e9nocide et de l&rsquo;extreme droite. <br \/>Tu as mon soutien et celui des insoumis face \u00e0 ces menaces ignobles. <a href=\"https:\/\/t.co\/WfCs0jWnoC\" rel=\"nofollow\">https:\/\/t.co\/WfCs0jWnoC<\/a><\/p>\n<p>\u2014 S\u00e9bastien DELOGU (@sebastiendelogu) <a href=\"https:\/\/twitter.com\/sebastiendelogu\/status\/1964751498782572930?ref_src=twsrc%5Etfw\" rel=\"nofollow noopener\" target=\"_blank\">September 7, 2025<\/a><\/p><\/blockquote>\n<p>En France,\u00a0la loi Pleven du 1\u1d49\u02b3 juillet 1972 d\u00e9finit juridiquement le racisme comme une \u00ab\u00a0provocation \u00e0 la discrimination, \u00e0 la haine ou \u00e0 la violence \u00e0 l&rsquo;\u00e9gard d&rsquo;une personne ou d&rsquo;un groupe de personnes en raison de leur origine ou de leur appartenance, ou de leur non-appartenance, \u00e0 une ethnie, une nation, une race\u00a0\u00bb.<\/p>\n<p>La diffamation raciste lorsqu&rsquo;elle est publique, son auteur encourt jusqu&rsquo;\u00e0 un an d&#8217;emprisonnement et 45 000 euros d&rsquo;amende (articles 29, alin\u00e9a 1 et 32, alin\u00e9a 2 de la loi du 29 juillet 1881).<\/p>\n<p>  <script async src=\"https:\/\/platform.twitter.com\/widgets.js\" charset=\"utf-8\"><\/script><\/p>\n","protected":false},"excerpt":{"rendered":"\u00c0 l&rsquo;occasion d&rsquo;un festival culinaire Kouskous de Marseille, ce week-end du 6 et 7 septembre, le maire de&hellip;\n","protected":false},"author":2,"featured_media":374620,"comment_status":"","ping_status":"","sticky":false,"template":"","format":"standard","meta":{"footnotes":""},"categories":[2814],"tags":[1111,11,1777,674,1011,27,884,12,882,25],"class_list":{"0":"post-374619","1":"post","2":"type-post","3":"status-publish","4":"format-standard","5":"has-post-thumbnail","7":"category-marseille","8":"tag-actu","9":"tag-actualites","10":"tag-eu","11":"tag-europe","12":"tag-fr","13":"tag-france","14":"tag-marseille","15":"tag-news","16":"tag-provence-alpes-cote-dazur","17":"tag-republique-francaise"},"share_on_mastodon":{"url":"https:\/\/pubeurope.com\/@fr\/115167276805838974","error":""},"_links":{"self":[{"href":"https:\/\/www.europesays.com\/fr\/wp-json\/wp\/v2\/posts\/374619","targetHints":{"allow":["GET"]}}],"collection":[{"href":"https:\/\/www.europesays.com\/fr\/wp-json\/wp\/v2\/posts"}],"about":[{"href":"https:\/\/www.europesays.com\/fr\/wp-json\/wp\/v2\/types\/post"}],"author":[{"embeddable":true,"href":"https:\/\/www.europesays.com\/fr\/wp-json\/wp\/v2\/users\/2"}],"replies":[{"embeddable":true,"href":"https:\/\/www.europesays.com\/fr\/wp-json\/wp\/v2\/comments?post=374619"}],"version-history":[{"count":0,"href":"https:\/\/www.europesays.com\/fr\/wp-json\/wp\/v2\/posts\/374619\/revisions"}],"wp:featuredmedia":[{"embeddable":true,"href":"https:\/\/www.europesays.com\/fr\/wp-json\/wp\/v2\/media\/374620"}],"wp:attachment":[{"href":"https:\/\/www.europesays.com\/fr\/wp-json\/wp\/v2\/media?parent=374619"}],"wp:term":[{"taxonomy":"category","embeddable":true,"href":"https:\/\/www.europesays.com\/fr\/wp-json\/wp\/v2\/categories?post=374619"},{"taxonomy":"post_tag","embeddable":true,"href":"https:\/\/www.europesays.com\/fr\/wp-json\/wp\/v2\/tags?post=374619"}],"curies":[{"name":"wp","href":"https:\/\/api.w.org\/{rel}","templated":true}]}}