{"id":374622,"date":"2025-09-08T06:33:11","date_gmt":"2025-09-08T06:33:11","guid":{"rendered":"https:\/\/www.europesays.com\/fr\/374622\/"},"modified":"2025-09-08T06:33:11","modified_gmt":"2025-09-08T06:33:11","slug":"un-patient-se-suicide-en-se-defenestrant","status":"publish","type":"post","link":"https:\/\/www.europesays.com\/fr\/374622\/","title":{"rendered":"un patient se suicide en se d\u00e9fenestrant"},"content":{"rendered":"<p>Drame \u00e0 l\u2019h\u00f4pital Edouard-Herriot (HEH) de Lyon ce dimanche. Selon nos informations, un homme de 88 ans a mis fin \u00e0 ses jours en se d\u00e9fenestrant vers 19\u00a0h\u00a045 alors qu\u2019il \u00e9tait hospitalis\u00e9 dans le pavillon I.<\/p>\n<p>La chute de trois \u00e9tages lui a \u00e9t\u00e9 fatale. La police est intervenue sur les lieux, l\u2019hypoth\u00e8se d\u2019un suicide a \u00e9t\u00e9 rapidement confirm\u00e9e.<\/p>\n<p>\u00ab \u00c9valuer les actions de soutien\u00a0mis en place pour le personnel hospitalier\u00a0\u00bb<\/p>\n<p>Dans un communiqu\u00e9 diffus\u00e9 dimanche, la F\u00e9d\u00e9ration autonome hospitali\u00e8re r\u00e9clame la tenue d\u2019une Formation sp\u00e9cialis\u00e9e en mati\u00e8re de sant\u00e9, s\u00e9curit\u00e9 et conditions de travail (F3SCT). \u00ab\u00a0Cette instance du personnel permettra d&rsquo;\u00e9valuer les actions de soutien\u00a0mis en place pour le personnel hospitalier\u00a0\u00bb, indique le syndicat.<\/p>\n<p>Un drame similaire est survenu \u00e0 HEH d\u00e9but juin\u00a0: un jeune homme de 23 ans s\u2019\u00e9tait tu\u00e9 en se jetant dans le vide.<\/p>\n<p class=\"note\">Si vous avez des pens\u00e9es suicidaires, si vous voulez aider une personne en souffrance, vous pouvez contacter le num\u00e9ro national de pr\u00e9vention du suicide, le 3114.<\/p>\n","protected":false},"excerpt":{"rendered":"Drame \u00e0 l\u2019h\u00f4pital Edouard-Herriot (HEH) de Lyon ce dimanche. Selon nos informations, un homme de 88 ans a&hellip;\n","protected":false},"author":2,"featured_media":374623,"comment_status":"","ping_status":"","sticky":false,"template":"","format":"standard","meta":{"footnotes":""},"categories":[1889],"tags":[1111,11,2430,2757,1777,674,274,1011,27,2428,12,25,2429],"class_list":{"0":"post-374622","1":"post","2":"type-post","3":"status-publish","4":"format-standard","5":"has-post-thumbnail","7":"category-lyon","8":"tag-actu","9":"tag-actualites","10":"tag-auvergne-rhone-alpes","11":"tag-edition-lyon-villeurbanne","12":"tag-eu","13":"tag-europe","14":"tag-faits-divers-justice","15":"tag-fr","16":"tag-france","17":"tag-lyon","18":"tag-news","19":"tag-republique-francaise","20":"tag-rhone"},"share_on_mastodon":{"url":"https:\/\/pubeurope.com\/@fr\/115167284655286493","error":""},"_links":{"self":[{"href":"https:\/\/www.europesays.com\/fr\/wp-json\/wp\/v2\/posts\/374622","targetHints":{"allow":["GET"]}}],"collection":[{"href":"https:\/\/www.europesays.com\/fr\/wp-json\/wp\/v2\/posts"}],"about":[{"href":"https:\/\/www.europesays.com\/fr\/wp-json\/wp\/v2\/types\/post"}],"author":[{"embeddable":true,"href":"https:\/\/www.europesays.com\/fr\/wp-json\/wp\/v2\/users\/2"}],"replies":[{"embeddable":true,"href":"https:\/\/www.europesays.com\/fr\/wp-json\/wp\/v2\/comments?post=374622"}],"version-history":[{"count":0,"href":"https:\/\/www.europesays.com\/fr\/wp-json\/wp\/v2\/posts\/374622\/revisions"}],"wp:featuredmedia":[{"embeddable":true,"href":"https:\/\/www.europesays.com\/fr\/wp-json\/wp\/v2\/media\/374623"}],"wp:attachment":[{"href":"https:\/\/www.europesays.com\/fr\/wp-json\/wp\/v2\/media?parent=374622"}],"wp:term":[{"taxonomy":"category","embeddable":true,"href":"https:\/\/www.europesays.com\/fr\/wp-json\/wp\/v2\/categories?post=374622"},{"taxonomy":"post_tag","embeddable":true,"href":"https:\/\/www.europesays.com\/fr\/wp-json\/wp\/v2\/tags?post=374622"}],"curies":[{"name":"wp","href":"https:\/\/api.w.org\/{rel}","templated":true}]}}