{"id":374626,"date":"2025-09-08T06:35:59","date_gmt":"2025-09-08T06:35:59","guid":{"rendered":"https:\/\/www.europesays.com\/fr\/374626\/"},"modified":"2025-09-08T06:35:59","modified_gmt":"2025-09-08T06:35:59","slug":"laction-regionale-pour-lenseignement-superieur","status":"publish","type":"post","link":"https:\/\/www.europesays.com\/fr\/374626\/","title":{"rendered":"L&rsquo;action r\u00e9gionale pour l&rsquo;enseignement sup\u00e9rieur"},"content":{"rendered":"<p><strong>Procurer aux \u00e9tudiants et chercheurs des lieux de travail confortables et largement accessibles<\/strong> est une priorit\u00e9 de la R\u00e9gion \u00cele-de-France pour am\u00e9liorer leurs conditions de vie et d\u2019\u00e9tudes.<\/p>\n<p>Parmi les <strong>grands projets financ\u00e9s figurent notamment<\/strong>, le b\u00e2timent de formation continue de l&rsquo;Universit\u00e9 Paris Ouest Nanterre inaugur\u00e9 en f\u00e9vrier 2018 pour lequel la R\u00e9gion a investi 18 millions d&rsquo;euros,\u00a0la biblioth\u00e8que de l&rsquo;Universit\u00e9 Paris 13 Villetaneuse ouverte en mai 2018 et financ\u00e9e \u00e0 hauteur de 24 millions d&rsquo;euros\u00a0ou encore la Maison d&rsquo;Initiation et de Sensibilisation aux Sciences (MISS) de l&rsquo;Universit\u00e9 Paris 11, financ\u00e9e \u00e0 100 % par la R\u00e9gion pour un montant de 3,7 millions d&rsquo;euros.<\/p>\n<p>La R\u00e9gion participe \u00e9galement a des op\u00e9rations dont la livraison est attendue d&rsquo;ici quelques mois comme la Maison de recherche de l&rsquo;Universit\u00e9 Paris 8 Vincennes attendue pour fin 2018 et la nouvelle Maison des Sciences de l&rsquo;Environnement sur le campus de l&rsquo;Universit\u00e9 de Paris-Est Cr\u00e9teil.<\/p>\n<p><strong>Un nouveau Sch\u00e9ma r\u00e9gional de l\u2019enseignement sup\u00e9rieur, de la recherche et de l\u2019innovation (SRESRI)<\/strong><\/p>\n<p>C\u2019est le document qui d\u00e9finit la strat\u00e9gie r\u00e9gionale en mati\u00e8re <a href=\"https:\/\/www.iledefrance.fr\/toutes-les-actualites\/sresri-2023-2028-le-nouveau-schema-regional-de-lenseignement-superieur-la-recherche-et-linnovation\" data-entity-type=\"node\" data-entity-uuid=\"e59dc3b7-8215-401d-b5e8-3b86a24256cc\" data-entity-substitution=\"canonical\" rel=\"nofollow noopener\" target=\"_blank\">d\u2019enseignement sup\u00e9rieur de recherche et d\u2019innovation pour la p\u00e9riode 2023-2028.<\/a> \u00c9labor\u00e9 par la R\u00e9gion en co-construction avec les acteurs du territoire, le SRESRI vise \u00e0 favoriser l\u2019attractivit\u00e9, la croissance et l\u2019emploi\u00a0 et \u00e0 faire de l\u2019\u00cele-de-France, l\u2019une des r\u00e9gions les plus performantes et attractives du monde.<\/p>\n<p>L\u2019innovation, la qualit\u00e9 et l\u2019excellence sont au c\u0153ur de cette strat\u00e9gie r\u00e9gionale qui se structure autour de 3 grandes orientations :<\/p>\n<ul>\n<li>Am\u00e9liorer les\u00a0<strong>conditions de vie et d\u2019\u00e9tude<\/strong>\u00a0sur les campus franciliens,\u00a0<\/li>\n<li>Conforter la place de notre R\u00e9gion comme<strong>\u00a0leader scientifique et technologique en Europe,<\/strong><\/li>\n<li>Accompagner l\u2019acc\u00e8s \u00e0\u00a0<strong>l\u2019enseignement sup\u00e9rieur, la formation et l&rsquo;insertion tout au long de la vie.<\/strong><\/li>\n<\/ul>\n<p>Faire acc\u00e9der tous les Franciliens \u00e0 l&rsquo;enseignement sup\u00e9rieur<\/p>\n<p>Pour promouvoir l&rsquo;\u00e9galit\u00e9 des chances, la r\u00e9ussite de tous et relancer l&rsquo;ascenseur social, la R\u00e9gion donne une seconde chance \u00e0 celles et ceux qui n\u2019ont pas obtenu leur bac du fait d\u2019un \u00e9v\u00e9nement de la vie ou de conditions particuli\u00e8rement difficiles ayant stopp\u00e9 la poursuite de leurs \u00e9tudes. Elle a cr\u00e9\u00e9 une aide de 1.000 euros passer le dipl\u00f4me d\u2019acc\u00e8s aux \u00e9tudes universitaires (DAEU).\u00a02.986 personnes en ont b\u00e9n\u00e9fici\u00e9 depuis 2016.<\/p>\n<p>Elle soutient aussi le dispositif des <a href=\"https:\/\/www.cordeesdelareussite.fr\/\" target=\"_blank\" rel=\"noopener nofollow\">Cord\u00e9es de la r\u00e9ussite<\/a> qui repose sur des partenariats entre \u00e9tablissements d&rsquo;enseignement sup\u00e9rieur et lyc\u00e9es de quartiers prioritaires pour accompagner les \u00e9l\u00e8ves motiv\u00e9s \u00e0 acc\u00e9der aux \u00e9tudes sup\u00e9rieures. 23 nouvelles cord\u00e9es sont soutenues en 2018 pour un montant de pr\u00e8s de 700.000 euros\u00a0et s&rsquo;ajoutent aux 16 d\u00e9j\u00e0 existantes.<\/p>\n<p>Elle favorise \u00e9galement la mobilit\u00e9 internationale des \u00e9tudiants \u00e0 travers les bourses Mobilit\u00e9. Plus de 2.000 \u00e9tudiants b\u00e9n\u00e9ficient de cet accompagnement en 2018 pour un montant global de plus de 3 millions d&rsquo;euros.<\/p>\n<p>Encourager les initiatives et diffuser la science<\/p>\n<p>Dans le cadre de la \u00ab Smart Region \u00bb, elle soutient l&rsquo;entreprenariat \u00e9tudiant notamment \u00e0 travers les programmes PEPITE Start&rsquo;up et Tremplin PEPITE \u00cele-de-France qui ont permis d&rsquo;accompagner 129 projets impliquant 300 \u00e9tudiants depuis 2016.<\/p>\n<p>Enfin elle \u0153uvre la diffusion de la Culture scientifique technique et industrielle (CSTI) aupr\u00e8s de tous les Franciliens en soutenant des manifestations et projets tels que la F\u00eate de la Science ou le <a href=\"https:\/\/pariscience.fr\/\" target=\"_blank\" rel=\"noopener nofollow\">festival Parisciences<\/a>.<\/p>\n","protected":false},"excerpt":{"rendered":"Procurer aux \u00e9tudiants et chercheurs des lieux de travail confortables et largement accessibles est une priorit\u00e9 de la&hellip;\n","protected":false},"author":2,"featured_media":374627,"comment_status":"","ping_status":"","sticky":false,"template":"","format":"standard","meta":{"footnotes":""},"categories":[1592],"tags":[1111,11,1777,674,1011,27,662,12,626,25],"class_list":{"0":"post-374626","1":"post","2":"type-post","3":"status-publish","4":"format-standard","5":"has-post-thumbnail","7":"category-ile-de-france","8":"tag-actu","9":"tag-actualites","10":"tag-eu","11":"tag-europe","12":"tag-fr","13":"tag-france","14":"tag-ile-de-france","15":"tag-news","16":"tag-paris","17":"tag-republique-francaise"},"share_on_mastodon":{"url":"https:\/\/pubeurope.com\/@fr\/115167296448624800","error":""},"_links":{"self":[{"href":"https:\/\/www.europesays.com\/fr\/wp-json\/wp\/v2\/posts\/374626","targetHints":{"allow":["GET"]}}],"collection":[{"href":"https:\/\/www.europesays.com\/fr\/wp-json\/wp\/v2\/posts"}],"about":[{"href":"https:\/\/www.europesays.com\/fr\/wp-json\/wp\/v2\/types\/post"}],"author":[{"embeddable":true,"href":"https:\/\/www.europesays.com\/fr\/wp-json\/wp\/v2\/users\/2"}],"replies":[{"embeddable":true,"href":"https:\/\/www.europesays.com\/fr\/wp-json\/wp\/v2\/comments?post=374626"}],"version-history":[{"count":0,"href":"https:\/\/www.europesays.com\/fr\/wp-json\/wp\/v2\/posts\/374626\/revisions"}],"wp:featuredmedia":[{"embeddable":true,"href":"https:\/\/www.europesays.com\/fr\/wp-json\/wp\/v2\/media\/374627"}],"wp:attachment":[{"href":"https:\/\/www.europesays.com\/fr\/wp-json\/wp\/v2\/media?parent=374626"}],"wp:term":[{"taxonomy":"category","embeddable":true,"href":"https:\/\/www.europesays.com\/fr\/wp-json\/wp\/v2\/categories?post=374626"},{"taxonomy":"post_tag","embeddable":true,"href":"https:\/\/www.europesays.com\/fr\/wp-json\/wp\/v2\/tags?post=374626"}],"curies":[{"name":"wp","href":"https:\/\/api.w.org\/{rel}","templated":true}]}}