{"id":374628,"date":"2025-09-08T06:37:12","date_gmt":"2025-09-08T06:37:12","guid":{"rendered":"https:\/\/www.europesays.com\/fr\/374628\/"},"modified":"2025-09-08T06:37:12","modified_gmt":"2025-09-08T06:37:12","slug":"direct-francois-bayrou-affronte-un-vote-de-confiance-a-lassemblee-nationale-la-chute-du-gouvernement-parait-ineluctable","status":"publish","type":"post","link":"https:\/\/www.europesays.com\/fr\/374628\/","title":{"rendered":"DIRECT. Fran\u00e7ois Bayrou affronte un vote de confiance \u00e0 l&rsquo;Assembl\u00e9e nationale, la chute du gouvernement para\u00eet in\u00e9luctable"},"content":{"rendered":"<p>C&rsquo;est le grand jour pour Fran\u00e7ois Bayrou. Le Premier ministre a fait le choix de mettre son poste en jeu, lundi 8 septembre,\u00a0<a href=\"https:\/\/www.franceinfo.fr\/economie\/budget\/francois-bayrou-va-demander-la-confiance-de-l-assemblee-nationale-le-8-septembre_7454134.html\" rel=\"nofollow noopener\" target=\"_blank\">en sollicitant un vote de confiance<\/a>\u00a0des d\u00e9put\u00e9s sur la question du d\u00e9ficit public et de l&rsquo;effort budg\u00e9taire \u00e0 fournir pour le r\u00e9sorber. Faute de majorit\u00e9, ce vote pourrait entra\u00eener l<a href=\"https:\/\/www.franceinfo.fr\/politique\/francois-bayrou\/il-a-5-de-chances-de-s-en-sortir-comment-francois-bayrou-tente-de-dejouer-les-pronostics-sur-le-vote-de-confiance-du-8-septembre_7459408.html\" rel=\"nofollow noopener\" target=\"_blank\">a chute de Fran\u00e7ois Bayrou et de son gouvernement<\/a>, ouvrant la voie \u00e0 une nouvelle crise politique en France. Cette journ\u00e9e cruciale est \u00e0 suivre sur notre site, \u00e0 la radio et sur la cha\u00eene franceinfo d\u00e8s le d\u00e9but d&rsquo;apr\u00e8s-midi. Des reportages, des d\u00e9cryptages et des analyses permettront de saisir les multiples enjeux de ce vote de confiance. Suivez notre direct.<\/p>\n<p class=\"c-body__bullet\"><strong> Fran\u00e7ois Bayrou prononce son discours \u00e0 15 heures. <\/strong>Comme le pr\u00e9voit\u00a0<a href=\"https:\/\/www.legifrance.gouv.fr\/loda\/article_lc\/LEGIARTI000019241062\/2019-07-01\" rel=\"nofollow noopener\" target=\"_blank\">l&rsquo;article 49 alin\u00e9a 1 de la Constitution<\/a>, Fran\u00e7ois Bayrou engagera la responsabilit\u00e9 du gouvernement sur une d\u00e9claration de politique g\u00e9n\u00e9rale devant l&rsquo;Assembl\u00e9e nationale. Il s&rsquo;exprimera \u00e0 15 heures, tandis que la ministre de l&rsquo;Education, Elisabeth Borne, lira son discours devant le S\u00e9nat. Le vote est attendu aux alentours de 19 heures.<\/p>\n<p class=\"c-body__bullet\"><strong> Le Premier ministre fustige l&rsquo;attitude des oppositions. <\/strong>Fran\u00e7ois Bayrou a d\u00e9plor\u00e9 l&rsquo;attitude des diff\u00e9rentes forces politiques fran\u00e7aises,\u00a0\u00ab\u00a0en guerre civile les unes avec les autres\u00a0\u00bb, mais qui vont s&rsquo;allier pour\u00a0\u00ab\u00a0abattre le gouvernement\u00a0\u00bb, lors d&rsquo;une interview au m\u00e9dia en ligne Brut, au terme d&rsquo;une semaine o\u00f9 il a multipli\u00e9 les interventions m\u00e9diatiques. Fran\u00e7ois Bayrou a aussi dit qu&rsquo;il n&rsquo;avait\u00a0\u00ab\u00a0aucun regret\u00a0\u00bb, semblant acter sa chute.<\/p>\n<p class=\"c-body__bullet\"><strong> La gauche et l&rsquo;extr\u00eame droite vont voter contre. <\/strong>L&rsquo;issue du vote ne fait gu\u00e8re de doute puisque les oppositions ont pr\u00e9venu qu&rsquo;elles ne soutiendraient pas le Premier ministre. Les R\u00e9publicains sont quant \u00e0 eux divis\u00e9s sur la strat\u00e9gie \u00e0 adopter. \u00ab\u00a0Les d\u00e9put\u00e9s LR auront une libert\u00e9 de vote\u00a0\u00bb, a assur\u00e9 Laurent Wauquiez, leur chef de file \u00e0 l&rsquo;Assembl\u00e9e nationale. Interrog\u00e9 sur le positionnement des d\u00e9put\u00e9s de son groupe, l&rsquo;\u00e9lu de Haute-Loire a estim\u00e9 que cela allait\u00a0\u00ab\u00a0se partager en moiti\u00e9-moiti\u00e9, \u00e0 peu pr\u00e8s\u00a0\u00bb.<\/p>\n","protected":false},"excerpt":{"rendered":"C&rsquo;est le grand jour pour Fran\u00e7ois Bayrou. Le Premier ministre a fait le choix de mettre son poste&hellip;\n","protected":false},"author":2,"featured_media":374629,"comment_status":"","ping_status":"","sticky":false,"template":"","format":"standard","meta":{"footnotes":""},"categories":[1888],"tags":[1111,1928,11,1927,1777,674,1011,27,12,1926,626,1925,25],"class_list":{"0":"post-374628","1":"post","2":"type-post","3":"status-publish","4":"format-standard","5":"has-post-thumbnail","7":"category-paris","8":"tag-actu","9":"tag-actu-paris","10":"tag-actualites","11":"tag-actualites-paris","12":"tag-eu","13":"tag-europe","14":"tag-fr","15":"tag-france","16":"tag-news","17":"tag-news-paris","18":"tag-paris","19":"tag-paris-news","20":"tag-republique-francaise"},"share_on_mastodon":{"url":"https:\/\/pubeurope.com\/@fr\/115167300420064919","error":""},"_links":{"self":[{"href":"https:\/\/www.europesays.com\/fr\/wp-json\/wp\/v2\/posts\/374628","targetHints":{"allow":["GET"]}}],"collection":[{"href":"https:\/\/www.europesays.com\/fr\/wp-json\/wp\/v2\/posts"}],"about":[{"href":"https:\/\/www.europesays.com\/fr\/wp-json\/wp\/v2\/types\/post"}],"author":[{"embeddable":true,"href":"https:\/\/www.europesays.com\/fr\/wp-json\/wp\/v2\/users\/2"}],"replies":[{"embeddable":true,"href":"https:\/\/www.europesays.com\/fr\/wp-json\/wp\/v2\/comments?post=374628"}],"version-history":[{"count":0,"href":"https:\/\/www.europesays.com\/fr\/wp-json\/wp\/v2\/posts\/374628\/revisions"}],"wp:featuredmedia":[{"embeddable":true,"href":"https:\/\/www.europesays.com\/fr\/wp-json\/wp\/v2\/media\/374629"}],"wp:attachment":[{"href":"https:\/\/www.europesays.com\/fr\/wp-json\/wp\/v2\/media?parent=374628"}],"wp:term":[{"taxonomy":"category","embeddable":true,"href":"https:\/\/www.europesays.com\/fr\/wp-json\/wp\/v2\/categories?post=374628"},{"taxonomy":"post_tag","embeddable":true,"href":"https:\/\/www.europesays.com\/fr\/wp-json\/wp\/v2\/tags?post=374628"}],"curies":[{"name":"wp","href":"https:\/\/api.w.org\/{rel}","templated":true}]}}