{"id":374630,"date":"2025-09-08T06:38:39","date_gmt":"2025-09-08T06:38:39","guid":{"rendered":"https:\/\/www.europesays.com\/fr\/374630\/"},"modified":"2025-09-08T06:38:39","modified_gmt":"2025-09-08T06:38:39","slug":"diffusion-ufc-paris-quelles-sont-les-heures-des-combats","status":"publish","type":"post","link":"https:\/\/www.europesays.com\/fr\/374630\/","title":{"rendered":"Diffusion UFC Paris : quelles sont les heures des combats ?"},"content":{"rendered":"<p class=\"paragraph text_align_left lp-f-body-02\">Ce week-end, l\u2019UFC a convi\u00e9 les plus grands combattants pour une affiche exceptionnelle. En main event, on assiste au choc entre Nassourdine Imavov et Caio Borralho. \u00c0 l\u2019heure actuelle, le Fran\u00e7ais occupe la seconde place du classement des poids moyens. Face au num\u00e9ro sept de la division, le pr\u00e9tendant au sacre va tout faire pour enregistrer une dix-septi\u00e8me victoire de rang, et d\u00e9crocher un combat pour le titre. En co-main event, Beno\u00eet Saint-Denis dispute son deuxi\u00e8me combat de l\u2019ann\u00e9e. Apr\u00e8s avoir subi deux d\u00e9faites contre Poirier et Moicano, celui que l\u2019on surnomme \u201cGod of War\u201d s\u2019est impos\u00e9 contre Prepolec, en mai dernier. Dans le reste de la carte, le combattant Bolaji Oki d\u00e9fie Mason Jones. Chez les poids mi-lourds, le Lituanien Modestas Bukauskas affronte l\u2019\u00c9cossais Paul Craig. Quant \u00e0 Patricio Pitbull, le num\u00e9ro onze des poids plumes n\u2019a pas d\u2019autre choix que de battre Losene Keita pour conserver une place dans le top 15. D\u00e9couvrez les horaires des <a href=\"https:\/\/www.awin1.com\/awclick.php?gid=448180&amp;mid=33125&amp;awinaffid=467845&amp;linkid=3823375&amp;clickref=\" rel=\"sponsored nofollow noopener\" target=\"_blank\">combats de l\u2019UFC Paris afin de les suivre en direct ce samedi soir<\/a>.<\/p>\n<p class=\"paragraph text_align_left lp-f-body-02\"><b>Offre limit\u00e9e sur l\u2019abonnement RMC SPORT 100% digital : <\/b><a href=\"https:\/\/www.awin1.com\/awclick.php?gid=448180&amp;mid=33125&amp;awinaffid=467845&amp;linkid=3823375&amp;clickref=\" rel=\"sponsored nofollow noopener\" target=\"_blank\"><b>9\u20ac\/mois pendant 12 mois avec un engagement d\u2019un an puis 19\u20ac\/mois <\/b><\/a><\/p>\n<p>Diffusion UFC Paris en direct : quels sont les horaires des combats ?<\/p>\n<p class=\"paragraph text_align_left lp-f-body-02\"><b>18h00 : D\u00e9but de la carte pr\u00e9liminaire<\/b><\/p>\n<ul class=\"margin_bottom_md fs_18_26 fs_20_28_ad blue-dot\">\n<li class=\"mb_150 pl_325\">Bannon (Irlande) vs Hughes (Irlande) -52kg<\/li>\n<li class=\"mb_150 pl_325\">Gustafsson (Su\u00e8de) vs Fakhretdinov (Russie) -77kg<\/li>\n<li class=\"mb_150 pl_325\">Tavares (USA) vs Bryczek (Pologne) -84kg<\/li>\n<li class=\"mb_150 pl_325\">Patterson (UK) vs Waters (USA) -77kg<\/li>\n<li class=\"mb_150 pl_325\">Hardwick (UK) vs Fernandes (Br\u00e9sil) -70kg<\/li>\n<li class=\"mb_150 pl_325\">Tybura (Pologne) vs Delija (Croatie) \u2013 Poids lourds<\/li>\n<li class=\"mb_150 pl_325\">Sy (France) vs Ribeiro (Br\u00e9sil) -93kg<\/li>\n<\/ul>\n<p class=\"paragraph text_align_left lp-f-body-02\"><b>20h30 : Suite de la carte pr\u00e9liminaire<\/b><\/p>\n<ul class=\"margin_bottom_md fs_18_26 fs_20_28_ad blue-dot\">\n<li class=\"mb_150 pl_325\">Gomis (France) vs Ruchala (Pologne) -68kg<\/li>\n<li class=\"mb_150 pl_325\">[ANNULE] Pitbull (Br\u00e9sil) vs Keita (Belgique) -66kg <\/li>\n<li class=\"mb_150 pl_325\">McKee (UK) vs Sola (France) -77kg<\/li>\n<li class=\"mb_150 pl_325\">Oki (France) vs Jones (Pays de Galles) -70kg<\/li>\n<\/ul>\n<p class=\"paragraph text_align_left lp-f-body-02\"><b>22h30 : D\u00e9but de la carte principale<\/b><\/p>\n<ul class=\"margin_bottom_md fs_18_26 fs_20_28_ad blue-dot\">\n<li class=\"mb_150 pl_325\">Bukauskas (Lituanie) vs Craig (\u00c9cosse) -93kg<\/li>\n<li class=\"mb_150 pl_325\">Saint Denis (France) vs Ruffy (Br\u00e9sil) -70kg<\/li>\n<li class=\"mb_150 pl_325\">Imavov (France) vs Borralho (Br\u00e9sil) -84kg <\/li>\n<\/ul>\n<p>Sur quelles cha\u00eenes regarder les combats ?<\/p>\n<p class=\"paragraph text_align_left lp-f-body-02\">Les 7 premiers combats de l\u2019UFC Paris seront diffus\u00e9s gratuitement et en direct sur la cha\u00eene Twitch de RMC Sport \u00e0 partir de 18h. Les autres combats de l\u2019UFC Paris seront ensuite diffus\u00e9s <a href=\"https:\/\/www.awin1.com\/awclick.php?gid=448180&amp;mid=33125&amp;awinaffid=467845&amp;linkid=3823375&amp;clickref=\" rel=\"sponsored nofollow noopener\" target=\"_blank\">en direct sur la cha\u00eene RMC SPORT 1<\/a>. \u00c0 noter que les 3 derniers combats de la carte principale seront \u00e9galement diffus\u00e9s gratuitement sur la cha\u00eene RMC D\u00e9couverte (CANAL 24), \u00e0 partir de 22h30. Les rencontres sont pr\u00e9vues \u00e0 partir de 20h30, \u00e0 l\u2019Accor Arena de Paris. Les commentateurs vous plongent au c\u0153ur des coulisses et font le point sur les derni\u00e8res actualit\u00e9s de la comp\u00e9tition. Ils d\u00e9cryptent ensuite les performances des combattants, analysent les r\u00e9sultats et reviennent sur les temps forts de la soir\u00e9e \u00e9v\u00e9nement.<\/p>\n<p class=\"paragraph text_align_left lp-f-body-02\"><b>Cliquez ici pour <\/b><a href=\"https:\/\/www.awin1.com\/awclick.php?gid=448180&amp;mid=33125&amp;awinaffid=467845&amp;linkid=3823375&amp;clickref=\" target=\"_blank\" rel=\"sponsored nofollow noopener\"><b>regarder les combats de l\u2019UFC Paris<\/b><\/a><\/p>\n","protected":false},"excerpt":{"rendered":"Ce week-end, l\u2019UFC a convi\u00e9 les plus grands combattants pour une affiche exceptionnelle. En main event, on assiste&hellip;\n","protected":false},"author":2,"featured_media":374631,"comment_status":"","ping_status":"","sticky":false,"template":"","format":"standard","meta":{"footnotes":""},"categories":[1888],"tags":[1111,1928,11,1927,50875,1777,674,1011,27,749,12,1926,626,1925,25,6718],"class_list":{"0":"post-374630","1":"post","2":"type-post","3":"status-publish","4":"format-standard","5":"has-post-thumbnail","7":"category-paris","8":"tag-actu","9":"tag-actu-paris","10":"tag-actualites","11":"tag-actualites-paris","12":"tag-diffusion-ufc-paris","13":"tag-eu","14":"tag-europe","15":"tag-fr","16":"tag-france","17":"tag-guide-shopping","18":"tag-news","19":"tag-news-paris","20":"tag-paris","21":"tag-paris-news","22":"tag-republique-francaise","23":"tag-tv-streaming"},"share_on_mastodon":{"url":"https:\/\/pubeurope.com\/@fr\/115167304285978920","error":""},"_links":{"self":[{"href":"https:\/\/www.europesays.com\/fr\/wp-json\/wp\/v2\/posts\/374630","targetHints":{"allow":["GET"]}}],"collection":[{"href":"https:\/\/www.europesays.com\/fr\/wp-json\/wp\/v2\/posts"}],"about":[{"href":"https:\/\/www.europesays.com\/fr\/wp-json\/wp\/v2\/types\/post"}],"author":[{"embeddable":true,"href":"https:\/\/www.europesays.com\/fr\/wp-json\/wp\/v2\/users\/2"}],"replies":[{"embeddable":true,"href":"https:\/\/www.europesays.com\/fr\/wp-json\/wp\/v2\/comments?post=374630"}],"version-history":[{"count":0,"href":"https:\/\/www.europesays.com\/fr\/wp-json\/wp\/v2\/posts\/374630\/revisions"}],"wp:featuredmedia":[{"embeddable":true,"href":"https:\/\/www.europesays.com\/fr\/wp-json\/wp\/v2\/media\/374631"}],"wp:attachment":[{"href":"https:\/\/www.europesays.com\/fr\/wp-json\/wp\/v2\/media?parent=374630"}],"wp:term":[{"taxonomy":"category","embeddable":true,"href":"https:\/\/www.europesays.com\/fr\/wp-json\/wp\/v2\/categories?post=374630"},{"taxonomy":"post_tag","embeddable":true,"href":"https:\/\/www.europesays.com\/fr\/wp-json\/wp\/v2\/tags?post=374630"}],"curies":[{"name":"wp","href":"https:\/\/api.w.org\/{rel}","templated":true}]}}